{"id":82286,"date":"2024-12-25T00:55:45","date_gmt":"2024-12-25T00:55:45","guid":{"rendered":"https:\/\/tvbrazilusa.com\/2024\/12\/25\/apos-a-manutencao-da-prisao-defesa-de-silveira-acusa-de-tortura\/"},"modified":"2024-12-25T00:55:47","modified_gmt":"2024-12-25T00:55:47","slug":"apos-a-manutencao-da-prisao-defesa-de-silveira-acusa-de-tortura","status":"publish","type":"post","link":"https:\/\/tvbrazilusa.com\/pt\/2024\/12\/25\/apos-a-manutencao-da-prisao-defesa-de-silveira-acusa-de-tortura\/","title":{"rendered":"Ap\u00f3s a manuten\u00e7\u00e3o da pris\u00e3o, defesa de Silveira acusa de &#8216;tortura&#8217;"},"content":{"rendered":"<p> <script async src=\"https:\/\/pagead2.googlesyndication.com\/pagead\/js\/adsbygoogle.js?client=ca-pub-8864793242727901\"\r\n     crossorigin=\"anonymous\"><\/script><br \/>\n<\/p>\n<div id=\"taboola-read-more\" style=\"display:block; width:100%\">\n<p>Depois de o ministro do Supremo Tribunal Federal (STF) Alexandre de Moraes ter mantido a pris\u00e3o de Daniel Silveira, a defesa do ex-deputado classificou a a\u00e7\u00e3o como \u201ctortura, medida desproporcional, arbitr\u00e1ria, ilegal e irracional\u201d.\n<\/p>\n<p>Silveira foi preso novamente na madrugada desta v\u00e9spera de Natal, quatro dias ap\u00f3s ter sido colocado em liberdade condicional, por ter descumprido toque de recolher.<\/p>\n<p>No \u00faltimo s\u00e1bado (21\/12), ele teria deixado o hospital em Petr\u00f3polis, no Rio de Janeiro, ap\u00f3s a meia-noite e chegado \u00e0 sua resid\u00eancia apenas \u00e0s 2h10, ultrapassando em mais de quatro horas o hor\u00e1rio limite estipulado.\n<\/p>\n<p>A defesa disse, ainda, que \u201cn\u00e3o se furtar\u00e1 em denunciar o Estado brasileiro \u00e0s autoridades internacionais, pela inequ\u00edvoca pr\u00e1tica da TORTURA, que est\u00e1 a todo vapor, e vem sendo implementada pelo ESTADO DE EXCE\u00c7\u00c3O capitaneado pelo Ministro do STF Alexandre de Mores\u201d.\n<\/p>\n<p>Moraes decidiu manter a pris\u00e3o ap\u00f3s audi\u00eancia de cust\u00f3dia realizada nesta ter\u00e7a-feira (24\/12), \u00e0s 11h, na presen\u00e7a do advogado Paulo Cesar de Faria e da esposa de Silveira, Paola da Silva Daniel.\n<\/p>\n<p>O ex-deputado foi condenado a 8 anos e 9 meses de pris\u00e3o pelo crime de amea\u00e7a ao Estado Democr\u00e1tico de Direito e coa\u00e7\u00e3o no curso do processo. Silveira j\u00e1 havia recebido do STF o direito de progredir para o regime semiaberto, que estava sendo cumprido em uma col\u00f4nia agr\u00edcola.\n<\/p>\n<p>O que aconteceu<br \/>Segundo relat\u00f3rio, Silveira deixou sua resid\u00eancia \u00e0s 20h52 do dia 21\/12 e se dirigiu ao endere\u00e7o localizado no Condom\u00ednio Granja Santa L\u00facia, onde permaneceu at\u00e9 as 21h30. S\u00f3 ent\u00e3o dirigiu-se ao Hospital Santa Tereza, tendo permanecido nas depend\u00eancias do hospital durante o per\u00edodo das 22h16 do dia 21 at\u00e9 as 00h44 do dia 22.\n<\/p>\n<p>Consta ainda que, saindo do hospital, Daniel Silveira dirigiu-se novamente ao Condom\u00ednio Granja Santa L\u00facia, tendo permanecido naquele local at\u00e9 as 01h54 do dia 22, quando retornou \u00e0 sua resid\u00eancia, chegando no hor\u00e1rio das 2h16 daquele dia.\n<\/p>\n<p>O ex-deputado federal Daniel Silveira disse que parou em um condom\u00ednio em Petr\u00f3polis (RJ) antes e depois de ir ao Hospital Santa Teresa, no \u00faltimo s\u00e1bado (21\/12), para buscar e deixar a esposa.\n<\/p>\n<p>Ao manter a pris\u00e3o de Silveira, nesta ter\u00e7a, Moraes disse que a vers\u00e3o do ex-deputado \u00e9 \u201cmentirosa\u201d e justificou que a ida ao hospital serviu como \u201cverdadeiro \u00e1libi para o flagrante desrespeito \u00e0s condi\u00e7\u00f5es judiciais obrigat\u00f3rias para a manuten\u00e7\u00e3o de seu livramento\u201d.\n<\/p>\n<p>Moraes ainda determinou \u201co imediato retorno\u201d do cumprimento do restante da pena privativa de liberdade em regime fechado, em Bangu 8.\n<\/p>\n<p>Hist\u00f3rico de confrontos com a Justi\u00e7a<br \/>A pris\u00e3o desta semana \u00e9 mais um cap\u00edtulo na conturbada rela\u00e7\u00e3o de Daniel Silveira com o Poder Judici\u00e1rio. Ap\u00f3s ser condenado pelo STF, em abril de 2022, o ent\u00e3o presidente Jair Bolsonaro (PL) concedeu um indulto presidencial ao ex-deputado, decis\u00e3o posteriormente anulada pelo Supremo, sob a justificativa de desvio de finalidade.\n<\/p>\n<p>Ap\u00f3s o fim de seu mandato parlamentar, Silveira foi preso novamente em fevereiro de 2023 por desobedecer \u00e0s regras da pris\u00e3o domiciliar e realizar novos ataques \u00e0 Corte Suprema. Com a anula\u00e7\u00e3o do indulto, sua pena original foi restabelecida, e ele voltou a cumprir regime fechado.\n<\/p>\n<p>Progress\u00e3o de regime e reca\u00edda<br \/>Em outubro deste ano, Silveira teve sua pena progressa para o regime semiaberto, ap\u00f3s um relat\u00f3rio da Secretaria de Administra\u00e7\u00e3o Penitenci\u00e1ria (Seap) apontar bom comportamento e cumprimento de parte da condena\u00e7\u00e3o.\n<\/p>\n<p>A decis\u00e3o de Moraes foi baseada em laudos psicol\u00f3gicos que indicaram reconhecimento de seus erros e aus\u00eancia de agressividade durante o tempo na pris\u00e3o.\n<\/p>\n<p>No entanto, em liberdade condicional por apenas quatro dias, o ex-deputado voltou a infringir as regras impostas. Para o ministro Alexandre de Moraes, as repetidas viola\u00e7\u00f5es demonstram a necessidade de manter Silveira preso para garantir o cumprimento da lei.\n<\/p>\n<p>Fonte: Metr\u00f3poles              <\/p>\n<\/div>\n<p><br \/>\n<br \/><a href=\"https:\/\/diariodobrasilnoticias.com.br\/noticia\/apos-a-manutencao-da-prisao-defesa-de-silveira-acusa-de-tortura-676b203594030\">Source link <\/a><\/p>","protected":false},"excerpt":{"rendered":"<p>Depois de o ministro do Supremo Tribunal Federal (STF) Alexandre de Moraes ter mantido a pris\u00e3o de Daniel Silveira, a defesa do ex-deputado classificou a a\u00e7\u00e3o como \u201ctortura, medida desproporcional,&hellip;<\/p>","protected":false},"author":1,"featured_media":82287,"comment_status":"closed","ping_status":"open","sticky":false,"template":"","format":"standard","meta":{"content-type":"","footnotes":""},"categories":[16],"tags":[123,2448,5313,1267],"class_list":["post-82286","post","type-post","status-publish","format-standard","has-post-thumbnail","hentry","category-noticias","tag-brasil","tag-diario","tag-noticia","tag-noticias"],"_links":{"self":[{"href":"https:\/\/tvbrazilusa.com\/pt\/wp-json\/wp\/v2\/posts\/82286","targetHints":{"allow":["GET"]}}],"collection":[{"href":"https:\/\/tvbrazilusa.com\/pt\/wp-json\/wp\/v2\/posts"}],"about":[{"href":"https:\/\/tvbrazilusa.com\/pt\/wp-json\/wp\/v2\/types\/post"}],"author":[{"embeddable":true,"href":"https:\/\/tvbrazilusa.com\/pt\/wp-json\/wp\/v2\/users\/1"}],"replies":[{"embeddable":true,"href":"https:\/\/tvbrazilusa.com\/pt\/wp-json\/wp\/v2\/comments?post=82286"}],"version-history":[{"count":1,"href":"https:\/\/tvbrazilusa.com\/pt\/wp-json\/wp\/v2\/posts\/82286\/revisions"}],"predecessor-version":[{"id":82288,"href":"https:\/\/tvbrazilusa.com\/pt\/wp-json\/wp\/v2\/posts\/82286\/revisions\/82288"}],"wp:featuredmedia":[{"embeddable":true,"href":"https:\/\/tvbrazilusa.com\/pt\/wp-json\/wp\/v2\/media\/82287"}],"wp:attachment":[{"href":"https:\/\/tvbrazilusa.com\/pt\/wp-json\/wp\/v2\/media?parent=82286"}],"wp:term":[{"taxonomy":"category","embeddable":true,"href":"https:\/\/tvbrazilusa.com\/pt\/wp-json\/wp\/v2\/categories?post=82286"},{"taxonomy":"post_tag","embeddable":true,"href":"https:\/\/tvbrazilusa.com\/pt\/wp-json\/wp\/v2\/tags?post=82286"}],"curies":[{"name":"wp","href":"https:\/\/api.w.org\/{rel}","templated":true}]}}