{"id":82294,"date":"2024-12-25T01:22:20","date_gmt":"2024-12-25T01:22:20","guid":{"rendered":"https:\/\/tvbrazilusa.com\/2024\/12\/25\/bombeiros-localizam-o-corpo-do-motorista-de-carreta-que-caiu-da-ponte\/"},"modified":"2024-12-25T01:22:21","modified_gmt":"2024-12-25T01:22:21","slug":"bombeiros-localizam-o-corpo-do-motorista-de-carreta-que-caiu-da-ponte","status":"publish","type":"post","link":"https:\/\/tvbrazilusa.com\/pt\/2024\/12\/25\/bombeiros-localizam-o-corpo-do-motorista-de-carreta-que-caiu-da-ponte\/","title":{"rendered":"Bombeiros localizam o corpo do motorista de carreta que caiu da ponte"},"content":{"rendered":"<p> <script async src=\"https:\/\/pagead2.googlesyndication.com\/pagead\/js\/adsbygoogle.js?client=ca-pub-8864793242727901\"\r\n     crossorigin=\"anonymous\"><\/script><br \/>\n<\/p>\n<div id=\"taboola-read-more\" style=\"display:block; width:100%\">\n<p>O corpo de Andr\u00e9ia Maria de Sousa, de 45 anos, motorista de uma das carretas envolvidas no desabamento da ponte Juscelino Kubitscheck de Oliveira, foi encontrado pelos bombeiros nesta ter\u00e7a-feira (24\/12). Al\u00e9m da caminhoneira, outras tr\u00eas v\u00edtimas fatais foram confirmadas at\u00e9 o momento, e 13 pessoas permanecem desaparecidas.\n<\/p>\n<p>Andr\u00e9ia transportava toneladas de \u00e1cido sulf\u00farico quando o v\u00e3o central da ponte, que liga as cidades de Aguiarn\u00f3polis (TO) e Estreito (MA), cedeu no \u00faltimo domingo (22\/12).<\/p>\n<p>O acidente resultou na queda de v\u00e1rios ve\u00edculos no Rio Tocantins, incluindo quatro caminh\u00f5es. Al\u00e9m do ve\u00edculo de Andr\u00e9ia, carregado com 76 toneladas de \u00e1cido sulf\u00farico, outro caminh\u00e3o transportava 22 mil litros de defensivos agr\u00edcolas, enquanto o terceiro levava MDF. O car\u00e1ter t\u00f3xico e corrosivo das cargas atrasou as buscas submersas, que s\u00f3 puderam ser retomadas na segunda-feira (23\/12).\n<\/p>\n<p>Estrutura da ponte e investiga\u00e7\u00f5es<br \/>A ponte Juscelino Kubitscheck de Oliveira, inaugurada em 1960, j\u00e1 apresentava sinais de deteriora\u00e7\u00e3o. Relat\u00f3rios do Departamento Nacional de Infraestrutura de Transportes (Dnit) indicavam que a estrutura estava em estado \u201cruim\u201d de conserva\u00e7\u00e3o, com nota 2 no \u00cdndice de Condi\u00e7\u00e3o de Manuten\u00e7\u00e3o \u2013 numa escala de 1 a 5, sendo 1 o pior estado.\n<\/p>\n<p>Den\u00fancias sobre rachaduras na estrutura j\u00e1 haviam sido feitas por pol\u00edticos locais, mas o v\u00e3o central acabou cedendo antes que medidas preventivas fossem tomadas. A causa oficial do desabamento ser\u00e1 investigada.\n<\/p>\n<p>Reconstru\u00e7\u00e3o e estado de emerg\u00eancia<br \/>Diante da trag\u00e9dia, o Ministro dos Transportes, Renan Filho, decretou estado de emerg\u00eancia e anunciou um investimento de mais de R$ 100 milh\u00f5es para a reconstru\u00e7\u00e3o imediata da ponte. Durante coletiva de imprensa, o ministro enfatizou a urg\u00eancia de reestabelecer a liga\u00e7\u00e3o entre os estados, fundamental para o transporte de cargas e o tr\u00e1fego local.\n<\/p>\n<p>Enquanto isso, as equipes de resgate seguem trabalhando no local, enfrentando desafios impostos pelas condi\u00e7\u00f5es da carga e da estrutura submersa.\n<\/p>\n<p>Fonte: Metr\u00f3poles              <\/p>\n<\/div>\n<p><br \/>\n<br \/><a href=\"https:\/\/diariodobrasilnoticias.com.br\/noticia\/bombeiros-localizam-o-corpo-do-motorista-de-carreta-que-caiu-da-ponte-676b1fbf0086f\">Source link <\/a><\/p>","protected":false},"excerpt":{"rendered":"<p>O corpo de Andr\u00e9ia Maria de Sousa, de 45 anos, motorista de uma das carretas envolvidas no desabamento da ponte Juscelino Kubitscheck de Oliveira, foi encontrado pelos bombeiros nesta ter\u00e7a-feira&hellip;<\/p>","protected":false},"author":1,"featured_media":82295,"comment_status":"closed","ping_status":"open","sticky":false,"template":"","format":"standard","meta":{"content-type":"","footnotes":""},"categories":[16],"tags":[123,2448,5313,1267],"class_list":["post-82294","post","type-post","status-publish","format-standard","has-post-thumbnail","hentry","category-noticias","tag-brasil","tag-diario","tag-noticia","tag-noticias"],"_links":{"self":[{"href":"https:\/\/tvbrazilusa.com\/pt\/wp-json\/wp\/v2\/posts\/82294","targetHints":{"allow":["GET"]}}],"collection":[{"href":"https:\/\/tvbrazilusa.com\/pt\/wp-json\/wp\/v2\/posts"}],"about":[{"href":"https:\/\/tvbrazilusa.com\/pt\/wp-json\/wp\/v2\/types\/post"}],"author":[{"embeddable":true,"href":"https:\/\/tvbrazilusa.com\/pt\/wp-json\/wp\/v2\/users\/1"}],"replies":[{"embeddable":true,"href":"https:\/\/tvbrazilusa.com\/pt\/wp-json\/wp\/v2\/comments?post=82294"}],"version-history":[{"count":1,"href":"https:\/\/tvbrazilusa.com\/pt\/wp-json\/wp\/v2\/posts\/82294\/revisions"}],"predecessor-version":[{"id":82296,"href":"https:\/\/tvbrazilusa.com\/pt\/wp-json\/wp\/v2\/posts\/82294\/revisions\/82296"}],"wp:featuredmedia":[{"embeddable":true,"href":"https:\/\/tvbrazilusa.com\/pt\/wp-json\/wp\/v2\/media\/82295"}],"wp:attachment":[{"href":"https:\/\/tvbrazilusa.com\/pt\/wp-json\/wp\/v2\/media?parent=82294"}],"wp:term":[{"taxonomy":"category","embeddable":true,"href":"https:\/\/tvbrazilusa.com\/pt\/wp-json\/wp\/v2\/categories?post=82294"},{"taxonomy":"post_tag","embeddable":true,"href":"https:\/\/tvbrazilusa.com\/pt\/wp-json\/wp\/v2\/tags?post=82294"}],"curies":[{"name":"wp","href":"https:\/\/api.w.org\/{rel}","templated":true}]}}