{"id":82302,"date":"2024-12-25T01:34:28","date_gmt":"2024-12-25T01:34:28","guid":{"rendered":"https:\/\/tvbrazilusa.com\/2024\/12\/25\/defesa-solicita-que-moraes-reconsidere-a-decisao-e-libere-daniel-silveira\/"},"modified":"2024-12-25T01:34:29","modified_gmt":"2024-12-25T01:34:29","slug":"defesa-solicita-que-moraes-reconsidere-a-decisao-e-libere-daniel-silveira","status":"publish","type":"post","link":"https:\/\/tvbrazilusa.com\/pt\/2024\/12\/25\/defesa-solicita-que-moraes-reconsidere-a-decisao-e-libere-daniel-silveira\/","title":{"rendered":"Defesa solicita que Moraes reconsidere a decis\u00e3o e libere Daniel Silveira"},"content":{"rendered":"<p> <script async src=\"https:\/\/pagead2.googlesyndication.com\/pagead\/js\/adsbygoogle.js?client=ca-pub-8864793242727901\"\r\n     crossorigin=\"anonymous\"><\/script><br \/>\n<\/p>\n<div id=\"taboola-read-more\" style=\"display:block; width:100%\">\n<p>A defesa do ex-deputado Daniel Silveira (sem partido) entrou nesta 3\u00aa feira (24.dez.2024) com um pedido para que o ministro do STF Alexandre de Moraes reconsidere sua decis\u00e3o de prender novamente o ex-congressista e lhe conceda um alvar\u00e1 de soltura.\n<\/p>\n<p>Os advogados afirmam que Silveira teve uma crise renal e precisou ir \u00e0 emerg\u00eancia de um hospital na noite de s\u00e1bado (21.dez.2024) e, por isso, voltou para casa depois das 22h, descumprindo regras da liberdade condicional. Alegou que foi uma emerg\u00eancia m\u00e9dica.<\/p>\n<p>Silveira foi preso novamente nesta 3\u00aa feira (24.dez) por determina\u00e7\u00e3o de Moraes. Segundo o magistrado, o ex-congressista desrespeitou a condi\u00e7\u00e3o de permanecer em casa das 22h \u00e0s 6h.\n<\/p>\n<p>Na decis\u00e3o que determinou a nova pris\u00e3o, Moraes afirmou que \u201cestranhamente, na data de hoje, a defesa juntou peti\u00e7\u00e3o informando que o sentenciado \u2013SEM QUALQUER AUTORIZA\u00c7\u00c3O JUDICIAL\u2013 teria estado em um hospital, no dia 21\/12, das 22h59 \u00e0s 0:34 do dia 22\/12\u201d. Para Moraes, houve \u201ctotal desrespeito ao Poder Judici\u00e1rio e \u00e0 legisla\u00e7\u00e3o\u201d.\n<\/p>\n<p>Em audi\u00eancia de cust\u00f3dia realizada na manh\u00e3 desta 3\u00aa feira (24.dez.2024), o ministro manteve a pris\u00e3o de Silveira. .\n<\/p>\n<p>Moraes declara que Silveira \u201ct\u00e3o somente utilizou sua ida ao hospital como verdadeiro \u00e1libi para o flagrante desrespeito \u00e0s condi\u00e7\u00f5es judiciais obrigat\u00f3rias para manuten\u00e7\u00e3o de seu livramento\u201d.\n<\/p>\n<p>O QUE DIZ A DEFESA<br \/>Os advogados afirmam que a decis\u00e3o merece ser revista pelo \u201crespeito ao direito constitucional \u00e0 sa\u00fade, que \u00e9 uma GARANTIA E DIREITO FUNDAMENTAL\u201d.\n<\/p>\n<p>\u201cO requerente, exercendo o seu DIREITO CONSTITUCIONAL, p\u00e9treo, buscou, t\u00e3o somente, atendimento m\u00e9dico para cuidar de sua sa\u00fade, j\u00e1 fragilizada, e de conhecimento do ju\u00edzo\u201d, afirma a defesa.\n<\/p>\n<p>Os advogados afirmam que seria dif\u00edcil, durante o recesso forense, conseguir autoriza\u00e7\u00e3o depois das 22h de s\u00e1bado para que Silveira sa\u00edsse de casa para ir ao hospital. \u201cPortanto, prender uma pessoa por ter ido ao HOSPITAL, de EMERG\u00caNCIA, sem autoriza\u00e7\u00e3o do juiz, \u00e0s 22h20, \u00e9 um ato que n\u00e3o envolve o bom senso, tampouco a boa-f\u00e9, t\u00e3o cobrada de Daniel Silveira\u201d, dizem os advogados.\n<\/p>\n<p>Ao Poder360, os advogados de Silveira tamb\u00e9m disseram que j\u00e1 haviam informado em agosto deste ano sobre as condi\u00e7\u00f5es de sa\u00fade do ex-deputado e das crises renais.\n<\/p>\n<p>Al\u00e9m de pedir para que Moraes reconsidere sua decis\u00e3o sobre Silveira e tamb\u00e9m que seja expedido um alvar\u00e1 de soltura ao ex-deputado, os advogados tamb\u00e9m querem que seja disponibilizado \u00e0 defesa um n\u00famero direto de um funcion\u00e1rio ou do pr\u00f3prio ministro para que, em caso de nova emerg\u00eancia, possa pedir autoriza\u00e7\u00e3o para ir ao hospital.\n<\/p>\n<p>Fonte: Blog do BG              <\/p>\n<\/div>\n<p><br \/>\n<br \/><a href=\"https:\/\/diariodobrasilnoticias.com.br\/noticia\/defesa-solicita-que-moraes-reconsidere-a-decisao-e-libere-daniel-silveira-676b26f1c54e3\">Source link <\/a><\/p>","protected":false},"excerpt":{"rendered":"<p>A defesa do ex-deputado Daniel Silveira (sem partido) entrou nesta 3\u00aa feira (24.dez.2024) com um pedido para que o ministro do STF Alexandre de Moraes reconsidere sua decis\u00e3o de prender&hellip;<\/p>","protected":false},"author":1,"featured_media":82303,"comment_status":"closed","ping_status":"open","sticky":false,"template":"","format":"standard","meta":{"content-type":"","footnotes":""},"categories":[16],"tags":[123,2448,5313,1267],"class_list":["post-82302","post","type-post","status-publish","format-standard","has-post-thumbnail","hentry","category-noticias","tag-brasil","tag-diario","tag-noticia","tag-noticias"],"_links":{"self":[{"href":"https:\/\/tvbrazilusa.com\/pt\/wp-json\/wp\/v2\/posts\/82302","targetHints":{"allow":["GET"]}}],"collection":[{"href":"https:\/\/tvbrazilusa.com\/pt\/wp-json\/wp\/v2\/posts"}],"about":[{"href":"https:\/\/tvbrazilusa.com\/pt\/wp-json\/wp\/v2\/types\/post"}],"author":[{"embeddable":true,"href":"https:\/\/tvbrazilusa.com\/pt\/wp-json\/wp\/v2\/users\/1"}],"replies":[{"embeddable":true,"href":"https:\/\/tvbrazilusa.com\/pt\/wp-json\/wp\/v2\/comments?post=82302"}],"version-history":[{"count":1,"href":"https:\/\/tvbrazilusa.com\/pt\/wp-json\/wp\/v2\/posts\/82302\/revisions"}],"predecessor-version":[{"id":82304,"href":"https:\/\/tvbrazilusa.com\/pt\/wp-json\/wp\/v2\/posts\/82302\/revisions\/82304"}],"wp:featuredmedia":[{"embeddable":true,"href":"https:\/\/tvbrazilusa.com\/pt\/wp-json\/wp\/v2\/media\/82303"}],"wp:attachment":[{"href":"https:\/\/tvbrazilusa.com\/pt\/wp-json\/wp\/v2\/media?parent=82302"}],"wp:term":[{"taxonomy":"category","embeddable":true,"href":"https:\/\/tvbrazilusa.com\/pt\/wp-json\/wp\/v2\/categories?post=82302"},{"taxonomy":"post_tag","embeddable":true,"href":"https:\/\/tvbrazilusa.com\/pt\/wp-json\/wp\/v2\/tags?post=82302"}],"curies":[{"name":"wp","href":"https:\/\/api.w.org\/{rel}","templated":true}]}}