{"id":82390,"date":"2024-12-25T10:59:11","date_gmt":"2024-12-25T10:59:11","guid":{"rendered":"https:\/\/tvbrazilusa.com\/2024\/12\/25\/lula-emite-decreto-limitando-uso-de-armas-por-policiais-veja-os-detalhes\/"},"modified":"2024-12-25T10:59:13","modified_gmt":"2024-12-25T10:59:13","slug":"lula-emite-decreto-limitando-uso-de-armas-por-policiais-veja-os-detalhes","status":"publish","type":"post","link":"https:\/\/tvbrazilusa.com\/pt\/2024\/12\/25\/lula-emite-decreto-limitando-uso-de-armas-por-policiais-veja-os-detalhes\/","title":{"rendered":"Lula emite decreto limitando uso de armas por policiais; veja os detalhes"},"content":{"rendered":"<p> <script async src=\"https:\/\/pagead2.googlesyndication.com\/pagead\/js\/adsbygoogle.js?client=ca-pub-8864793242727901\"\r\n     crossorigin=\"anonymous\"><\/script><br \/>\n<\/p>\n<div id=\"taboola-read-more\" style=\"display:block; width:100%\">\n<p>O governo federal publicou nesta 3\u00aa feira (24.dez.2024) um decreto para regulamentar o uso da for\u00e7a pelos agentes de seguran\u00e7a p\u00fablica. Segundo o texto, armas de fogo devem ser utilizadas como \u201cmedida de \u00faltimo recurso\u201d e o n\u00edvel da for\u00e7a empregado deve ser compat\u00edvel com a gravidade da situa\u00e7\u00e3o.\n<\/p>\n<p>O texto foi publicado no DOU (Di\u00e1rio Oficial da Uni\u00e3o) e assinado pelo presidente Luiz In\u00e1cio Lula da Silva (PT) e pelo ministro da Justi\u00e7a e Seguran\u00e7a P\u00fablica, Ricardo Lewandowski.\u00a0Eis a\u00a0<a href=\"https:\/\/12ft.io\/proxy?q=https%3A%2F%2Fstatic.poder360.com.br%2F2024%2F12%2FDECRETO-N-12.341-USO-DA-FORCA-24-dezembro-2024-1.pdf\" target=\"_parent\">\u00edntegra<\/a>\u00a0do decreto N\u00ba 12.341 de 2024 (PDF \u2013 193 kB).\u00a0<\/p>\n<p>\u201cOs \u00f3rg\u00e3os e os profissionais de seguran\u00e7a p\u00fablica devem assumir a responsabilidade pelo uso inadequado da for\u00e7a, ap\u00f3s a conclus\u00e3o de processo de investiga\u00e7\u00e3o, respeitado o devido processo legal, a ampla defesa e o contradit\u00f3rio\u201d, regulamenta.\n<\/p>\n<p>Veja os principais pontos do decreto:<br \/>Armas de fogo\n<\/p>\n<p>Os armamentos devem ser utilizados como \u201cmedida de \u00faltimo recurso\u201d.\n<\/p>\n<p>De acordo com o decreto, as for\u00e7as de seguran\u00e7a p\u00fablica n\u00e3o podem utilizar a arma de fogo em situa\u00e7\u00f5es de pessoa em fuga que esteja desarmada ou contra ve\u00edculo que desrespeite o bloqueio policial.\n<\/p>\n<p>O uso \u00e9 autorizado em casos de risco ao profissional de seguran\u00e7a ou a outros.\n<\/p>\n<p>Uso da for\u00e7a\n<\/p>\n<p>O decreto afirma que a for\u00e7a s\u00f3 poder\u00e1 ser utilizada quando outros recursos de \u201cmenor intensidade\u201d n\u00e3o forem suficientes.\n<\/p>\n<p>O texto d\u00e1 diretrizes gerais e n\u00e3o especifica os n\u00edveis de for\u00e7a que podem ser utilizados pelas pol\u00edcias. Por isso, o decreto deixa expl\u00edcito que o Minist\u00e9rio da Justi\u00e7a far\u00e1 normas complementares para a execu\u00e7\u00e3o das medidas do decreto.\n<\/p>\n<p>\u00c9 responsabilidade do Minist\u00e9rio financiar a\u00e7\u00f5es, capacita\u00e7\u00f5es e desenvolver materiais de refer\u00eancia para a implementa\u00e7\u00e3o do decreto.\n<\/p>\n<p>Discrimina\u00e7\u00e3o\n<\/p>\n<p>Uma das diretrizes a serem seguidas \u00e9 que os profissionais de seguran\u00e7a p\u00fablica n\u00e3o podem agir de forma discriminat\u00f3ria em rela\u00e7\u00e3o a cor da pele, identidade de g\u00eanero e orienta\u00e7\u00e3o sexual, por exemplo.<\/p>\n<p>Fonte: Poder360              <\/p>\n<\/div>\n<p><br \/>\n<br \/><a href=\"https:\/\/diariodobrasilnoticias.com.br\/noticia\/lula-emite-decreto-limitando-uso-de-armas-por-policiais-veja-os-detalhes-676be4e07a0b0\">Source link <\/a><\/p>","protected":false},"excerpt":{"rendered":"<p>O governo federal publicou nesta 3\u00aa feira (24.dez.2024) um decreto para regulamentar o uso da for\u00e7a pelos agentes de seguran\u00e7a p\u00fablica. Segundo o texto, armas de fogo devem ser utilizadas&hellip;<\/p>","protected":false},"author":1,"featured_media":82391,"comment_status":"closed","ping_status":"open","sticky":false,"template":"","format":"standard","meta":{"content-type":"","footnotes":""},"categories":[16],"tags":[123,2448,5313,1267],"class_list":["post-82390","post","type-post","status-publish","format-standard","has-post-thumbnail","hentry","category-noticias","tag-brasil","tag-diario","tag-noticia","tag-noticias"],"_links":{"self":[{"href":"https:\/\/tvbrazilusa.com\/pt\/wp-json\/wp\/v2\/posts\/82390","targetHints":{"allow":["GET"]}}],"collection":[{"href":"https:\/\/tvbrazilusa.com\/pt\/wp-json\/wp\/v2\/posts"}],"about":[{"href":"https:\/\/tvbrazilusa.com\/pt\/wp-json\/wp\/v2\/types\/post"}],"author":[{"embeddable":true,"href":"https:\/\/tvbrazilusa.com\/pt\/wp-json\/wp\/v2\/users\/1"}],"replies":[{"embeddable":true,"href":"https:\/\/tvbrazilusa.com\/pt\/wp-json\/wp\/v2\/comments?post=82390"}],"version-history":[{"count":1,"href":"https:\/\/tvbrazilusa.com\/pt\/wp-json\/wp\/v2\/posts\/82390\/revisions"}],"predecessor-version":[{"id":82392,"href":"https:\/\/tvbrazilusa.com\/pt\/wp-json\/wp\/v2\/posts\/82390\/revisions\/82392"}],"wp:featuredmedia":[{"embeddable":true,"href":"https:\/\/tvbrazilusa.com\/pt\/wp-json\/wp\/v2\/media\/82391"}],"wp:attachment":[{"href":"https:\/\/tvbrazilusa.com\/pt\/wp-json\/wp\/v2\/media?parent=82390"}],"wp:term":[{"taxonomy":"category","embeddable":true,"href":"https:\/\/tvbrazilusa.com\/pt\/wp-json\/wp\/v2\/categories?post=82390"},{"taxonomy":"post_tag","embeddable":true,"href":"https:\/\/tvbrazilusa.com\/pt\/wp-json\/wp\/v2\/tags?post=82390"}],"curies":[{"name":"wp","href":"https:\/\/api.w.org\/{rel}","templated":true}]}}