{"id":82393,"date":"2024-12-25T11:11:51","date_gmt":"2024-12-25T11:11:51","guid":{"rendered":"https:\/\/tvbrazilusa.com\/2024\/12\/25\/equipe-aconselhou-lula-a-evitar-comentarios-sobre-economia-em-discursos-de-natal-e-ano-novo\/"},"modified":"2024-12-25T11:11:52","modified_gmt":"2024-12-25T11:11:52","slug":"equipe-aconselhou-lula-a-evitar-comentarios-sobre-economia-em-discursos-de-natal-e-ano-novo","status":"publish","type":"post","link":"https:\/\/tvbrazilusa.com\/pt\/2024\/12\/25\/equipe-aconselhou-lula-a-evitar-comentarios-sobre-economia-em-discursos-de-natal-e-ano-novo\/","title":{"rendered":"Equipe aconselhou Lula a evitar coment\u00e1rios sobre economia em discursos de Natal e Ano-Novo"},"content":{"rendered":"<p> <script async src=\"https:\/\/pagead2.googlesyndication.com\/pagead\/js\/adsbygoogle.js?client=ca-pub-8864793242727901\"\r\n     crossorigin=\"anonymous\"><\/script><br \/>\n<\/p>\n<div id=\"taboola-read-more\" style=\"display:block; width:100%\">\n<p>A aus\u00eancia do tema da economia no pronunciamento de Natal de Lula n\u00e3o foi gratuita. O presidente foi aconselhado fortemente a evitar o assunto at\u00e9 o fim do ano \u2014especialmente, como gosta de fazer, de relembrar os benef\u00edcios propostos \u00e0 popula\u00e7\u00e3o mais pobre e aos trabalhadores que implicam em mais gastos p\u00fablicos.\n<\/p>\n<p><strong>COISAS BOAS<\/strong><\/p>\n<p>As datas de fim de ano propiciam ao presidente diversas oportunidades de manifesta\u00e7\u00e3o, e o natural impulso de propagar not\u00edcias boas e populares.\n<\/p>\n<p><strong>COISAS BOAS 2<\/strong>\n<\/p>\n<p>Lula desejava refor\u00e7ar, nas manifesta\u00e7\u00f5es de fim de ano, o aumento real do sal\u00e1rio m\u00ednimo, o pleno emprego e a proposta do governo de ampliar a isen\u00e7\u00e3o do Imposto de Renda (IR) para quem ganha at\u00e9 R$ 5.000. Recebeu a recomenda\u00e7\u00e3o de desviar dos assuntos.\n<\/p>\n<p><strong>FOGUETE<\/strong>\n<\/p>\n<p>Neste m\u00eas, o d\u00f3lar chegou a bater nos R$ 6,30 depois que o governo anunciou seu projeto ajuste fiscal ao mesmo tempo em que levou a p\u00fablico a ideia de aumentar a faixa de isen\u00e7\u00e3o do IR. Somadas a fatores externos, as propostas causaram turbul\u00eancia ainda n\u00e3o superada.\n<\/p>\n<p><strong>FOGUETE 2<\/strong>\n<\/p>\n<p>O pacote do governo e a reforma tribut\u00e1ria foram aprovados pelo Congresso, mas nem assim d\u00f3lar arrefeceu. A equipe econ\u00f4mica acena com a possibilidade de mais cortes de gastos. N\u00e3o seria a hora, portanto, de Lula relembrar as benesses concedidas, que poderiam ser exploradas como um suposto descompromisso com a austeridade.\n<\/p>\n<p><em>Com informa\u00e7\u00f5es da Folha de S. Paulo<\/em>              <\/p>\n<\/div>\n<p><br \/>\n<br \/><a href=\"https:\/\/diariodobrasilnoticias.com.br\/noticia\/equipe-aconselhou-lula-a-evitar-comentarios-sobre-economia-em-discursos-de-natal-e-ano-novo-676be76492744\">Source link <\/a><\/p>","protected":false},"excerpt":{"rendered":"<p>A aus\u00eancia do tema da economia no pronunciamento de Natal de Lula n\u00e3o foi gratuita. O presidente foi aconselhado fortemente a evitar o assunto at\u00e9 o fim do ano \u2014especialmente,&hellip;<\/p>","protected":false},"author":1,"featured_media":82394,"comment_status":"closed","ping_status":"open","sticky":false,"template":"","format":"standard","meta":{"content-type":"","footnotes":""},"categories":[16],"tags":[123,2448,5313,1267],"class_list":["post-82393","post","type-post","status-publish","format-standard","has-post-thumbnail","hentry","category-noticias","tag-brasil","tag-diario","tag-noticia","tag-noticias"],"_links":{"self":[{"href":"https:\/\/tvbrazilusa.com\/pt\/wp-json\/wp\/v2\/posts\/82393","targetHints":{"allow":["GET"]}}],"collection":[{"href":"https:\/\/tvbrazilusa.com\/pt\/wp-json\/wp\/v2\/posts"}],"about":[{"href":"https:\/\/tvbrazilusa.com\/pt\/wp-json\/wp\/v2\/types\/post"}],"author":[{"embeddable":true,"href":"https:\/\/tvbrazilusa.com\/pt\/wp-json\/wp\/v2\/users\/1"}],"replies":[{"embeddable":true,"href":"https:\/\/tvbrazilusa.com\/pt\/wp-json\/wp\/v2\/comments?post=82393"}],"version-history":[{"count":1,"href":"https:\/\/tvbrazilusa.com\/pt\/wp-json\/wp\/v2\/posts\/82393\/revisions"}],"predecessor-version":[{"id":82395,"href":"https:\/\/tvbrazilusa.com\/pt\/wp-json\/wp\/v2\/posts\/82393\/revisions\/82395"}],"wp:featuredmedia":[{"embeddable":true,"href":"https:\/\/tvbrazilusa.com\/pt\/wp-json\/wp\/v2\/media\/82394"}],"wp:attachment":[{"href":"https:\/\/tvbrazilusa.com\/pt\/wp-json\/wp\/v2\/media?parent=82393"}],"wp:term":[{"taxonomy":"category","embeddable":true,"href":"https:\/\/tvbrazilusa.com\/pt\/wp-json\/wp\/v2\/categories?post=82393"},{"taxonomy":"post_tag","embeddable":true,"href":"https:\/\/tvbrazilusa.com\/pt\/wp-json\/wp\/v2\/tags?post=82393"}],"curies":[{"name":"wp","href":"https:\/\/api.w.org\/{rel}","templated":true}]}}