{"id":82464,"date":"2024-12-25T13:35:04","date_gmt":"2024-12-25T13:35:04","guid":{"rendered":"https:\/\/tvbrazilusa.com\/2024\/12\/25\/papa-exorta-todas-as-pessoas-de-todas-as-nacoes-a-silenciarem-as-armas-e-superarem-as-divisoes-em-discurso-de-natal-wsvn-7news-noticias-de-miami-clima-esportes-fort-lauderdale\/"},"modified":"2024-12-25T14:17:03","modified_gmt":"2024-12-25T14:17:03","slug":"papa-exorta-todas-as-pessoas-de-todas-as-nacoes-a-silenciarem-as-armas-e-superarem-as-divisoes-em-discurso-de-natal-wsvn-7news-noticias-de-miami-clima-esportes-fort-lauderdale","status":"publish","type":"post","link":"https:\/\/tvbrazilusa.com\/pt\/2024\/12\/25\/papa-exorta-todas-as-pessoas-de-todas-as-nacoes-a-silenciarem-as-armas-e-superarem-as-divisoes-em-discurso-de-natal-wsvn-7news-noticias-de-miami-clima-esportes-fort-lauderdale\/","title":{"rendered":"Papa exorta &#8216;todas as pessoas de todas as na\u00e7\u00f5es&#8217; a silenciarem as armas e superarem as divis\u00f5es em discurso de Natal &#8211; WSVN 7News | Not\u00edcias de Miami, clima, esportes | Fort Lauderdale"},"content":{"rendered":"<p> <script async src=\"https:\/\/pagead2.googlesyndication.com\/pagead\/js\/adsbygoogle.js?client=ca-pub-8864793242727901\"\r\n     crossorigin=\"anonymous\"><\/script><br \/>\n<\/p>\n<div itemprop=\"articleBody\">\n<p>CIDADE DO VATICANO (AP) \u2013 O Papa Francisco, na sua tradicional mensagem de Natal na quarta-feira, exortou \u201ctodas as pessoas de todas as na\u00e7\u00f5es\u201d a encontrarem coragem durante este Ano Santo \u201cpara silenciar os sons das armas e superar as divis\u00f5es\u201d que assolam o mundo, do M\u00e9dio Oriente ao Ucr\u00e2nia, \u00c1frica para a \u00c1sia.<\/p>\n<p>O discurso \u201cUrbi et Orbi\u201d do pont\u00edfice \u2013 \u201c\u00c0 cidade e ao mundo\u201d \u2013 serve como um resumo dos problemas que o mundo enfrenta este ano. Como o Natal coincidiu com o in\u00edcio da celebra\u00e7\u00e3o do Ano Santo de 2025, que dedicou \u00e0 esperan\u00e7a, Francisco apelou a uma ampla reconcilia\u00e7\u00e3o, \u201cmesmo (com) os nossos inimigos\u201d.<\/p>\n<p>\u201cConvido cada indiv\u00edduo e todas as pessoas de todas as na\u00e7\u00f5es\u2026 a tornarem-se peregrinos de esperan\u00e7a, a silenciarem os sons das armas e a superarem as divis\u00f5es\u201d, disse o papa da loggia da Bas\u00edlica de S\u00e3o Pedro para a multid\u00e3o abaixo.<\/p>\n<p>O papa invocou a Porta Santa da Bas\u00edlica de S\u00e3o Pedro, que abriu na v\u00e9spera de Natal para lan\u00e7ar o Jubileu de 2025, como representa\u00e7\u00e3o da miseric\u00f3rdia de Deus, que \u201cdesata todos os n\u00f3s; derruba todos os muros de divis\u00e3o; dissipa o \u00f3dio e o esp\u00edrito de vingan\u00e7a.\u201d<\/p>\n<p>Ele apelou ao silenciamento das armas na Ucr\u00e2nia devastada pela guerra e no M\u00e9dio Oriente, destacando as comunidades crist\u00e3s em Israel e nos territ\u00f3rios palestinianos, \u201cparticularmente em Gaza, onde a situa\u00e7\u00e3o humanit\u00e1ria \u00e9 extremamente grave\u201d, bem como no L\u00edbano e na S\u00edria \u201cem este momento mais delicado.\u201d<\/p>\n<p>Francisco repetiu os seus apelos \u00e0 liberta\u00e7\u00e3o dos ref\u00e9ns levados de Israel pelo Hamas em 7 de outubro de 2023.<\/p>\n<p>Ele citou um surto mortal de sarampo na Rep\u00fablica Democr\u00e1tica do Congo e o sofrimento do povo de Mianmar, for\u00e7ado a fugir de suas casas devido ao \u201cchoque de armas em curso\u201d. O papa tamb\u00e9m lembrou as crian\u00e7as que sofrem com a guerra e a fome, os idosos que vivem na solid\u00e3o, aqueles que fogem das suas terras natais, que perderam os seus empregos e s\u00e3o perseguidos pela sua f\u00e9.<\/p>\n<p>Os peregrinos fizeram fila no dia de Natal para atravessar a grande Porta Santa, na entrada da Bas\u00edlica de S\u00e3o Pedro, j\u00e1 que se espera que o Jubileu traga cerca de 32 milh\u00f5es de fi\u00e9is cat\u00f3licos a Roma.<\/p>\n<p>Atravessar a Porta Santa \u00e9 uma forma de os fi\u00e9is obterem indulg\u00eancias ou perd\u00e3o dos pecados durante um Jubileu, uma tradi\u00e7\u00e3o que ocorre uma vez a cada quarto de s\u00e9culo e que data de 1300.<\/p>\n<p>Peregrinos submetidos a controlos de seguran\u00e7a antes de entrarem na Porta Santa, no meio de novos receios de seguran\u00e7a ap\u00f3s um ataque mortal ao mercado de Natal na Alemanha. Muitos pararam para tocar a porta ao passar e fizeram o sinal da cruz ao entrar na bas\u00edlica dedicada a S\u00e3o Pedro, o fundador da Igreja Cat\u00f3lica Romana.<\/p>\n<p>\u201cVoc\u00ea se sente t\u00e3o humilde quando passa pela porta que, depois de passar, \u00e9 quase como uma libera\u00e7\u00e3o, uma libera\u00e7\u00e3o de emo\u00e7\u00f5es\u201d, disse Blanca Martin, uma peregrina de San Diego. \u201c\u2026\u00c9 quase como uma libera\u00e7\u00e3o de emo\u00e7\u00f5es, voc\u00ea sente que agora \u00e9 capaz de se desapegar e colocar tudo nas m\u00e3os de Deus. Veja, estou ficando emocionado. \u00c9 simplesmente uma experi\u00eancia linda.\u201d<\/p>\n<h4 class=\"wp-block-heading\">Um milagre de Chrismukkah quando o Hanukkah e o Natal coincidem<\/h4>\n<p>O Hanukkah, o Festival das Luzes do Juda\u00edsmo, que dura oito dias, come\u00e7a este ano no dia de Natal, o que s\u00f3 aconteceu quatro vezes desde 1900.<\/p>\n<p>A conflu\u00eancia do calend\u00e1rio inspirou alguns l\u00edderes religiosos a organizar reuni\u00f5es inter-religiosas, como uma festa de Hanukkah organizada na semana passada por v\u00e1rias organiza\u00e7\u00f5es judaicas em Houston, Texas, reunindo membros das comunidades latinas e judaicas da cidade para latkes, a tradicional panqueca de batata comida no Hanukkah. , coberto com guacamole e salsa.<\/p>\n<p>Embora o Hanukkah pretenda ser um feriado alegre e comemorativo, os rabinos observam que ele est\u00e1 acontecendo este ano, \u00e0 medida que as guerras se intensificam no Oriente M\u00e9dio e aumentam os temores sobre incidentes generalizados de anti-semitismo. Os feriados raramente se sobrep\u00f5em porque o calend\u00e1rio judaico \u00e9 baseado em ciclos lunares e n\u00e3o est\u00e1 sincronizado com o calend\u00e1rio gregoriano, que marca o Natal em 25 de dezembro. A \u00faltima vez que o Hanukkah come\u00e7ou no dia de Natal foi em 2005.<\/p>\n<h4 class=\"wp-block-heading\">Os crist\u00e3os iraquianos persistem na sua f\u00e9<\/h4>\n<p>Crist\u00e3os nas Plan\u00edcies de N\u00ednive participaram da missa de Natal na ter\u00e7a-feira na igreja Mar Georgis, no centro de Telaskaf, Iraque, com preocupa\u00e7\u00f5es de seguran\u00e7a sobre o futuro. \u201cSentimos que eles v\u00e3o puxar o tapete dos nossos p\u00e9s a qualquer momento. Nosso destino \u00e9 desconhecido aqui\u201d, disse Bayda Nadhim, moradora de Telaskaf.<\/p>\n<p>Os crist\u00e3os do Iraque, cuja presen\u00e7a l\u00e1 remonta quase ao tempo de Cristo, pertencem a v\u00e1rios ritos e denomina\u00e7\u00f5es. Antigamente constitu\u00edam uma minoria consider\u00e1vel no Iraque, estimada em cerca de 1,4 milh\u00f5es.<\/p>\n<p>Mas a comunidade tem diminu\u00eddo constantemente desde a invas\u00e3o liderada pelos EUA em 2003 e ainda mais em 2014, quando o grupo militante Estado Isl\u00e2mico varreu a \u00e1rea. O n\u00famero exato de crist\u00e3os que restam no Iraque n\u00e3o \u00e9 claro, mas estima-se que sejam v\u00e1rias centenas de milhares.<\/p>\n<h4 class=\"wp-block-heading\">Comemora\u00e7\u00f5es alem\u00e3s silenciadas por ataque ao mercado<\/h4>\n<p>As celebra\u00e7\u00f5es alem\u00e3s foram ofuscadas por um ataque de carro num mercado de Natal em Magdeburg, na sexta-feira, que deixou cinco mortos, incluindo um menino de 9 anos, e 200 feridos. O Presidente Frank-Walter Steinmeier reescreveu o seu discurso gravado do dia de Natal para abordar o ataque, dizendo que \u201ch\u00e1 pesar, dor, horror e incompreens\u00e3o sobre o que aconteceu em Magdeburgo\u201d. Ele exortou os alem\u00e3es a \u201cse manterem unidos\u201d e que \u201co \u00f3dio e a viol\u00eancia n\u00e3o devem ter a \u00faltima palavra\u201d.<\/p>\n<p>Um m\u00e9dico saudita de 50 anos que praticava medicina na Alemanha desde 2006 foi preso sob suspeita de homic\u00eddio, tentativa de homic\u00eddio e les\u00f5es corporais. O relato X do suspeito o descreve como um ex-mu\u00e7ulmano e est\u00e1 repleto de temas anti-isl\u00e2micos. Ele criticou as autoridades por n\u00e3o terem conseguido combater \u201ca islamiza\u00e7\u00e3o da Alemanha\u201d e manifestou apoio ao partido anti-imigra\u00e7\u00e3o Alternativa para a Alemanha (AfD).<\/p>\n<p><em>Direitos autorais 2024 da Associated Press. Todos os direitos reservados. Este material n\u00e3o pode ser publicado, transmitido, reescrito ou redistribu\u00eddo.<\/em><\/p>\n<div class=\"wp-block-newsletter\">\n\t<strong class=\"wp-block-newsletter__title\">Cadastre-se em nosso boletim informativo para receber as \u00faltimas not\u00edcias diretamente em sua caixa de entrada<\/strong><\/p>\n<\/div><\/div>\n<p><br \/>\n<br \/><a href=\"https:\/\/wsvn.com\/news\/us-world\/pope-urges-all-people-of-all-nations-to-silence-arms-and-overcome-divisions-in-christmas-address\/\">Source link <\/a><\/p>","protected":false},"excerpt":{"rendered":"<p>CIDADE DO VATICANO (AP) \u2013 O Papa Francisco, na sua tradicional mensagem de Natal na quarta-feira, exortou \u201ctodas as pessoas de todas as na\u00e7\u00f5es\u201d a encontrarem coragem durante este Ano&hellip;<\/p>","protected":false},"author":1,"featured_media":82465,"comment_status":"closed","ping_status":"open","sticky":false,"template":"","format":"standard","meta":{"content-type":"","footnotes":""},"categories":[1],"tags":[],"class_list":["post-82464","post","type-post","status-publish","format-standard","has-post-thumbnail","hentry","category-uncategorized"],"_links":{"self":[{"href":"https:\/\/tvbrazilusa.com\/pt\/wp-json\/wp\/v2\/posts\/82464","targetHints":{"allow":["GET"]}}],"collection":[{"href":"https:\/\/tvbrazilusa.com\/pt\/wp-json\/wp\/v2\/posts"}],"about":[{"href":"https:\/\/tvbrazilusa.com\/pt\/wp-json\/wp\/v2\/types\/post"}],"author":[{"embeddable":true,"href":"https:\/\/tvbrazilusa.com\/pt\/wp-json\/wp\/v2\/users\/1"}],"replies":[{"embeddable":true,"href":"https:\/\/tvbrazilusa.com\/pt\/wp-json\/wp\/v2\/comments?post=82464"}],"version-history":[{"count":1,"href":"https:\/\/tvbrazilusa.com\/pt\/wp-json\/wp\/v2\/posts\/82464\/revisions"}],"predecessor-version":[{"id":82466,"href":"https:\/\/tvbrazilusa.com\/pt\/wp-json\/wp\/v2\/posts\/82464\/revisions\/82466"}],"wp:featuredmedia":[{"embeddable":true,"href":"https:\/\/tvbrazilusa.com\/pt\/wp-json\/wp\/v2\/media\/82465"}],"wp:attachment":[{"href":"https:\/\/tvbrazilusa.com\/pt\/wp-json\/wp\/v2\/media?parent=82464"}],"wp:term":[{"taxonomy":"category","embeddable":true,"href":"https:\/\/tvbrazilusa.com\/pt\/wp-json\/wp\/v2\/categories?post=82464"},{"taxonomy":"post_tag","embeddable":true,"href":"https:\/\/tvbrazilusa.com\/pt\/wp-json\/wp\/v2\/tags?post=82464"}],"curies":[{"name":"wp","href":"https:\/\/api.w.org\/{rel}","templated":true}]}}