{"id":82481,"date":"2024-12-25T14:55:44","date_gmt":"2024-12-25T14:55:44","guid":{"rendered":"https:\/\/tvbrazilusa.com\/2024\/12\/25\/ditador-da-coreia-do-norte-proibe-o-natal-e-manda-celebrar-o-nascimento-da-sua-avo\/"},"modified":"2024-12-25T14:55:46","modified_gmt":"2024-12-25T14:55:46","slug":"ditador-da-coreia-do-norte-proibe-o-natal-e-manda-celebrar-o-nascimento-da-sua-avo","status":"publish","type":"post","link":"https:\/\/tvbrazilusa.com\/pt\/2024\/12\/25\/ditador-da-coreia-do-norte-proibe-o-natal-e-manda-celebrar-o-nascimento-da-sua-avo\/","title":{"rendered":"Ditador da Coreia do Norte pro\u00edbe o Natal e manda celebrar o &#8216;nascimento da sua av\u00f3&#8217;"},"content":{"rendered":"<p> <script async src=\"https:\/\/pagead2.googlesyndication.com\/pagead\/js\/adsbygoogle.js?client=ca-pub-8864793242727901\"\r\n     crossorigin=\"anonymous\"><\/script><br \/>\n<\/p>\n<div>\n<figure class=\"post-image\">\n<\/figure>\n<p>            <span style=\"font-size: 12px\">KCNA via Reuters\/Arquivo (05.dez.23)<\/span><\/p>\n<p>            <!-- end metas --><br \/>\n            <!-- ADS --><\/p>\n<div id=\"taboola-read-more\" style=\"display:block; width:100%\">\n<p>Na Coreia do Norte, o Natal, amplamente celebrado ao redor do mundo, foi substitu\u00eddo por uma data muito peculiar: o anivers\u00e1rio de Kim Jong-suk, av\u00f3 de Kim Jong-un e figura central no culto \u00e0 personalidade da dinastia Kim. Desde o in\u00edcio do regime, as festividades natalinas foram suprimidas, e o dia 24 de dezembro passou a ser dedicado \u00e0 mem\u00f3ria de Kim Jong-suk, exaltada como uma hero\u00edna revolucion\u00e1ria.<\/p>\n<p>Kim Jong-suk, m\u00e3e de Kim Jong-il e esposa de Kim Il-sung, \u00e9 retratada pela propaganda norte-coreana como uma mulher de coragem, que teria desempenhado um papel crucial na luta contra o imperialismo japon\u00eas. Por isso, o anivers\u00e1rio dela foi elevado ao status de tradi\u00e7\u00e3o nacional, com celebra\u00e7\u00f5es que incluem eventos culturais, discursos exaltando a dinastia Kim e visitas a monumentos dedicados \u00e0 sua mem\u00f3ria. A data \u00e9 apresentada como uma forma de refor\u00e7ar os valores do regime, em contraste com as celebra\u00e7\u00f5es crist\u00e3s, que s\u00e3o consideradas s\u00edmbolos do \u201cimperialismo ocidental\u201d.<\/p>\n<p>Embora a imposi\u00e7\u00e3o tenha gerado cr\u00edticas internacionais, na Coreia do Norte a celebra\u00e7\u00e3o \u00e9 amplamente difundida como parte do culto \u00e0 personalidade que permeia a vida no pa\u00eds.<\/p>\n<p>Com informa\u00e7\u00f5es do The SUN<\/p>\n<\/p><\/div>\n<p>                        <!-- Scripts para conteudo --><\/p>\n<p>            <!-- .\/Scripts para conteudo --><br \/>\n            <!-- .\/Mat\u00e9ria --><\/p>\n<div class=\"row mt-3\">\n<div class=\"col-sm-6\">\n                <!-- Whatsapp channel 3--><br \/>\n                <a href=\"https:\/\/chat.whatsapp.com\/J6hwSKYns5B0XFowx2wZ0P\" target=\"_blank\"><br \/>\n                  <img decoding=\"async\" src=\"https:\/\/diariodobrasilnoticias.com.br\/assets-site\/images\/bot_whatsapp.png\"\/><\/a>\n              <\/div>\n<div class=\"col-sm-6\">\n                <a href=\"https:\/\/t.me\/+_4gTmi5LKo03OTM5\" target=\"_blank\"><br \/>\n                  <img decoding=\"async\" src=\"https:\/\/diariodobrasilnoticias.com.br\/assets-site\/images\/bot_telegram.png\"\/><\/a>\n              <\/div>\n<\/p><\/div>\n<p>            <!-- end post-navigation --><\/p>\n<p>              <!-- end row --><\/p>\n<p>              <!-- end col-12-->\n                      <\/div>\n<p><br \/>\n<br \/><a href=\"https:\/\/diariodobrasilnoticias.com.br\/noticia\/ditador-da-coreia-do-norte-proibe-o-natal-e-manda-celebrar-o-nascimento-da-sua-avo-676c055bb34c6\">Source link <\/a><\/p>","protected":false},"excerpt":{"rendered":"<p>KCNA via Reuters\/Arquivo (05.dez.23) Na Coreia do Norte, o Natal, amplamente celebrado ao redor do mundo, foi substitu\u00eddo por uma data muito peculiar: o anivers\u00e1rio de Kim Jong-suk, av\u00f3 de&hellip;<\/p>","protected":false},"author":1,"featured_media":82482,"comment_status":"closed","ping_status":"open","sticky":false,"template":"","format":"standard","meta":{"content-type":"","footnotes":""},"categories":[16],"tags":[123,2448,5313,1267],"class_list":["post-82481","post","type-post","status-publish","format-standard","has-post-thumbnail","hentry","category-noticias","tag-brasil","tag-diario","tag-noticia","tag-noticias"],"_links":{"self":[{"href":"https:\/\/tvbrazilusa.com\/pt\/wp-json\/wp\/v2\/posts\/82481","targetHints":{"allow":["GET"]}}],"collection":[{"href":"https:\/\/tvbrazilusa.com\/pt\/wp-json\/wp\/v2\/posts"}],"about":[{"href":"https:\/\/tvbrazilusa.com\/pt\/wp-json\/wp\/v2\/types\/post"}],"author":[{"embeddable":true,"href":"https:\/\/tvbrazilusa.com\/pt\/wp-json\/wp\/v2\/users\/1"}],"replies":[{"embeddable":true,"href":"https:\/\/tvbrazilusa.com\/pt\/wp-json\/wp\/v2\/comments?post=82481"}],"version-history":[{"count":1,"href":"https:\/\/tvbrazilusa.com\/pt\/wp-json\/wp\/v2\/posts\/82481\/revisions"}],"predecessor-version":[{"id":82483,"href":"https:\/\/tvbrazilusa.com\/pt\/wp-json\/wp\/v2\/posts\/82481\/revisions\/82483"}],"wp:featuredmedia":[{"embeddable":true,"href":"https:\/\/tvbrazilusa.com\/pt\/wp-json\/wp\/v2\/media\/82482"}],"wp:attachment":[{"href":"https:\/\/tvbrazilusa.com\/pt\/wp-json\/wp\/v2\/media?parent=82481"}],"wp:term":[{"taxonomy":"category","embeddable":true,"href":"https:\/\/tvbrazilusa.com\/pt\/wp-json\/wp\/v2\/categories?post=82481"},{"taxonomy":"post_tag","embeddable":true,"href":"https:\/\/tvbrazilusa.com\/pt\/wp-json\/wp\/v2\/tags?post=82481"}],"curies":[{"name":"wp","href":"https:\/\/api.w.org\/{rel}","templated":true}]}}