{"id":82536,"date":"2024-12-25T13:52:54","date_gmt":"2024-12-25T13:52:54","guid":{"rendered":"https:\/\/tvbrazilusa.com\/2024\/12\/25\/rei-charles-elogia-aqueles-que-dedicam-suas-vidas-a-ajudar-os-outros-em-discurso-de-natal-wsvn-7news-noticias-de-miami-clima-esportes-fort-lauderdale\/"},"modified":"2024-12-25T17:13:32","modified_gmt":"2024-12-25T17:13:32","slug":"rei-charles-elogia-aqueles-que-dedicam-suas-vidas-a-ajudar-os-outros-em-discurso-de-natal-wsvn-7news-noticias-de-miami-clima-esportes-fort-lauderdale","status":"publish","type":"post","link":"https:\/\/tvbrazilusa.com\/pt\/2024\/12\/25\/rei-charles-elogia-aqueles-que-dedicam-suas-vidas-a-ajudar-os-outros-em-discurso-de-natal-wsvn-7news-noticias-de-miami-clima-esportes-fort-lauderdale\/","title":{"rendered":"Rei Charles elogia aqueles &#8216;que dedicam suas vidas a ajudar os outros&#8217; em discurso de Natal &#8211; WSVN 7News | Not\u00edcias de Miami, clima, esportes | Fort Lauderdale"},"content":{"rendered":"<p> <script async src=\"https:\/\/pagead2.googlesyndication.com\/pagead\/js\/adsbygoogle.js?client=ca-pub-8864793242727901\"\r\n     crossorigin=\"anonymous\"><\/script><br \/>\n<\/p>\n<div itemprop=\"articleBody\">\n<p>Londres (CNN) \u2013 O Rei Carlos III usou sua mensagem de Natal para saudar os esfor\u00e7os dos profissionais de sa\u00fade e de todos aqueles que apoiam os outros, elogiando a equipe m\u00e9dica que forneceu \u201cfor\u00e7a, cuidado e conforto\u201d durante o tratamento contra o c\u00e2ncer dele e da Princesa de Gales .<\/p>\n<p>No seu terceiro discurso de Natal, o soberano brit\u00e2nico de 76 anos falou de como \u201ctodos n\u00f3s passamos por alguma forma de sofrimento em alguma fase da nossa vida, seja mental ou f\u00edsico\u201d.<\/p>\n<p>\u201cO grau em que ajudamos uns aos outros \u2013 e obtemos apoio uns dos outros, sejam pessoas de f\u00e9 ou n\u00e3o \u2013 \u00e9 uma medida da nossa civiliza\u00e7\u00e3o como na\u00e7\u00f5es\u201d, acrescentou, enquanto as imagens mostravam o soberano e a sua esposa, a rainha Camilla, visitando um centro de tratamento de c\u00e2ncer em Londres em abril, quando ele retornou \u00e0s fun\u00e7\u00f5es p\u00fablicas ap\u00f3s seu pr\u00f3prio diagn\u00f3stico.<\/p>\n<p>Enquanto o rei falava sobre a reuni\u00e3o da fam\u00edlia real e ouvia aqueles que \u201cdedicam suas vidas a ajudar os outros\u201d, William e Kate, o pr\u00edncipe e a princesa de Gales, foram vistos em um v\u00eddeo de outubro conversando com equipes de emerg\u00eancia que foram chamadas para os esfaqueamentos fatais em Southport, noroeste da Inglaterra, durante o ver\u00e3o.<\/p>\n<p>O Rei Charles, cuja mensagem foi filmada numa antiga capela de hospital no centro de Londres, disse que estava \u201cpensando especialmente nos muitos milhares de profissionais e volunt\u00e1rios aqui no Reino Unido e em toda a Commonwealth que, com as suas habilidades e pela bondade de seu cora\u00e7\u00e3o, cuidam dos outros \u2013 muitas vezes com algum custo para si mesmos.\u201d<\/p>\n<p>A transmiss\u00e3o festiva anual \u00e9 geralmente gravada no Pal\u00e1cio de Buckingham ou no Castelo de Windsor. Mas este ano o monarca brit\u00e2nico optou por um local externo com liga\u00e7\u00f5es \u00e0 comunidade m\u00e9dica para reflectir os temas da sua mensagem.<\/p>\n<p>A decis\u00e3o de Charles marcou a primeira vez em mais de uma d\u00e9cada que o discurso n\u00e3o foi filmado na propriedade real. A \u00faltima mensagem gravada fora de uma resid\u00eancia real foi em 2006, quando a falecida Rainha Elizabeth II gravou sua mensagem na Catedral de Southwark.<\/p>\n<p>O Rei expressou a sua gratid\u00e3o \u00e0s equipas m\u00e9dicas que ajudaram a ele e \u00e0 sua fam\u00edlia este ano.<\/p>\n<p>\u201cDo ponto de vista pessoal, agrade\u00e7o de cora\u00e7\u00e3o aos altru\u00edstas m\u00e9dicos e enfermeiros que este ano apoiaram a mim e a outros membros da minha fam\u00edlia durante as incertezas e ansiedades da doen\u00e7a, e ajudaram a fornecer a for\u00e7a, o cuidado e o conforto que necessitamos. precisava\u201d, disse ele.<\/p>\n<p>\u201cEstou profundamente grato tamb\u00e9m a todos aqueles que nos ofereceram suas am\u00e1veis \u200b\u200b\u200b\u200bpalavras de simpatia e encorajamento.\u201d<\/p>\n<p>O rei Charles revelou em fevereiro que havia sido diagnosticado com c\u00e2ncer e iniciou o tratamento em Londres. Uma fonte do pal\u00e1cio disse \u00e0 CNN na semana passada que o seu \u201ctratamento tem caminhado numa dire\u00e7\u00e3o positiva\u201d e \u201ccontinuar\u00e1 no pr\u00f3ximo ano\u201d. Kate disse em setembro que havia conclu\u00eddo a quimioterapia, seis meses depois de compartilhar seu diagn\u00f3stico de c\u00e2ncer, e que retornaria gradativamente \u00e0s suas fun\u00e7\u00f5es p\u00fablicas.<\/p>\n<p>No meio das guerras em Gaza, na Ucr\u00e2nia e no Sud\u00e3o, o Rei disse que \u201cneste dia de Natal, n\u00e3o podemos deixar de pensar naqueles para quem os efeitos devastadores do conflito no M\u00e9dio Oriente, na Europa Central, em \u00c1frica e noutros lugares representam uma amea\u00e7a di\u00e1ria\u201d. para a vida e o sustento de tantas pessoas.\u201d<\/p>\n<p>Ele tamb\u00e9m falou das \u201corganiza\u00e7\u00f5es humanit\u00e1rias que trabalham incansavelmente para trazer al\u00edvio vital\u201d e apontou para os Evangelhos que \u201cfalam t\u00e3o vividamente do conflito e ensinam os valores com os quais podemos super\u00e1-lo\u201d.<\/p>\n<p>O rei Charles e Camilla est\u00e3o passando o feriado em Sandringham, uma propriedade rural na zona rural de Norfolk, cerca de 160 quil\u00f4metros ao norte de Londres, onde 45 membros da fam\u00edlia devem se reunir no dia de Natal.<\/p>\n<p>Na quarta-feira anterior, os Windsors compareceram ao tradicional servi\u00e7o religioso do dia de Natal na propriedade. Muitos f\u00e3s reais, alguns usando chap\u00e9us de Natal, esperaram horas para ver o Pr\u00edncipe e a Princesa de Gales e seus filhos se juntarem ao Rei Charles e Camilla em uma caminhada at\u00e9 a Igreja de Santa Maria Madalena.<\/p>\n<p>Um membro da realeza que n\u00e3o participou da reuni\u00e3o de Natal do cl\u00e3 na propriedade privada de Norfolk este ano foi o pr\u00edncipe Andrew, que voltou \u00e0s manchetes nas \u00faltimas semanas por causa de suas liga\u00e7\u00f5es com um suposto espi\u00e3o chin\u00eas. Esperava-se que o duque de York e sua ex-esposa Sarah, duquesa de York, passassem o dia juntos em sua casa no Royal Lodge em Windsor Great Park, de acordo com v\u00e1rios relatos da m\u00eddia brit\u00e2nica.<\/p>\n<p>Na mensagem festiva do Rei, ele reflectiu sobre a sua viagem a Samoa em Outubro, onde participou na reuni\u00e3o dos Chefes de Governo da Commonwealth \u2013 a sua primeira como chefe da organiza\u00e7\u00e3o. Durante a cimeira bienal, a Gr\u00e3-Bretanha enfrentou apelos renovados de alguns membros para pagar uma compensa\u00e7\u00e3o pelo seu papel hist\u00f3rico na escravatura.<\/p>\n<p>\u201cEm toda a Commonwealth, somos mantidos unidos pela vontade de ouvir uns aos outros, de aprender uns com os outros e de descobrir o quanto temos em comum\u201d, disse Charles. \u201cPorque, ouvindo, aprendemos a respeitar nossas diferen\u00e7as, a vencer preconceitos e a abrir novas possibilidades.\u201d<\/p>\n<p>No Reino Unido, ele tamb\u00e9m elogiou a coes\u00e3o comunit\u00e1ria na sequ\u00eancia de tumultos violentos desencadeados depois de tr\u00eas meninas terem sido mortas e dez feridas num ataque com facas a uma aula de dan\u00e7a tem\u00e1tica de Taylor Swift em Southport, em Julho. Ele expressou o seu \u201cprofundo sentimento de orgulho\u201d pela forma como as pessoas se uniram \u201cn\u00e3o para repetir estes comportamentos, mas para reparar\u201d.<\/p>\n<p>\u201cPara reparar n\u00e3o apenas edif\u00edcios, mas relacionamentos. E, o mais importante, para reparar a confian\u00e7a; ouvindo e, atrav\u00e9s da compreens\u00e3o, decidindo como agir para o bem de todos\u201d, disse ele, enquanto as imagens mostravam a opera\u00e7\u00e3o de limpeza com moradores varrendo ruas e removendo tijolos.<\/p>\n<p>A transmiss\u00e3o terminou com uma vers\u00e3o de \u201cOnce in Royal David&#8217;s City\u201d cantada pelo Inner Voices, um coro jovem com sede em Londres, com um v\u00eddeo sobreposto mostrando destaques da fam\u00edlia real conduzindo compromissos nos \u00faltimos 12 meses.<\/p>\n<p>O discurso do monarca \u00e9 uma tradi\u00e7\u00e3o que remonta a 90 anos. A primeira mensagem de Natal foi transmitida pelo r\u00e1dio em 1932 por George V. Somente em 1957, Elizabeth II foi transmitida pela primeira vez na televis\u00e3o e agora \u00e9 um elemento b\u00e1sico para muitos brit\u00e2nicos e um dos programas mais assistidos no dia de Natal.<\/p>\n<p><em>The-CNN-Wire\u2122 e \u00a9 2024 Cable News Network, Inc., uma empresa da Time Warner. Todos os direitos reservados.<\/em><\/p>\n<div class=\"wp-block-newsletter\">\n\t<strong class=\"wp-block-newsletter__title\">Cadastre-se em nosso boletim informativo para receber as \u00faltimas not\u00edcias diretamente em sua caixa de entrada<\/strong><\/p>\n<\/div><\/div>\n<p><br \/>\n<br \/><a href=\"https:\/\/wsvn.com\/news\/us-world\/king-charles-praises-those-who-dedicate-their-lives-to-helping-others-in-christmas-speech\/\">Source link <\/a><\/p>","protected":false},"excerpt":{"rendered":"<p>Londres (CNN) \u2013 O Rei Carlos III usou sua mensagem de Natal para saudar os esfor\u00e7os dos profissionais de sa\u00fade e de todos aqueles que apoiam os outros, elogiando a&hellip;<\/p>","protected":false},"author":1,"featured_media":82453,"comment_status":"closed","ping_status":"open","sticky":false,"template":"","format":"standard","meta":{"content-type":"","footnotes":""},"categories":[1],"tags":[],"class_list":["post-82536","post","type-post","status-publish","format-standard","has-post-thumbnail","hentry","category-uncategorized"],"_links":{"self":[{"href":"https:\/\/tvbrazilusa.com\/pt\/wp-json\/wp\/v2\/posts\/82536","targetHints":{"allow":["GET"]}}],"collection":[{"href":"https:\/\/tvbrazilusa.com\/pt\/wp-json\/wp\/v2\/posts"}],"about":[{"href":"https:\/\/tvbrazilusa.com\/pt\/wp-json\/wp\/v2\/types\/post"}],"author":[{"embeddable":true,"href":"https:\/\/tvbrazilusa.com\/pt\/wp-json\/wp\/v2\/users\/1"}],"replies":[{"embeddable":true,"href":"https:\/\/tvbrazilusa.com\/pt\/wp-json\/wp\/v2\/comments?post=82536"}],"version-history":[{"count":1,"href":"https:\/\/tvbrazilusa.com\/pt\/wp-json\/wp\/v2\/posts\/82536\/revisions"}],"predecessor-version":[{"id":82537,"href":"https:\/\/tvbrazilusa.com\/pt\/wp-json\/wp\/v2\/posts\/82536\/revisions\/82537"}],"wp:featuredmedia":[{"embeddable":true,"href":"https:\/\/tvbrazilusa.com\/pt\/wp-json\/wp\/v2\/media\/82453"}],"wp:attachment":[{"href":"https:\/\/tvbrazilusa.com\/pt\/wp-json\/wp\/v2\/media?parent=82536"}],"wp:term":[{"taxonomy":"category","embeddable":true,"href":"https:\/\/tvbrazilusa.com\/pt\/wp-json\/wp\/v2\/categories?post=82536"},{"taxonomy":"post_tag","embeddable":true,"href":"https:\/\/tvbrazilusa.com\/pt\/wp-json\/wp\/v2\/tags?post=82536"}],"curies":[{"name":"wp","href":"https:\/\/api.w.org\/{rel}","templated":true}]}}