{"id":82545,"date":"2024-12-25T17:34:40","date_gmt":"2024-12-25T17:34:40","guid":{"rendered":"https:\/\/tvbrazilusa.com\/2024\/12\/25\/jurista-lista-abusos-ocorridos-durante-a-prisao-de-daniel-silveira\/"},"modified":"2024-12-25T17:34:41","modified_gmt":"2024-12-25T17:34:41","slug":"jurista-lista-abusos-ocorridos-durante-a-prisao-de-daniel-silveira","status":"publish","type":"post","link":"https:\/\/tvbrazilusa.com\/pt\/2024\/12\/25\/jurista-lista-abusos-ocorridos-durante-a-prisao-de-daniel-silveira\/","title":{"rendered":"Jurista lista abusos ocorridos durante a pris\u00e3o de Daniel Silveira"},"content":{"rendered":"<p> <script async src=\"https:\/\/pagead2.googlesyndication.com\/pagead\/js\/adsbygoogle.js?client=ca-pub-8864793242727901\"\r\n     crossorigin=\"anonymous\"><\/script><br \/>\n<\/p>\n<div id=\"taboola-read-more\" style=\"display:block; width:100%\">\n<p>Determinada pelo ministro Alexandre de Moraes, do Supremo Tribunal Federal (STF), a pris\u00e3o de Daniel Silveira \u00e9 cercada de abusos.\n<\/p>\n<p>A primeira arbitrariedade foi n\u00e3o ter ouvido a defesa do ex-deputado, constatou Vera Chemim, advogada constitucionalista e mestre em Direito p\u00fablico pela FGV.<\/p>\n<p>De acordo com a jurista, acionar os advogados antes \u00e9 ter respeito ao princ\u00edpio de presun\u00e7\u00e3o de inoc\u00eancia, ao direito de defesa e ao contradit\u00f3rio, \u201cexpressamente previstos como cl\u00e1usulas p\u00e9treas no artigo 5\u00ba da Carta Magna\u201d. Isso, por\u00e9m, n\u00e3o ocorreu. Na manh\u00e3 de ontem, sem comunica\u00e7\u00e3o pr\u00e9via, Moraes revogou a liberdade condicional de Silveira, em virtude de suposto descumprimento de cautelares.\n<\/p>\n<p>Outro argumento usado por Moraes no despacho, a fim de devolver Silveira ao c\u00e1rcere, s\u00e3o as mais de 200 supostas viola\u00e7\u00f5es de medidas restritivas. O juiz do STF, contudo, n\u00e3o esclareceu que elas teriam ocorrido antes da concess\u00e3o da liberdade condicional.\n<\/p>\n<p>\u201cIndependentemente do descumprimento frequente de medidas impostas a Silveira antes de sua condena\u00e7\u00e3o e pris\u00e3o-pena, \u00e9 preciso observar que a desobedi\u00eancia de uma das condi\u00e7\u00f5es impostas ao apenado deu-se durante o gozo do livramento condicional, o que imp\u00f5e a obriga\u00e7\u00e3o de o magistrado manter a sua imparcialidade e prud\u00eancia, sem olvidar do atendimento ao princ\u00edpio da proporcionalidade, no sentido de n\u00e3o levar em conta, do ponto de vista legal, o fato de o ent\u00e3o liberado ter descumprido in\u00fameras medidas cautelares \u2018antes da sua condena\u00e7\u00e3o e pris\u00e3o&#8217;\u201d, constatou a especialista, ao mencionar que Moraes poderia ter dado uma advert\u00eancia a Silveira, em vez de j\u00e1 determinar a pris\u00e3o, e informar que, em caso de reincid\u00eancia, seria, ent\u00e3o, detido.\n<\/p>\n<p>Para a especialista, Moraes poderia ter optado pela advert\u00eancia, visto que a conduta de Silveira n\u00e3o corresponde a uma causa obrigat\u00f3ria de revoga\u00e7\u00e3o de livramento, e sim facultativa, pois n\u00e3o se trata de cometimento de crime, segundo os artigos 85, 86 e 87 do C\u00f3digo Penal e os dispositivos 132 e 140 da Lei de Execu\u00e7\u00e3o Penal.\n<\/p>\n<p>Fonte: Revista Oeste              <\/p>\n<\/div>\n<p><br \/>\n<br \/><a href=\"https:\/\/diariodobrasilnoticias.com.br\/noticia\/jurista-lista-abusos-ocorridos-durante-a-prisao-de-daniel-silveira-676c23a97f369\">Source link <\/a><\/p>","protected":false},"excerpt":{"rendered":"<p>Determinada pelo ministro Alexandre de Moraes, do Supremo Tribunal Federal (STF), a pris\u00e3o de Daniel Silveira \u00e9 cercada de abusos. A primeira arbitrariedade foi n\u00e3o ter ouvido a defesa do&hellip;<\/p>","protected":false},"author":1,"featured_media":82546,"comment_status":"closed","ping_status":"open","sticky":false,"template":"","format":"standard","meta":{"content-type":"","footnotes":""},"categories":[16],"tags":[123,2448,5313,1267],"class_list":["post-82545","post","type-post","status-publish","format-standard","has-post-thumbnail","hentry","category-noticias","tag-brasil","tag-diario","tag-noticia","tag-noticias"],"_links":{"self":[{"href":"https:\/\/tvbrazilusa.com\/pt\/wp-json\/wp\/v2\/posts\/82545","targetHints":{"allow":["GET"]}}],"collection":[{"href":"https:\/\/tvbrazilusa.com\/pt\/wp-json\/wp\/v2\/posts"}],"about":[{"href":"https:\/\/tvbrazilusa.com\/pt\/wp-json\/wp\/v2\/types\/post"}],"author":[{"embeddable":true,"href":"https:\/\/tvbrazilusa.com\/pt\/wp-json\/wp\/v2\/users\/1"}],"replies":[{"embeddable":true,"href":"https:\/\/tvbrazilusa.com\/pt\/wp-json\/wp\/v2\/comments?post=82545"}],"version-history":[{"count":1,"href":"https:\/\/tvbrazilusa.com\/pt\/wp-json\/wp\/v2\/posts\/82545\/revisions"}],"predecessor-version":[{"id":82547,"href":"https:\/\/tvbrazilusa.com\/pt\/wp-json\/wp\/v2\/posts\/82545\/revisions\/82547"}],"wp:featuredmedia":[{"embeddable":true,"href":"https:\/\/tvbrazilusa.com\/pt\/wp-json\/wp\/v2\/media\/82546"}],"wp:attachment":[{"href":"https:\/\/tvbrazilusa.com\/pt\/wp-json\/wp\/v2\/media?parent=82545"}],"wp:term":[{"taxonomy":"category","embeddable":true,"href":"https:\/\/tvbrazilusa.com\/pt\/wp-json\/wp\/v2\/categories?post=82545"},{"taxonomy":"post_tag","embeddable":true,"href":"https:\/\/tvbrazilusa.com\/pt\/wp-json\/wp\/v2\/tags?post=82545"}],"curies":[{"name":"wp","href":"https:\/\/api.w.org\/{rel}","templated":true}]}}