{"id":82577,"date":"2024-12-25T19:00:58","date_gmt":"2024-12-25T19:00:58","guid":{"rendered":"https:\/\/tvbrazilusa.com\/2024\/12\/25\/embraer-se-manifesta-sobre-queda-de-aviao-no-cazaquistao\/"},"modified":"2024-12-25T19:00:59","modified_gmt":"2024-12-25T19:00:59","slug":"embraer-se-manifesta-sobre-queda-de-aviao-no-cazaquistao","status":"publish","type":"post","link":"https:\/\/tvbrazilusa.com\/pt\/2024\/12\/25\/embraer-se-manifesta-sobre-queda-de-aviao-no-cazaquistao\/","title":{"rendered":"Embraer se manifesta sobre queda de avi\u00e3o no Cazaquist\u00e3o"},"content":{"rendered":"<p> <script async src=\"https:\/\/pagead2.googlesyndication.com\/pagead\/js\/adsbygoogle.js?client=ca-pub-8864793242727901\"\r\n     crossorigin=\"anonymous\"><\/script><br \/>\n<\/p>\n<div id=\"taboola-read-more\" style=\"display:block; width:100%\">\n<p>A Embraer divulgou uma nota nesta quarta-feira, 25, para comentar a queda de um avi\u00e3o de sua fabrica\u00e7\u00e3o no Cazaquist\u00e3o. Segundo as autoridades locais, havia 67 pessoas na aeronave na hora da queda e 28 sobreviveram.\n<\/p>\n<p>\u201cEstamos profundamente tristes com a ocorr\u00eancia de hoje, pr\u00f3ximo a Aktau, no Cazaquist\u00e3o. Os nossos pensamentos e sinceras condol\u00eancias v\u00e3o para as fam\u00edlias, amigos, colegas e entes queridos afetados pelo ocorrido. Estamos acompanhando de perto a situa\u00e7\u00e3o e continuamos totalmente empenhados em apoiar as autoridades competentes\u201d, disse a empresa na nota.<\/p>\n<p>A Embraer divulgou uma nota nesta quarta-feira, 25, para comentar a queda de um avi\u00e3o de sua fabrica\u00e7\u00e3o no Cazaquist\u00e3o. Segundo as autoridades locais, havia 67 pessoas na aeronave na hora da queda e 28 sobreviveram.\n<\/p>\n<p>\u201cEstamos profundamente tristes com a ocorr\u00eancia de hoje, pr\u00f3ximo a Aktau, no Cazaquist\u00e3o. Os nossos pensamentos e sinceras condol\u00eancias v\u00e3o para as fam\u00edlias, amigos, colegas e entes queridos afetados pelo ocorrido. Estamos acompanhando de perto a situa\u00e7\u00e3o e continuamos totalmente empenhados em apoiar as autoridades competentes\u201d, disse a empresa na nota.\n<\/p>\n<p>A aeronave da Azerbaijan Airlines, modelo Embraer 190, caiu pr\u00f3ximo \u00e0 cidade de Aktau, no Cazaquist\u00e3o. O voo J2-8243 partiu da capital do Azerbaij\u00e3o, Bacu, com destino \u00e0 cidade de Gr\u00f3zni, na Chech\u00eania.\n<\/p>\n<p>Pouso de emerg\u00eancia<br \/>A companhia a\u00e9rea confirmou que a aeronave foi for\u00e7ada a realizar um pouso de emerg\u00eancia a aproximadamente tr\u00eas quil\u00f4metros do centro de Aktau, em decorr\u00eancia de um nevoeiro denso em Gr\u00f3zni.\n<\/p>\n<p>O Minist\u00e9rio de Emerg\u00eancias do Cazaquist\u00e3o informou que as equipes de bombeiros conseguiram controlar o inc\u00eandio e auxiliar os sobreviventes, que foram levados para unidades hospitalares nas proximidades. Atuaram no resgate 150 bombeiros.\n<\/p>\n<p>Segundo o servi\u00e7o de imprensa do Minist\u00e9rio dos Transportes do Cazaquist\u00e3o, estavam a bordo do avi\u00e3o 37 azerbaijanos, seis cazaques, tr\u00eas quirguizes e 16 russos.\n<\/p>\n<p>As autoridades cazaques iniciaram investiga\u00e7\u00f5es para apurar as causas do acidente, incluindo poss\u00edveis falhas t\u00e9cnicas na aeronave.<\/p>\n<p>Fonte: O antagonista              <\/p>\n<\/div>\n<p><br \/>\n<br \/><a href=\"https:\/\/diariodobrasilnoticias.com.br\/noticia\/embraer-se-manifesta-sobre-queda-de-aviao-no-cazaquistao-676c349c432e0\">Source link <\/a><\/p>","protected":false},"excerpt":{"rendered":"<p>A Embraer divulgou uma nota nesta quarta-feira, 25, para comentar a queda de um avi\u00e3o de sua fabrica\u00e7\u00e3o no Cazaquist\u00e3o. Segundo as autoridades locais, havia 67 pessoas na aeronave na&hellip;<\/p>","protected":false},"author":1,"featured_media":82578,"comment_status":"closed","ping_status":"open","sticky":false,"template":"","format":"standard","meta":{"content-type":"","footnotes":""},"categories":[16],"tags":[123,2448,5313,1267],"class_list":["post-82577","post","type-post","status-publish","format-standard","has-post-thumbnail","hentry","category-noticias","tag-brasil","tag-diario","tag-noticia","tag-noticias"],"_links":{"self":[{"href":"https:\/\/tvbrazilusa.com\/pt\/wp-json\/wp\/v2\/posts\/82577","targetHints":{"allow":["GET"]}}],"collection":[{"href":"https:\/\/tvbrazilusa.com\/pt\/wp-json\/wp\/v2\/posts"}],"about":[{"href":"https:\/\/tvbrazilusa.com\/pt\/wp-json\/wp\/v2\/types\/post"}],"author":[{"embeddable":true,"href":"https:\/\/tvbrazilusa.com\/pt\/wp-json\/wp\/v2\/users\/1"}],"replies":[{"embeddable":true,"href":"https:\/\/tvbrazilusa.com\/pt\/wp-json\/wp\/v2\/comments?post=82577"}],"version-history":[{"count":1,"href":"https:\/\/tvbrazilusa.com\/pt\/wp-json\/wp\/v2\/posts\/82577\/revisions"}],"predecessor-version":[{"id":82579,"href":"https:\/\/tvbrazilusa.com\/pt\/wp-json\/wp\/v2\/posts\/82577\/revisions\/82579"}],"wp:featuredmedia":[{"embeddable":true,"href":"https:\/\/tvbrazilusa.com\/pt\/wp-json\/wp\/v2\/media\/82578"}],"wp:attachment":[{"href":"https:\/\/tvbrazilusa.com\/pt\/wp-json\/wp\/v2\/media?parent=82577"}],"wp:term":[{"taxonomy":"category","embeddable":true,"href":"https:\/\/tvbrazilusa.com\/pt\/wp-json\/wp\/v2\/categories?post=82577"},{"taxonomy":"post_tag","embeddable":true,"href":"https:\/\/tvbrazilusa.com\/pt\/wp-json\/wp\/v2\/tags?post=82577"}],"curies":[{"name":"wp","href":"https:\/\/api.w.org\/{rel}","templated":true}]}}