{"id":82580,"date":"2024-12-25T19:14:50","date_gmt":"2024-12-25T19:14:50","guid":{"rendered":"https:\/\/tvbrazilusa.com\/2024\/12\/25\/esposa-tira-a-vida-de-cabo-da-pmce-motivada-por-ciumes\/"},"modified":"2024-12-25T19:14:52","modified_gmt":"2024-12-25T19:14:52","slug":"esposa-tira-a-vida-de-cabo-da-pmce-motivada-por-ciumes","status":"publish","type":"post","link":"https:\/\/tvbrazilusa.com\/pt\/2024\/12\/25\/esposa-tira-a-vida-de-cabo-da-pmce-motivada-por-ciumes\/","title":{"rendered":"Esposa tira a vida de cabo da PMCE motivada por ci\u00fames"},"content":{"rendered":"<p> <script async src=\"https:\/\/pagead2.googlesyndication.com\/pagead\/js\/adsbygoogle.js?client=ca-pub-8864793242727901\"\r\n     crossorigin=\"anonymous\"><\/script><br \/>\n<\/p>\n<div id=\"taboola-read-more\" style=\"display:block; width:100%\">\n<p>O tr\u00e1gico acontecimento envolvendo o cabo Wagner Sandys Pinheiro de Lima, da Pol\u00edcia Militar do Cear\u00e1, chocou a comunidade de Fortaleza. Encontrado morto em sua resid\u00eancia no bairro Granja Lisboa, o caso levanta quest\u00f5es sobre viol\u00eancia dom\u00e9stica e a din\u00e2mica de rela\u00e7\u00f5es pessoais conturbadas.\n<\/p>\n<p>A principal suspeita do crime \u00e9 a esposa da v\u00edtima, de 30 anos, que foi detida em flagrante e atualmente est\u00e1 \u00e0 disposi\u00e7\u00e3o da Justi\u00e7a. Segundo o depoimento dela, uma discuss\u00e3o motivada por ci\u00fames escalou ap\u00f3s a descoberta de uma suposta trai\u00e7\u00e3o, culminando em amea\u00e7as de morte e, tragicamente, no disparo fatal contra o policial.<\/p>\n<p>Como a Pol\u00edcia Est\u00e1 Abordando o Caso?<br \/>O tr\u00e1gico acontecimento envolvendo o cabo Wagner Sandys Pinheiro de Lima, da Pol\u00edcia Militar do Cear\u00e1, chocou a comunidade de Fortaleza. Encontrado morto em sua resid\u00eancia no bairro Granja Lisboa, o caso levanta quest\u00f5es sobre viol\u00eancia dom\u00e9stica e a din\u00e2mica de rela\u00e7\u00f5es pessoais conturbadas.\n<\/p>\n<p>A principal suspeita do crime \u00e9 a esposa da v\u00edtima, de 30 anos, que foi detida em flagrante e atualmente est\u00e1 \u00e0 disposi\u00e7\u00e3o da Justi\u00e7a. Segundo o depoimento dela, uma discuss\u00e3o motivada por ci\u00fames escalou ap\u00f3s a descoberta de uma suposta trai\u00e7\u00e3o, culminando em amea\u00e7as de morte e, tragicamente, no disparo fatal contra o policial.\n<\/p>\n<p>Como a Pol\u00edcia Est\u00e1 Abordando o Caso?<br \/>O caso est\u00e1 sendo investigado pelo 32\u00ba Distrito Policial, sob a coordena\u00e7\u00e3o da Secretaria da Seguran\u00e7a P\u00fablica e Defesa Social (SSPDS). Equipes da Pol\u00edcia Militar, bem como do Departamento de Homic\u00eddios e Prote\u00e7\u00e3o \u00e0 Pessoa (DHPP), estiveram presentes na cena do crime para reunir evid\u00eancias e dar in\u00edcio \u00e0s investiga\u00e7\u00f5es. A Per\u00edcia Forense do Estado do Cear\u00e1 (Pefoce) desempenhou um papel crucial nos procedimentos iniciais.\n<\/p>\n<p>A SSPDS destacou a import\u00e2ncia de uma investiga\u00e7\u00e3o detalhada para entender todas as nuances do acontecimento. A esposa, mesmo sob cust\u00f3dia, colabora com as autoridades, enquanto se analisam provas para entender o contexto completo dos eventos que levaram ao disparo fatal.\n<\/p>\n<p>Quais s\u00e3o as Pr\u00f3ximas Etapas da Investiga\u00e7\u00e3o?<br \/>Enquanto o caso avan\u00e7a, a prioridade das autoridades \u00e9 reunir depoimentos de testemunhas e realizar per\u00edcias adicionais. A colabora\u00e7\u00e3o entre a pol\u00edcia civil e a forense deve esclarecer pontos importantes, como a din\u00e2mica exata do crime e o estado emocional dos envolvidos na noite fat\u00eddica.\n<\/p>\n<p>Coleta de depoimentos para compreens\u00e3o do hist\u00f3rico do casal.<br \/>Revis\u00e3o de provas materiais e digitais dispon\u00edveis.<br \/>Poss\u00edveis reconstitui\u00e7\u00f5es do evento para maior clareza.<br \/>Impacto e Rea\u00e7\u00f5es da Comunidade<br \/>A morte de Wagner Sandys causou grande como\u00e7\u00e3o, especialmente entre colegas de trabalho e amigos, com muitos ressaltando seu comprometimento profissional desde que ingressou na corpora\u00e7\u00e3o em outubro de 2014. A SSPDS expressou publicamente sua tristeza pela perda de um membro valioso, destacando os servi\u00e7os relevantes prestados \u00e0 sociedade cearense.\n<\/p>\n<p>Esse caso levanta preocupa\u00e7\u00f5es sobre a preven\u00e7\u00e3o de conflitos relacionais que podem escalar para a viol\u00eancia. Organiza\u00e7\u00f5es de apoio \u00e0 v\u00edtima e programas de conscientiza\u00e7\u00e3o sobre viol\u00eancia dom\u00e9stica v\u00eaem na trag\u00e9dia uma oportunidade de intensificar o di\u00e1logo na comunidade.\n<\/p>\n<p>Conclus\u00e3o: Um Chamado \u00e0 Reflex\u00e3o e A\u00e7\u00e3o<br \/>O desfecho deste caso ainda est\u00e1 por vir, mas j\u00e1 serve de alerta sobre a complexidade das rela\u00e7\u00f5es interpessoais e os riscos associados \u00e0 viol\u00eancia dom\u00e9stica. \u00c9 essencial que medidas preventivas e educativas sejam fortalecidas para lidar com emo\u00e7\u00f5es como ci\u00fame e desconfian\u00e7a antes que se transformem em trag\u00e9dias.\n<\/p>\n<p>Enquanto a justi\u00e7a segue seu curso, a solidariedade \u00e9 um lembrete de que a viol\u00eancia nunca \u00e9 a resposta e que existem caminhos para a reconcilia\u00e7\u00e3o e o entendimento pac\u00edfico.<\/p>\n<p>Fonte: O antagonista              <\/p>\n<\/div>\n<p><br \/>\n<br \/><a href=\"https:\/\/diariodobrasilnoticias.com.br\/noticia\/esposa-tira-a-vida-de-cabo-da-pmce-motivada-por-ciumes-676c34449bcda\">Source link <\/a><\/p>","protected":false},"excerpt":{"rendered":"<p>O tr\u00e1gico acontecimento envolvendo o cabo Wagner Sandys Pinheiro de Lima, da Pol\u00edcia Militar do Cear\u00e1, chocou a comunidade de Fortaleza. Encontrado morto em sua resid\u00eancia no bairro Granja Lisboa,&hellip;<\/p>","protected":false},"author":1,"featured_media":82581,"comment_status":"closed","ping_status":"open","sticky":false,"template":"","format":"standard","meta":{"content-type":"","footnotes":""},"categories":[16],"tags":[123,2448,5313,1267],"class_list":["post-82580","post","type-post","status-publish","format-standard","has-post-thumbnail","hentry","category-noticias","tag-brasil","tag-diario","tag-noticia","tag-noticias"],"_links":{"self":[{"href":"https:\/\/tvbrazilusa.com\/pt\/wp-json\/wp\/v2\/posts\/82580","targetHints":{"allow":["GET"]}}],"collection":[{"href":"https:\/\/tvbrazilusa.com\/pt\/wp-json\/wp\/v2\/posts"}],"about":[{"href":"https:\/\/tvbrazilusa.com\/pt\/wp-json\/wp\/v2\/types\/post"}],"author":[{"embeddable":true,"href":"https:\/\/tvbrazilusa.com\/pt\/wp-json\/wp\/v2\/users\/1"}],"replies":[{"embeddable":true,"href":"https:\/\/tvbrazilusa.com\/pt\/wp-json\/wp\/v2\/comments?post=82580"}],"version-history":[{"count":1,"href":"https:\/\/tvbrazilusa.com\/pt\/wp-json\/wp\/v2\/posts\/82580\/revisions"}],"predecessor-version":[{"id":82582,"href":"https:\/\/tvbrazilusa.com\/pt\/wp-json\/wp\/v2\/posts\/82580\/revisions\/82582"}],"wp:featuredmedia":[{"embeddable":true,"href":"https:\/\/tvbrazilusa.com\/pt\/wp-json\/wp\/v2\/media\/82581"}],"wp:attachment":[{"href":"https:\/\/tvbrazilusa.com\/pt\/wp-json\/wp\/v2\/media?parent=82580"}],"wp:term":[{"taxonomy":"category","embeddable":true,"href":"https:\/\/tvbrazilusa.com\/pt\/wp-json\/wp\/v2\/categories?post=82580"},{"taxonomy":"post_tag","embeddable":true,"href":"https:\/\/tvbrazilusa.com\/pt\/wp-json\/wp\/v2\/tags?post=82580"}],"curies":[{"name":"wp","href":"https:\/\/api.w.org\/{rel}","templated":true}]}}