{"id":82586,"date":"2024-12-25T19:39:23","date_gmt":"2024-12-25T19:39:23","guid":{"rendered":"https:\/\/tvbrazilusa.com\/2024\/12\/25\/daniel-silveira-visitou-igreja-para-agradecer-liberdade-antes-de-ser-preso-novamente\/"},"modified":"2024-12-25T19:39:24","modified_gmt":"2024-12-25T19:39:24","slug":"daniel-silveira-visitou-igreja-para-agradecer-liberdade-antes-de-ser-preso-novamente","status":"publish","type":"post","link":"https:\/\/tvbrazilusa.com\/pt\/2024\/12\/25\/daniel-silveira-visitou-igreja-para-agradecer-liberdade-antes-de-ser-preso-novamente\/","title":{"rendered":"Daniel Silveira visitou igreja para agradecer liberdade antes de ser preso novamente."},"content":{"rendered":"<p> <script async src=\"https:\/\/pagead2.googlesyndication.com\/pagead\/js\/adsbygoogle.js?client=ca-pub-8864793242727901\"\r\n     crossorigin=\"anonymous\"><\/script><br \/>\n<\/p>\n<div id=\"taboola-read-more\" style=\"display:block; width:100%\">\n<p>Um dia antes de ser retornar \u00e0 pris\u00e3o, na v\u00e9spera de Natal, o ex-deputado Daniel Silveira foi \u00e0 igreja para agradecer por sua liberdade. A informa\u00e7\u00e3o foi dada por seu advogado, Paulo Faria, um dia antes da opera\u00e7\u00e3o que levou Silveira de volta \u00e0 deten\u00e7\u00e3o. Segundo decis\u00e3o do ministro Alexandre de Moraes, do Supremo Tribunal Federal (STF), o ex-parlamentar voltou a ser preso por descumprir medidas cautelares.\n<\/p>\n<p>&#8220;A todos que torceram pela liberdade de Daniel Silveira, saibam que ele est\u00e1 feliz em fam\u00edlia. Falei com ele hoje, foi \u00e0 igreja agradecer a &#8216;liberdade&#8217;, e vai curtir a fam\u00edlia. Muito obrigado por tudo, e pelas ora\u00e7\u00f5es. Falo em nome da esposa, filhas, m\u00e3e e irm\u00e3&#8221;, escreveu seu advogado nas redes sociais.<\/p>\n<p>Daniel Silveira foi solto na \u00faltima sexta-feira (20), ap\u00f3s Moraes entender que ele j\u00e1 havia cumprido uma parcela significativa da pena, convertendo a pris\u00e3o em condicional. O post do advogado ocorreu nesta segunda-feira, tr\u00eas dias ap\u00f3s a soltura que durou quatro dias.\n<\/p>\n<p>Na ter\u00e7a-feira, por descumprir medidas cautelares, na madrugada do dia 22 de dezembro. Segundo o magistrado, ele usou uma ida ao hospital para desrespeitar o toque de recolher, previsto para as 22h. Silveira deixou o hospital por volta de 0h30, mas foi a um condom\u00ednio posteriormente, ficando na rua at\u00e9 2h.\n<\/p>\n<p>\u201cO sentenciado demonstrou, novamente, seu total desrespeito ao poder judici\u00e1rio e \u00e0 legisla\u00e7\u00e3o brasileira, como fez por, ao menos, 227 (duzentas e vinte e sete) vezes em que violou e descumpriu as medidas cautelares diversas da pris\u00e3o durante toda a instru\u00e7\u00e3o processual penal\u201d, disse Moraes na decis\u00e3o.\n<\/p>\n<p>Daniel Silveira estava preso desde 2 de fevereiro de 2023. Ele foi condenado, em 2022, a oito anos e nove meses de pris\u00e3o por amea\u00e7ar o Estado Democr\u00e1tico de Direito e coagir o andamento do processo. Em outubro passado, ele ganhou progress\u00e3o de regime fechado para o semiaberto e, na \u00faltima sexta-feira, conquistou a liberdade condicional.<\/p>\n<p>Fonte: O Globo              <\/p>\n<\/div>\n<p><br \/>\n<br \/><a href=\"https:\/\/diariodobrasilnoticias.com.br\/noticia\/daniel-silveira-visitou-igreja-para-agradecer-liberdade-antes-de-ser-preso-novamente-676c3b3130bd1\">Source link <\/a><\/p>","protected":false},"excerpt":{"rendered":"<p>Um dia antes de ser retornar \u00e0 pris\u00e3o, na v\u00e9spera de Natal, o ex-deputado Daniel Silveira foi \u00e0 igreja para agradecer por sua liberdade. A informa\u00e7\u00e3o foi dada por seu&hellip;<\/p>","protected":false},"author":1,"featured_media":82587,"comment_status":"closed","ping_status":"open","sticky":false,"template":"","format":"standard","meta":{"content-type":"","footnotes":""},"categories":[16],"tags":[123,2448,5313,1267],"class_list":["post-82586","post","type-post","status-publish","format-standard","has-post-thumbnail","hentry","category-noticias","tag-brasil","tag-diario","tag-noticia","tag-noticias"],"_links":{"self":[{"href":"https:\/\/tvbrazilusa.com\/pt\/wp-json\/wp\/v2\/posts\/82586","targetHints":{"allow":["GET"]}}],"collection":[{"href":"https:\/\/tvbrazilusa.com\/pt\/wp-json\/wp\/v2\/posts"}],"about":[{"href":"https:\/\/tvbrazilusa.com\/pt\/wp-json\/wp\/v2\/types\/post"}],"author":[{"embeddable":true,"href":"https:\/\/tvbrazilusa.com\/pt\/wp-json\/wp\/v2\/users\/1"}],"replies":[{"embeddable":true,"href":"https:\/\/tvbrazilusa.com\/pt\/wp-json\/wp\/v2\/comments?post=82586"}],"version-history":[{"count":1,"href":"https:\/\/tvbrazilusa.com\/pt\/wp-json\/wp\/v2\/posts\/82586\/revisions"}],"predecessor-version":[{"id":82588,"href":"https:\/\/tvbrazilusa.com\/pt\/wp-json\/wp\/v2\/posts\/82586\/revisions\/82588"}],"wp:featuredmedia":[{"embeddable":true,"href":"https:\/\/tvbrazilusa.com\/pt\/wp-json\/wp\/v2\/media\/82587"}],"wp:attachment":[{"href":"https:\/\/tvbrazilusa.com\/pt\/wp-json\/wp\/v2\/media?parent=82586"}],"wp:term":[{"taxonomy":"category","embeddable":true,"href":"https:\/\/tvbrazilusa.com\/pt\/wp-json\/wp\/v2\/categories?post=82586"},{"taxonomy":"post_tag","embeddable":true,"href":"https:\/\/tvbrazilusa.com\/pt\/wp-json\/wp\/v2\/tags?post=82586"}],"curies":[{"name":"wp","href":"https:\/\/api.w.org\/{rel}","templated":true}]}}