{"id":82589,"date":"2024-12-25T19:52:58","date_gmt":"2024-12-25T19:52:58","guid":{"rendered":"https:\/\/tvbrazilusa.com\/2024\/12\/25\/bebe-e-retirada-do-proprio-velorio-apos-familia-dizer-que-ela-mexeu-a-mao-veja-video\/"},"modified":"2024-12-25T19:53:00","modified_gmt":"2024-12-25T19:53:00","slug":"bebe-e-retirada-do-proprio-velorio-apos-familia-dizer-que-ela-mexeu-a-mao-veja-video","status":"publish","type":"post","link":"https:\/\/tvbrazilusa.com\/pt\/2024\/12\/25\/bebe-e-retirada-do-proprio-velorio-apos-familia-dizer-que-ela-mexeu-a-mao-veja-video\/","title":{"rendered":"Beb\u00ea \u00e9 retirada do pr\u00f3prio vel\u00f3rio ap\u00f3s fam\u00edlia dizer que ela mexeu a m\u00e3o; VEJA V\u00cdDEO"},"content":{"rendered":"<p> <script async src=\"https:\/\/pagead2.googlesyndication.com\/pagead\/js\/adsbygoogle.js?client=ca-pub-8864793242727901\"\r\n     crossorigin=\"anonymous\"><\/script><br \/>\n<\/p>\n<div id=\"taboola-read-more\" style=\"display:block; width:100%\">\n<p>Uma beb\u00ea de 8 meses foi retirada do pr\u00f3prio vel\u00f3rio em Correia Pinto, na Serra de Santa Catarina, na noite deste s\u00e1bado (19) depois que familiares disseram que ela mexeu a m\u00e3o. Bombeiros foram chamados e verificaram que a menina tinha batimentos card\u00edacos fracos e n\u00e3o apresentava rigidez nas pernas. Mas, segundo a prefeitura, a crian\u00e7a foi levada ao hospital, onde foi novamente atestada a morte.\n<\/p>\n<p><strong>ASSISTA:<\/strong><\/p>\n<p>A Pol\u00edcia Cient\u00edfica far\u00e1 um laudo conclusivo em at\u00e9 30 dias. O g1 entrou em contato com a Pol\u00edcia Civil para saber se haver\u00e1 investiga\u00e7\u00e3o e n\u00e3o havia obtido retorno at\u00e9 a \u00faltima atualiza\u00e7\u00e3o desta reportagem.\n<\/p>\n<p>O Minist\u00e9rio P\u00fablico de Santa Catarina (MPSC) afirmou que pediu apura\u00e7\u00e3o das circunst\u00e2ncias da morte da beb\u00ea.\n<\/p>\n<p>Cristiano Santos, pai da menina, falou brevemente com o g1. &#8220;A gente j\u00e1 estava digamos que bastante transtornado. A\u00ed surgiu um pouquinho de esperan\u00e7a ali e acabou acontecendo tudo isso&#8221;, lamentou.\n<\/p>\n<p>O que aconteceu no vel\u00f3rio<br \/>O Corpo de Bombeiros Militar foi chamado perto das 19h. De acordo com a corpora\u00e7\u00e3o, ao chegarem ao local do vel\u00f3rio, j\u00e1 havia um farmac\u00eautico. O profissional usava um ox\u00edmetro infantil e verificou sinais de satura\u00e7\u00e3o de oxig\u00eanio e batimentos card\u00edacos na crian\u00e7a. Isso foi checado tamb\u00e9m com uso de estetosc\u00f3pio.\n<\/p>\n<p>Segundo os bombeiros, os batimentos eram fracos. Al\u00e9m disso, a corpora\u00e7\u00e3o fez um teste nas pernas da beb\u00ea, e elas n\u00e3o apresentavam rigidez.\n<\/p>\n<p>Com esses sinais, a crian\u00e7a foi levada ao hospital. Conforme os bombeiros, ao chegarem ao local, foram feitos novos testes de oxig\u00eanio e batimentos card\u00edacos, que resultaram em 84% a satura\u00e7\u00e3o de oxig\u00eanio e 71 batimentos por minuto.\n<\/p>\n<p>Em seguida, foi feito exame de eletrocardiograma, que n\u00e3o detectou sinais el\u00e9tricos. A beb\u00ea permaneceu no hospital.\n<\/p>\n<p>O que diz o hospital<br \/>A menina foi atendida na Funda\u00e7\u00e3o Hospitalar Faustino Riscarolli. A prefeitura se manifestou por nota.\n<\/p>\n<p>De acordo com o munic\u00edpio, inicialmente a beb\u00ea deu entrada no hospital por volta das 3h de s\u00e1bado. &#8220;O atendimento foi realizado pela equipe plantonista, que constatou o \u00f3bito da crian\u00e7a&#8221;, diz o comunicado.\n<\/p>\n<p>Por\u00e9m, por volta das 19h, a crian\u00e7a foi novamente levada ao hospital, desta vez pelos bombeiros, com relato de sinais de satura\u00e7\u00e3o de oxig\u00eanio. &#8220;A equipe m\u00e9dica, mais uma vez atendeu a crian\u00e7a, e foi constatado o \u00f3bito&#8221;, continuou a nota.\n<\/p>\n<p>Diante da situa\u00e7\u00e3o, a diretoria do hospital chamou a Pol\u00edcia Cient\u00edfica, &#8220;que realizar\u00e1 a an\u00e1lise e emitir\u00e1 o laudo conclusivo no prazo de aproximadamente 30 dias&#8221; (veja a \u00edntegra abaixo).\n<\/p>\n<p>At\u00e9 a \u00faltima atualiza\u00e7\u00e3o desta reportagem, a Pol\u00edcia Cient\u00edfica n\u00e3o havia se manifestado sobre o caso.\n<\/p>\n<p>O que diz a funer\u00e1ria<br \/>\u00c1ureo Arruda Ramos, propriet\u00e1rio da Funer\u00e1ria S\u00e3o Jos\u00e9, conversou com o g1 sobre o que ocorreu no vel\u00f3rio. Ele disse que foi chamado por volta das 4h20 de s\u00e1bado.\n<\/p>\n<p>&#8220;A gente recebeu atestado de \u00f3bito do m\u00e9dico, doutor me passou. L\u00e1 a gente passa na porteira do hospital, faz o protocolo de recebimento da D.O. [declara\u00e7\u00e3o de \u00f3bito], assina o nome do agente funer\u00e1rio, nome de quem retirou, o nome da crian\u00e7a e o nome da funer\u00e1ria que recebeu isso e levamos para a funer\u00e1ria&#8221;, relatou.\n<\/p>\n<p>&#8220;A fam\u00edlia foi em casa buscar roupa. Trouxeram a roupa, deu um bainho nela. N\u00e3o tem a mesma prepara\u00e7\u00e3o de um adulto. Vestiu a roupa, colocamos na urna. Por volta de 6h15 mais ou menos o corpinho estava pronto. Foram chamar a av\u00f3 da beb\u00ea, que mora pr\u00f3ximo do interior. Ficamos com a beb\u00ea. O vel\u00f3rio come\u00e7ou 7h&#8221;.\n<\/p>\n<p>Ramos j\u00e1 atendia a outro \u00f3bito na tarde de s\u00e1bado, na cidade vizinha de Lages, quando foi chamado novamente ao vel\u00f3rio da beb\u00ea, por volta das 18h.\n<\/p>\n<p>&#8220;Eu recebi uma liga\u00e7\u00e3o quando estava pr\u00f3ximo a Correia Pinto dizendo que achavam que a beb\u00ea estava viva porque puxava a m\u00e3ozinha do beb\u00ea. Parece que o beb\u00ea puxava uma m\u00e3o, apertava a m\u00e3o&#8221;.<br \/>Ele orientou que a fam\u00edlia chamasse os bombeiros ou algum m\u00e9dico do hospital que fez a declara\u00e7\u00e3o de \u00f3bito da crian\u00e7a e os socorristas foram acionados.\n<\/p>\n<p>Nota da Prefeitura de Correia Pinto\n<\/p>\n<p>&#8220;NOTA DE ESCLARECIMENTO\n<\/p>\n<p>A Prefeitura de Correia Pinto, por meio da Funda\u00e7\u00e3o Hospitalar Faustino Riscarolli, se solidariza com a familia de Kiara Crislayne de Moura dos Santos neste momento de dor e esclarece que a paciente deu entrada no hospital por volta das 3 horas do dia 19 de outubro de 2024. O atendimento foi realizado pela equipe plantonista, que constatou o \u00f3bito da crian\u00e7a.\n<\/p>\n<p>Mais tarde no mesmo dia, por volta das 19 horas, a crian\u00e7a foi novamente trazida ao hospital pelo Corpo de Bombeiros Municipal, com relato de sinais de satura\u00e7\u00e3o. A equipe m\u00e9dica, mais uma vez atendeu a crian\u00e7a, e foi constatado o \u00f3bito.\n<\/p>\n<p>Diante dessa situa\u00e7\u00e3o, a Diretora Geral da Funda\u00e7\u00e3o Hospitalar Faustino Riscarolli prontamente acionou o Instituto Geral de Per\u00edcias (IGP), que realizar\u00e1 a an\u00e1lise e emitir\u00e1 o laudo conclusivo no prazo de aproximadamente 30 dias.\n<\/p>\n<p>A Prefeitura de Correia Pinto reitera o seu compromisso em proporcionar o melhor atendimento para todos os cidad\u00e3os, e refor\u00e7a que, em nenhuma circunst\u00e2ncia, qualquer profissional pode emitir atestados ou declara\u00e7\u00f5es sem a devida constata\u00e7\u00e3o das condi\u00e7\u00f5es do paciente. Al\u00e9m disso, todos os profissionais de sa\u00fade s\u00e3o constantemente orientados e treinados, garantindo que a vida e o bem-estar das pessoas sejam sempre a prioridade&#8221;.\n<\/p>\n<p>Movimentos involunt\u00e1rios<br \/>O pediatra Jo\u00e3o Guilherme Bezerra Alves explicou que parece poss\u00edvel que um beb\u00ea, ou qualquer pessoa, tenha movimentos involunt\u00e1rios ap\u00f3s a morte.\n<\/p>\n<p>\u201cEsses movimentos podem ocorrer devido \u00e0 atividade residual nos m\u00fasculos, como espasmos, contra\u00e7\u00f5es musculares ou libera\u00e7\u00e3o de gases. No caso de beb\u00eas, cujos m\u00fasculos e sistema nervoso ainda podem estar mais reativos, esses espasmos podem ser mais percept\u00edveis\u201d.\n<\/p>\n<p>Ele esclareceu: \u201cEsses movimentos, chamados de rigor mortis ou espasmos cadav\u00e9ricos, s\u00e3o causados por rea\u00e7\u00f5es qu\u00edmicas nos m\u00fasculos que ainda ocorrem por um curto per\u00edodo ap\u00f3s a morte, antes que o corpo entre em um estado de rigidez\u201d.\n<\/p>\n<p>Ele destacou, contudo, que essas situa\u00e7\u00f5es n\u00e3o querem necessariamente dizer que a pessoa n\u00e3o est\u00e1 morta.\n<\/p>\n<p>\u201c\u00c9 importante notar que, embora possa parecer que o corpo esteja se movendo, esses movimentos s\u00e3o puramente reflexos involunt\u00e1rios e n\u00e3o indicam qualquer sinal de vida.\u201d\n<\/p>\n<p>Fonte: G1              <\/p>\n<\/div>\n<p><br \/>\n<br \/><a href=\"https:\/\/diariodobrasilnoticias.com.br\/noticia\/bebe-e-retirada-do-proprio-velorio-apos-familia-dizer-que-ela-mexeu-a-mao-veja-video-676c431617ff7\">Source link <\/a><\/p>","protected":false},"excerpt":{"rendered":"<p>Uma beb\u00ea de 8 meses foi retirada do pr\u00f3prio vel\u00f3rio em Correia Pinto, na Serra de Santa Catarina, na noite deste s\u00e1bado (19) depois que familiares disseram que ela mexeu&hellip;<\/p>","protected":false},"author":1,"featured_media":82590,"comment_status":"closed","ping_status":"open","sticky":false,"template":"","format":"standard","meta":{"content-type":"","footnotes":""},"categories":[16],"tags":[123,2448,5313,1267],"class_list":["post-82589","post","type-post","status-publish","format-standard","has-post-thumbnail","hentry","category-noticias","tag-brasil","tag-diario","tag-noticia","tag-noticias"],"_links":{"self":[{"href":"https:\/\/tvbrazilusa.com\/pt\/wp-json\/wp\/v2\/posts\/82589","targetHints":{"allow":["GET"]}}],"collection":[{"href":"https:\/\/tvbrazilusa.com\/pt\/wp-json\/wp\/v2\/posts"}],"about":[{"href":"https:\/\/tvbrazilusa.com\/pt\/wp-json\/wp\/v2\/types\/post"}],"author":[{"embeddable":true,"href":"https:\/\/tvbrazilusa.com\/pt\/wp-json\/wp\/v2\/users\/1"}],"replies":[{"embeddable":true,"href":"https:\/\/tvbrazilusa.com\/pt\/wp-json\/wp\/v2\/comments?post=82589"}],"version-history":[{"count":1,"href":"https:\/\/tvbrazilusa.com\/pt\/wp-json\/wp\/v2\/posts\/82589\/revisions"}],"predecessor-version":[{"id":82591,"href":"https:\/\/tvbrazilusa.com\/pt\/wp-json\/wp\/v2\/posts\/82589\/revisions\/82591"}],"wp:featuredmedia":[{"embeddable":true,"href":"https:\/\/tvbrazilusa.com\/pt\/wp-json\/wp\/v2\/media\/82590"}],"wp:attachment":[{"href":"https:\/\/tvbrazilusa.com\/pt\/wp-json\/wp\/v2\/media?parent=82589"}],"wp:term":[{"taxonomy":"category","embeddable":true,"href":"https:\/\/tvbrazilusa.com\/pt\/wp-json\/wp\/v2\/categories?post=82589"},{"taxonomy":"post_tag","embeddable":true,"href":"https:\/\/tvbrazilusa.com\/pt\/wp-json\/wp\/v2\/tags?post=82589"}],"curies":[{"name":"wp","href":"https:\/\/api.w.org\/{rel}","templated":true}]}}