{"id":82594,"date":"2024-12-25T20:10:25","date_gmt":"2024-12-25T20:10:25","guid":{"rendered":"https:\/\/tvbrazilusa.com\/2024\/12\/25\/casa-de-dois-andares-desaba-e-deixa-pessoa-soterrada\/"},"modified":"2024-12-25T20:10:27","modified_gmt":"2024-12-25T20:10:27","slug":"casa-de-dois-andares-desaba-e-deixa-pessoa-soterrada","status":"publish","type":"post","link":"https:\/\/tvbrazilusa.com\/pt\/2024\/12\/25\/casa-de-dois-andares-desaba-e-deixa-pessoa-soterrada\/","title":{"rendered":"Casa de dois andares desaba e deixa pessoa soterrada"},"content":{"rendered":"<p> <script async src=\"https:\/\/pagead2.googlesyndication.com\/pagead\/js\/adsbygoogle.js?client=ca-pub-8864793242727901\"\r\n     crossorigin=\"anonymous\"><\/script><br \/>\n<\/p>\n<div id=\"taboola-read-more\" style=\"display:block; width:100%\">\n<p>Uma casa de dois andares desabou na manh\u00e3 desta quarta-feira (25\/12), no bairro Conjunto Paulo VI, Regi\u00e3o Nordeste de Belo Horizonte.\n<\/p>\n<p>Segundo informa\u00e7\u00f5es iniciais do Corpo de Bombeiros, quatro pessoas j\u00e1 est\u00e3o fora da resid\u00eancia com escoria\u00e7\u00f5es leves. Militares fazem a retirada de uma v\u00edtima soterrada.<\/p>\n<p>Fonte: Estado de Minas              <\/p>\n<\/div>\n<p><br \/>\n<br \/><a href=\"https:\/\/diariodobrasilnoticias.com.br\/noticia\/casa-de-dois-andares-desaba-e-deixa-pessoa-soterrada-676c497920249\">Source link <\/a><\/p>","protected":false},"excerpt":{"rendered":"<p>Uma casa de dois andares desabou na manh\u00e3 desta quarta-feira (25\/12), no bairro Conjunto Paulo VI, Regi\u00e3o Nordeste de Belo Horizonte. Segundo informa\u00e7\u00f5es iniciais do Corpo de Bombeiros, quatro pessoas&hellip;<\/p>","protected":false},"author":1,"featured_media":82595,"comment_status":"closed","ping_status":"open","sticky":false,"template":"","format":"standard","meta":{"content-type":"","footnotes":""},"categories":[16],"tags":[123,2448,5313,1267],"class_list":["post-82594","post","type-post","status-publish","format-standard","has-post-thumbnail","hentry","category-noticias","tag-brasil","tag-diario","tag-noticia","tag-noticias"],"_links":{"self":[{"href":"https:\/\/tvbrazilusa.com\/pt\/wp-json\/wp\/v2\/posts\/82594","targetHints":{"allow":["GET"]}}],"collection":[{"href":"https:\/\/tvbrazilusa.com\/pt\/wp-json\/wp\/v2\/posts"}],"about":[{"href":"https:\/\/tvbrazilusa.com\/pt\/wp-json\/wp\/v2\/types\/post"}],"author":[{"embeddable":true,"href":"https:\/\/tvbrazilusa.com\/pt\/wp-json\/wp\/v2\/users\/1"}],"replies":[{"embeddable":true,"href":"https:\/\/tvbrazilusa.com\/pt\/wp-json\/wp\/v2\/comments?post=82594"}],"version-history":[{"count":1,"href":"https:\/\/tvbrazilusa.com\/pt\/wp-json\/wp\/v2\/posts\/82594\/revisions"}],"predecessor-version":[{"id":82596,"href":"https:\/\/tvbrazilusa.com\/pt\/wp-json\/wp\/v2\/posts\/82594\/revisions\/82596"}],"wp:featuredmedia":[{"embeddable":true,"href":"https:\/\/tvbrazilusa.com\/pt\/wp-json\/wp\/v2\/media\/82595"}],"wp:attachment":[{"href":"https:\/\/tvbrazilusa.com\/pt\/wp-json\/wp\/v2\/media?parent=82594"}],"wp:term":[{"taxonomy":"category","embeddable":true,"href":"https:\/\/tvbrazilusa.com\/pt\/wp-json\/wp\/v2\/categories?post=82594"},{"taxonomy":"post_tag","embeddable":true,"href":"https:\/\/tvbrazilusa.com\/pt\/wp-json\/wp\/v2\/tags?post=82594"}],"curies":[{"name":"wp","href":"https:\/\/api.w.org\/{rel}","templated":true}]}}