{"id":82606,"date":"2024-12-25T20:47:03","date_gmt":"2024-12-25T20:47:03","guid":{"rendered":"https:\/\/tvbrazilusa.com\/2024\/12\/25\/nasce-clara-filha-de-zeze-di-camargo-e-graciele-lacerda\/"},"modified":"2024-12-25T20:47:06","modified_gmt":"2024-12-25T20:47:06","slug":"nasce-clara-filha-de-zeze-di-camargo-e-graciele-lacerda","status":"publish","type":"post","link":"https:\/\/tvbrazilusa.com\/pt\/2024\/12\/25\/nasce-clara-filha-de-zeze-di-camargo-e-graciele-lacerda\/","title":{"rendered":"Nasce Clara, filha de Zez\u00e9 Di Camargo e Graciele Lacerda"},"content":{"rendered":"<p> <script async src=\"https:\/\/pagead2.googlesyndication.com\/pagead\/js\/adsbygoogle.js?client=ca-pub-8864793242727901\"\r\n     crossorigin=\"anonymous\"><\/script><br \/>\n<\/p>\n<div id=\"taboola-read-more\" style=\"display:block; width:100%\">\n<p>Zez\u00e9 Di Camargo, 62, e Graciele Lacerda, 44, comemoraram a chegada de Clara, primeira filha do casal, bem na madrugada de Natal. A not\u00edcia foi confirmada pela pediatra da fam\u00edlia, Dra. Lilian Zaboto, que celebrou o momento nas redes sociais: \u201cFoi m\u00e1gico! Que Deus aben\u00e7oe a sua vida. Te amamos, princesa\u201d, escreveu, exibindo detalhes do quarto preparado para receber a beb\u00ea.\n<\/p>\n<p>Durante a ceia natalina, Graciele surpreendeu a fam\u00edlia ao simular o nascimento de Clara, em uma brincadeira organizada por Luciele Camargo, irm\u00e3 de Zez\u00e9. Por\u00e9m, horas mais tarde, a encena\u00e7\u00e3o deu lugar \u00e0 realidade.<\/p>\n<p>Wanessa, filha mais velha do cantor, compartilhou registros diretamente do hospital, emocionada com o nascimento da irm\u00e3. \u201cT\u00f4 aqui esperando. N\u00e3o sei por que cheguei aqui e me deu dor de barriga\u2026 T\u00e1 me dando contra\u00e7\u00e3o. Os padrinhos est\u00e3o aqui, eu e Jo\u00e3o, no Natal, 25 de dezembro, Clarinha vai nascer agora, 4h33. Minha irm\u00e3, voc\u00ea escolheu o dia. Vamos contar sobre isso no futuro\u201d, disse ela. Pouco depois, Dra. Lilian anunciou com entusiasmo: \u201cNasceu! Uhul! T\u00f4 aqui do outro lado. Linda demais!\u201d\n<\/p>\n<p>Clara \u00e9 a primeira filha de Graciele Lacerda com Zez\u00e9 Di Camargo. Ele j\u00e1 \u00e9 pai de Wanessa, 41, Camilla, 39, e Igor, 29 \u2014 frutos do casamento anterior com Zilu God\u00f3i \u2014, agora celebra a chegada de mais uma filha para completar a fam\u00edlia.\n<\/p>\n<p>Fonte: Metr\u00f3poles              <\/p>\n<\/div>\n<p><br \/>\n<br \/><a href=\"https:\/\/diariodobrasilnoticias.com.br\/noticia\/nasce-clara-filha-de-zeze-di-camargo-e-graciele-lacerda-676c5ee993e2c\">Source link <\/a><\/p>","protected":false},"excerpt":{"rendered":"<p>Zez\u00e9 Di Camargo, 62, e Graciele Lacerda, 44, comemoraram a chegada de Clara, primeira filha do casal, bem na madrugada de Natal. A not\u00edcia foi confirmada pela pediatra da fam\u00edlia,&hellip;<\/p>","protected":false},"author":1,"featured_media":82607,"comment_status":"closed","ping_status":"open","sticky":false,"template":"","format":"standard","meta":{"content-type":"","footnotes":""},"categories":[16],"tags":[123,2448,5313,1267],"class_list":["post-82606","post","type-post","status-publish","format-standard","has-post-thumbnail","hentry","category-noticias","tag-brasil","tag-diario","tag-noticia","tag-noticias"],"_links":{"self":[{"href":"https:\/\/tvbrazilusa.com\/pt\/wp-json\/wp\/v2\/posts\/82606","targetHints":{"allow":["GET"]}}],"collection":[{"href":"https:\/\/tvbrazilusa.com\/pt\/wp-json\/wp\/v2\/posts"}],"about":[{"href":"https:\/\/tvbrazilusa.com\/pt\/wp-json\/wp\/v2\/types\/post"}],"author":[{"embeddable":true,"href":"https:\/\/tvbrazilusa.com\/pt\/wp-json\/wp\/v2\/users\/1"}],"replies":[{"embeddable":true,"href":"https:\/\/tvbrazilusa.com\/pt\/wp-json\/wp\/v2\/comments?post=82606"}],"version-history":[{"count":1,"href":"https:\/\/tvbrazilusa.com\/pt\/wp-json\/wp\/v2\/posts\/82606\/revisions"}],"predecessor-version":[{"id":82608,"href":"https:\/\/tvbrazilusa.com\/pt\/wp-json\/wp\/v2\/posts\/82606\/revisions\/82608"}],"wp:featuredmedia":[{"embeddable":true,"href":"https:\/\/tvbrazilusa.com\/pt\/wp-json\/wp\/v2\/media\/82607"}],"wp:attachment":[{"href":"https:\/\/tvbrazilusa.com\/pt\/wp-json\/wp\/v2\/media?parent=82606"}],"wp:term":[{"taxonomy":"category","embeddable":true,"href":"https:\/\/tvbrazilusa.com\/pt\/wp-json\/wp\/v2\/categories?post=82606"},{"taxonomy":"post_tag","embeddable":true,"href":"https:\/\/tvbrazilusa.com\/pt\/wp-json\/wp\/v2\/tags?post=82606"}],"curies":[{"name":"wp","href":"https:\/\/api.w.org\/{rel}","templated":true}]}}