{"id":82621,"date":"2024-12-25T21:31:12","date_gmt":"2024-12-25T21:31:12","guid":{"rendered":"https:\/\/tvbrazilusa.com\/2024\/12\/25\/moraes-ordena-que-a-pf-ouca-medicos-para-confirmar-se-daniel-silveira-realmente-foi-ao-hospital\/"},"modified":"2024-12-25T21:31:14","modified_gmt":"2024-12-25T21:31:14","slug":"moraes-ordena-que-a-pf-ouca-medicos-para-confirmar-se-daniel-silveira-realmente-foi-ao-hospital","status":"publish","type":"post","link":"https:\/\/tvbrazilusa.com\/pt\/2024\/12\/25\/moraes-ordena-que-a-pf-ouca-medicos-para-confirmar-se-daniel-silveira-realmente-foi-ao-hospital\/","title":{"rendered":"Moraes ordena que a PF ou\u00e7a m\u00e9dicos para confirmar se Daniel Silveira realmente foi ao hospital"},"content":{"rendered":"<p> <script async src=\"https:\/\/pagead2.googlesyndication.com\/pagead\/js\/adsbygoogle.js?client=ca-pub-8864793242727901\"\r\n     crossorigin=\"anonymous\"><\/script><br \/>\n<\/p>\n<div id=\"taboola-read-more\" style=\"display:block; width:100%\">\n<p>O ministro Alexandre de Moraes, do Supremo Tribunal Federal (STF), determinou, nesta ter\u00e7a-feira, 24, que a Pol\u00edcia Federal (PF) fa\u00e7a uma oitiva com m\u00e9dicos e enfermeiros do hospital que Daniel Silveira informou ter ido, h\u00e1 dois dias, depois de sofrer uma crise renal.\n<\/p>\n<p>A finalidade \u00e9 comprovar se o ex-deputado, de fato, esteve na unidade de sa\u00fade no Hospital Santa Teresa, em Petr\u00f3polis (RJ).<\/p>\n<p>\u201cDetermino que a PF investigue a veracidade da informa\u00e7\u00e3o da suposta interna\u00e7\u00e3o ocorrida pelo sentenciado, na noite do dia 21\/12, com a oitiva dos m\u00e9dicos respons\u00e1veis e enfermeiros de plant\u00e3o\u201d, estabeleceu Moraes. \u201cA libera\u00e7\u00e3o do hospital \u2014 se \u00e9 que realmente existiu a estadia \u2014 ocorreu \u00e0s 0h34 do dia 22\/12, sendo que a viola\u00e7\u00e3o do hor\u00e1rio estendeu-se at\u00e9 as 2h10 horas.\u201d\n<\/p>\n<p>Em virtude da ida com urg\u00eancia de Silveira ao local, por causa de fortes dores lombares, ele voltou para casa por volta de 2 horas da manh\u00e3. Uma das medidas restritivas de Moraes \u00e9 que o ex-deputado retorne para casa at\u00e9 as 22 horas. Por isso, o juiz do STF determinou uma nova pris\u00e3o de Silveira, na manh\u00e3 de hoje.\n<\/p>\n<p><strong>Liberdade condicional de Daniel Silveira<\/strong>\n<\/p>\n<p>H\u00e1 poucos dias, Silveira obteve liberdade condicional, em virtude de ter alcan\u00e7ado o tempo legal para receber o benef\u00edcio.\n<\/p>\n<p>Na ocasi\u00e3o, o advogado Paulo Faria, que atua na defesa do ex-deputado, observou que Silveira estava preso al\u00e9m do prazo legal.\n<\/p>\n<p>Fonte: Revista Oete              <\/p>\n<\/div>\n<p><br \/>\n<br \/><a href=\"https:\/\/diariodobrasilnoticias.com.br\/noticia\/moraes-ordena-que-a-pf-ouca-medicos-para-confirmar-se-daniel-silveira-realmente-foi-ao-hospital-676c5f4e3a8d2\">Source link <\/a><\/p>","protected":false},"excerpt":{"rendered":"<p>O ministro Alexandre de Moraes, do Supremo Tribunal Federal (STF), determinou, nesta ter\u00e7a-feira, 24, que a Pol\u00edcia Federal (PF) fa\u00e7a uma oitiva com m\u00e9dicos e enfermeiros do hospital que Daniel&hellip;<\/p>","protected":false},"author":1,"featured_media":82622,"comment_status":"closed","ping_status":"open","sticky":false,"template":"","format":"standard","meta":{"content-type":"","footnotes":""},"categories":[16],"tags":[123,2448,5313,1267],"class_list":["post-82621","post","type-post","status-publish","format-standard","has-post-thumbnail","hentry","category-noticias","tag-brasil","tag-diario","tag-noticia","tag-noticias"],"_links":{"self":[{"href":"https:\/\/tvbrazilusa.com\/pt\/wp-json\/wp\/v2\/posts\/82621","targetHints":{"allow":["GET"]}}],"collection":[{"href":"https:\/\/tvbrazilusa.com\/pt\/wp-json\/wp\/v2\/posts"}],"about":[{"href":"https:\/\/tvbrazilusa.com\/pt\/wp-json\/wp\/v2\/types\/post"}],"author":[{"embeddable":true,"href":"https:\/\/tvbrazilusa.com\/pt\/wp-json\/wp\/v2\/users\/1"}],"replies":[{"embeddable":true,"href":"https:\/\/tvbrazilusa.com\/pt\/wp-json\/wp\/v2\/comments?post=82621"}],"version-history":[{"count":1,"href":"https:\/\/tvbrazilusa.com\/pt\/wp-json\/wp\/v2\/posts\/82621\/revisions"}],"predecessor-version":[{"id":82623,"href":"https:\/\/tvbrazilusa.com\/pt\/wp-json\/wp\/v2\/posts\/82621\/revisions\/82623"}],"wp:featuredmedia":[{"embeddable":true,"href":"https:\/\/tvbrazilusa.com\/pt\/wp-json\/wp\/v2\/media\/82622"}],"wp:attachment":[{"href":"https:\/\/tvbrazilusa.com\/pt\/wp-json\/wp\/v2\/media?parent=82621"}],"wp:term":[{"taxonomy":"category","embeddable":true,"href":"https:\/\/tvbrazilusa.com\/pt\/wp-json\/wp\/v2\/categories?post=82621"},{"taxonomy":"post_tag","embeddable":true,"href":"https:\/\/tvbrazilusa.com\/pt\/wp-json\/wp\/v2\/tags?post=82621"}],"curies":[{"name":"wp","href":"https:\/\/api.w.org\/{rel}","templated":true}]}}