{"id":82633,"date":"2024-12-25T21:55:43","date_gmt":"2024-12-25T21:55:43","guid":{"rendered":"https:\/\/tvbrazilusa.com\/2024\/12\/25\/confira-as-fotos-do-acidente-de-aviao-da-embraer-no-cazaquistao\/"},"modified":"2024-12-25T21:55:45","modified_gmt":"2024-12-25T21:55:45","slug":"confira-as-fotos-do-acidente-de-aviao-da-embraer-no-cazaquistao","status":"publish","type":"post","link":"https:\/\/tvbrazilusa.com\/pt\/2024\/12\/25\/confira-as-fotos-do-acidente-de-aviao-da-embraer-no-cazaquistao\/","title":{"rendered":"Confira as fotos do acidente de avi\u00e3o da Embraer no Cazaquist\u00e3o"},"content":{"rendered":"<p> <script async src=\"https:\/\/pagead2.googlesyndication.com\/pagead\/js\/adsbygoogle.js?client=ca-pub-8864793242727901\"\r\n     crossorigin=\"anonymous\"><\/script><br \/>\n<\/p>\n<div id=\"taboola-read-more\" style=\"display:block; width:100%\">\n<p>Fabricado pela Empresa Brasileira de Aeron\u00e1utica (Embraer) e operado pela Azerbaijan Airlines, o avi\u00e3o que caiu nesta quarta-feira (25) no Cazaquist\u00e3o com mais de 60 pessoas a bordo havia sa\u00eddo da capital do Azerbaij\u00e3o, Baku, rumo \u00e0 cidade de Gr\u00f3zni, capital da Chech\u00eania.\n<\/p>\n<p>No decorrer do trajeto, a aeronave foi redirecionada por causa da neblina em Grozny, segundo informa\u00e7\u00f5es do jornal The Guardian e da ag\u00eancia Reuters.<\/p>\n<p>Informa\u00e7\u00f5es preliminares divulgadas pelo \u00f3rg\u00e3o regulador da avia\u00e7\u00e3o na R\u00fassia d\u00e3o conta de que a aeronave colidiu com p\u00e1ssaros. O avi\u00e3o sofreu interfer\u00eancia no GPS e oscilou de altitude por 74 minutos.\n<\/p>\n<p>O piloto teve que realizar um pouso de emerg\u00eancia a cerca de 3km da cidade cazaque de Aktau. O n\u00famero de mortos segue incerto, mas sabe-se que h\u00e1 ao menos 32 sobreviventes.\n<\/p>\n<p><strong>Veja fotos do acidente a seguir:<\/strong>\n<\/p>\n<\/p>\n<p><img decoding=\"async\" src=\"https:\/\/static.cdn.pleno.news\/2024\/12\/e1efa6dc996d834e13b679a8cf9cfe4e905ad8a0w-1-768x432.jpg\" alt=\"\" width=\"100%\"\/>\n<\/p>\n<p><img decoding=\"async\" src=\"https:\/\/static.cdn.pleno.news\/2024\/12\/b4c34d13b6e21d235c42b97a67b7db81526ccde9w-768x432.jpg\" alt=\"\" width=\"100%\"\/>\n<\/p>\n<p><img decoding=\"async\" src=\"https:\/\/static.cdn.pleno.news\/2024\/12\/dbc413f8e642cff668e0e2baae06ba91a012c0efw-768x432.jpg\" alt=\"\" width=\"100%\"\/>\n<\/p>\n<p><img decoding=\"async\" src=\"https:\/\/static.cdn.pleno.news\/2024\/12\/b1ea6de15ad241296b8433f3b96c3dc57394a928w-768x432.jpg\" alt=\"\" width=\"100%\"\/>\n<\/p>\n<p><img decoding=\"async\" src=\"https:\/\/static.cdn.pleno.news\/2024\/12\/9ccc4b45721cef3788d1ebff2d320b91c74e35f2w-768x575.jpg\" alt=\"\" width=\"100%\"\/>\n<\/p>\n<p><img decoding=\"async\" src=\"https:\/\/static.cdn.pleno.news\/2024\/12\/3adce0b22b6e9c156060ce0e9984a7af69f49ad9w-768x432.jpg\" alt=\"\" width=\"100%\"\/>\n<\/p>\n<p><img decoding=\"async\" src=\"https:\/\/static.cdn.pleno.news\/2024\/12\/917ed587f786a01a0c7b092c040cfd9dce5457dbw-768x434.jpg\" alt=\"\" width=\"100%\"\/>\n<\/p>\n<p><img decoding=\"async\" src=\"https:\/\/static.cdn.pleno.news\/2024\/12\/c9567deca3cab9b22d7146a8805557e475a1e973w-768x420.jpg\" alt=\"\" width=\"100%\"\/>\n<\/p>\n<p>Fotos: EFE\/PA\/AZAMAT SARSENBAYEV\n<\/p>\n<p>Entre os ocupantes da aeronave, estavam cidad\u00e3os azerbaijanos, russos, cazaques e quirguizes. A ag\u00eancia internacional Associated Press (AP) estima que h\u00e1 mais de 30 mortos em decorr\u00eancia do acidente. A Al Jazeera, por sua vez, aponta um n\u00famero bem menor: quatro \u00f3bitos.\n<\/p>\n<p>Em v\u00eddeos publicados nas redes sociais, \u00e9 poss\u00edvel ver o avi\u00e3o cair e incendiar-se ao se chocar contra o solo. Grava\u00e7\u00f5es tamb\u00e9m mostram passageiros deixando o avi\u00e3o, feridos.\n<\/p>\n<p>Fonte: PLeno News              <\/p>\n<\/div>\n<p><br \/>\n<br \/><a href=\"https:\/\/diariodobrasilnoticias.com.br\/noticia\/confira-as-fotos-do-acidente-de-aviao-da-embraer-no-cazaquistao-676c62ad20d7d\">Source link <\/a><\/p>","protected":false},"excerpt":{"rendered":"<p>Fabricado pela Empresa Brasileira de Aeron\u00e1utica (Embraer) e operado pela Azerbaijan Airlines, o avi\u00e3o que caiu nesta quarta-feira (25) no Cazaquist\u00e3o com mais de 60 pessoas a bordo havia sa\u00eddo&hellip;<\/p>","protected":false},"author":1,"featured_media":82634,"comment_status":"closed","ping_status":"open","sticky":false,"template":"","format":"standard","meta":{"content-type":"","footnotes":""},"categories":[16],"tags":[123,2448,5313,1267],"class_list":["post-82633","post","type-post","status-publish","format-standard","has-post-thumbnail","hentry","category-noticias","tag-brasil","tag-diario","tag-noticia","tag-noticias"],"_links":{"self":[{"href":"https:\/\/tvbrazilusa.com\/pt\/wp-json\/wp\/v2\/posts\/82633","targetHints":{"allow":["GET"]}}],"collection":[{"href":"https:\/\/tvbrazilusa.com\/pt\/wp-json\/wp\/v2\/posts"}],"about":[{"href":"https:\/\/tvbrazilusa.com\/pt\/wp-json\/wp\/v2\/types\/post"}],"author":[{"embeddable":true,"href":"https:\/\/tvbrazilusa.com\/pt\/wp-json\/wp\/v2\/users\/1"}],"replies":[{"embeddable":true,"href":"https:\/\/tvbrazilusa.com\/pt\/wp-json\/wp\/v2\/comments?post=82633"}],"version-history":[{"count":1,"href":"https:\/\/tvbrazilusa.com\/pt\/wp-json\/wp\/v2\/posts\/82633\/revisions"}],"predecessor-version":[{"id":82635,"href":"https:\/\/tvbrazilusa.com\/pt\/wp-json\/wp\/v2\/posts\/82633\/revisions\/82635"}],"wp:featuredmedia":[{"embeddable":true,"href":"https:\/\/tvbrazilusa.com\/pt\/wp-json\/wp\/v2\/media\/82634"}],"wp:attachment":[{"href":"https:\/\/tvbrazilusa.com\/pt\/wp-json\/wp\/v2\/media?parent=82633"}],"wp:term":[{"taxonomy":"category","embeddable":true,"href":"https:\/\/tvbrazilusa.com\/pt\/wp-json\/wp\/v2\/categories?post=82633"},{"taxonomy":"post_tag","embeddable":true,"href":"https:\/\/tvbrazilusa.com\/pt\/wp-json\/wp\/v2\/tags?post=82633"}],"curies":[{"name":"wp","href":"https:\/\/api.w.org\/{rel}","templated":true}]}}