{"id":82639,"date":"2024-12-25T22:07:47","date_gmt":"2024-12-25T22:07:47","guid":{"rendered":"https:\/\/tvbrazilusa.com\/2024\/12\/25\/veja-desespero-de-familia-apos-jovem-ser-baleada-pela-prf-veja-video\/"},"modified":"2024-12-25T22:07:48","modified_gmt":"2024-12-25T22:07:48","slug":"veja-desespero-de-familia-apos-jovem-ser-baleada-pela-prf-veja-video","status":"publish","type":"post","link":"https:\/\/tvbrazilusa.com\/pt\/2024\/12\/25\/veja-desespero-de-familia-apos-jovem-ser-baleada-pela-prf-veja-video\/","title":{"rendered":"Veja desespero de fam\u00edlia ap\u00f3s jovem ser baleada pela PRF; VEJA V\u00cdDEO"},"content":{"rendered":"<p> <script async src=\"https:\/\/pagead2.googlesyndication.com\/pagead\/js\/adsbygoogle.js?client=ca-pub-8864793242727901\"\r\n     crossorigin=\"anonymous\"><\/script><br \/>\n<\/p>\n<div id=\"taboola-read-more\" style=\"display:block; width:100%\">\n<p>V\u00eddeos feitos logo ap\u00f3s a a\u00e7\u00e3o da Pol\u00edcia Rodovi\u00e1ria Federal (PRF) que deixou uma jovem, de 26 anos, em estado grav\u00edssimo mostram o desespero de familiares. Juliana Leite Rangel estava a caminho da ceia de Natal com a fam\u00edlia quando teve o carro alvejado por agentes.\n<\/p>\n<p>O caso ocorreu na noite de ter\u00e7a-feira (24\/12) na BR-040, em Duque de Caxias, no Rio de Janeiro. Registros que circulam nas redes sociais mostram o ve\u00edculo com marcas dos disparos. Ao fundo, a m\u00e3e da jovem grita em desespero.<\/p>\n<p><strong>ASSISTA:<\/strong>\n<\/p>\n<p>\u201cMeu Deus do c\u00e9u. Minha filha, meu Deus! Eu n\u00e3o acredito, \u00e9 minha filha \u201c, grita a m\u00e3e de Juliana enquanto as imagens mostram o vidro traseiro ve\u00edculo da fam\u00edlia com marcas de bala. Ao lado do carro, um jovem segurando um cachorro aparece usando uma blusa manchada com um l\u00edquido vermelho, com o que parece ser sangue.\n<\/p>\n<p>O pai da v\u00edtima, Alexandre da Silva Rangel, 53, que dirigia o ve\u00edculo, contou que, ao ouvir a sirene do carro da pol\u00edcia, ligou a seta para sinalizar que ia encostar. No entanto, segundo ele, os agentes sa\u00edram do ve\u00edculo atirando.\n<\/p>\n<p>A PRF informou que afastou preventivamente os policiais envolvidos na a\u00e7\u00e3o e abriu um procedimento interno para apurar os fatos. A Pol\u00edcia Federal (PF) investiga o caso.\n<\/p>\n<p>De acordo com a Prefeitura de Duque de Caxias, a jovem levada pela PRF ao Hospital Municipalizado Ad\u00e3o Pereira Nunes (HMAPN) passou por uma cirurgia. Ela segue internada no CTI, entubada e com quadro grav\u00edssimo.\n<\/p>\n<p>Fonte: Metr\u00f3poles              <\/p>\n<\/div>\n<p><br \/>\n<br \/><a href=\"https:\/\/diariodobrasilnoticias.com.br\/noticia\/veja-desespero-de-familia-apos-jovem-ser-baleada-pela-prf-veja-video-676c5dc675aab\">Source link <\/a><\/p>","protected":false},"excerpt":{"rendered":"<p>V\u00eddeos feitos logo ap\u00f3s a a\u00e7\u00e3o da Pol\u00edcia Rodovi\u00e1ria Federal (PRF) que deixou uma jovem, de 26 anos, em estado grav\u00edssimo mostram o desespero de familiares. Juliana Leite Rangel estava&hellip;<\/p>","protected":false},"author":1,"featured_media":82640,"comment_status":"closed","ping_status":"open","sticky":false,"template":"","format":"standard","meta":{"content-type":"","footnotes":""},"categories":[16],"tags":[123,2448,5313,1267],"class_list":["post-82639","post","type-post","status-publish","format-standard","has-post-thumbnail","hentry","category-noticias","tag-brasil","tag-diario","tag-noticia","tag-noticias"],"_links":{"self":[{"href":"https:\/\/tvbrazilusa.com\/pt\/wp-json\/wp\/v2\/posts\/82639","targetHints":{"allow":["GET"]}}],"collection":[{"href":"https:\/\/tvbrazilusa.com\/pt\/wp-json\/wp\/v2\/posts"}],"about":[{"href":"https:\/\/tvbrazilusa.com\/pt\/wp-json\/wp\/v2\/types\/post"}],"author":[{"embeddable":true,"href":"https:\/\/tvbrazilusa.com\/pt\/wp-json\/wp\/v2\/users\/1"}],"replies":[{"embeddable":true,"href":"https:\/\/tvbrazilusa.com\/pt\/wp-json\/wp\/v2\/comments?post=82639"}],"version-history":[{"count":1,"href":"https:\/\/tvbrazilusa.com\/pt\/wp-json\/wp\/v2\/posts\/82639\/revisions"}],"predecessor-version":[{"id":82641,"href":"https:\/\/tvbrazilusa.com\/pt\/wp-json\/wp\/v2\/posts\/82639\/revisions\/82641"}],"wp:featuredmedia":[{"embeddable":true,"href":"https:\/\/tvbrazilusa.com\/pt\/wp-json\/wp\/v2\/media\/82640"}],"wp:attachment":[{"href":"https:\/\/tvbrazilusa.com\/pt\/wp-json\/wp\/v2\/media?parent=82639"}],"wp:term":[{"taxonomy":"category","embeddable":true,"href":"https:\/\/tvbrazilusa.com\/pt\/wp-json\/wp\/v2\/categories?post=82639"},{"taxonomy":"post_tag","embeddable":true,"href":"https:\/\/tvbrazilusa.com\/pt\/wp-json\/wp\/v2\/tags?post=82639"}],"curies":[{"name":"wp","href":"https:\/\/api.w.org\/{rel}","templated":true}]}}