{"id":82653,"date":"2024-12-25T22:38:31","date_gmt":"2024-12-25T22:38:31","guid":{"rendered":"https:\/\/tvbrazilusa.com\/2024\/12\/25\/braga-netto-comunica-a-alexandre-de-moraes-que-a-prisao-se-apoia-em-conclusoes-ilogicas\/"},"modified":"2024-12-25T22:38:35","modified_gmt":"2024-12-25T22:38:35","slug":"braga-netto-comunica-a-alexandre-de-moraes-que-a-prisao-se-apoia-em-conclusoes-ilogicas","status":"publish","type":"post","link":"https:\/\/tvbrazilusa.com\/pt\/2024\/12\/25\/braga-netto-comunica-a-alexandre-de-moraes-que-a-prisao-se-apoia-em-conclusoes-ilogicas\/","title":{"rendered":"Braga Netto comunica a Alexandre de Moraes que a pris\u00e3o se apoia em conclus\u00f5es &#8216;il\u00f3gicas&#8217;"},"content":{"rendered":"<p> <script async src=\"https:\/\/pagead2.googlesyndication.com\/pagead\/js\/adsbygoogle.js?client=ca-pub-8864793242727901\"\r\n     crossorigin=\"anonymous\"><\/script><br \/>\n<\/p>\n<div id=\"taboola-read-more\" style=\"display:block; width:100%\">\n<p>A defesa de Walter Braga Netto rebateu nesta segunda-feira o parecer da Procuradoria-Geral da Rep\u00fablica (PGR)que defendeu que a pris\u00e3o do general seja mantida e afirmou ao ministro Alexandre de Moraes que a PGR se baseia em \u201cmera presun\u00e7\u00e3o\u201d de que ele est\u00e1 obstruindo as investiga\u00e7\u00f5es.\n<\/p>\n<p>Para os advogados do ex-ministro da Defesa e da Casa Civil do governo Bolsonaro, o \u00f3rg\u00e3o chefiado pelo procurador-geral da Rep\u00fablica, Paulo Gonet, n\u00e3o demonstrou \u201cconcretamente\u201d os riscos de o general atrapalhar o aprofundamento das investiga\u00e7\u00f5es de uma trama golpista para impedir a posse do presidente Lula.<\/p>\n<p>Em um memorial protocolado na noite desta segunda-feira (23) no STF, a defesa do general, capitaneada por Jos\u00e9 Luis Oliveira Lima, diz que n\u00e3o h\u00e1 elementos de prova \u201cminimamente confi\u00e1veis\u201d para corroborar a conclus\u00e3o da Pol\u00edcia Federal de que Braga Netto teria agido para \u201cobter dados sigilosos, controlar o que seria repassado a investiga\u00e7\u00e3o, e, ao que tudo indica, manter informado os demais integrantes da organiza\u00e7\u00e3o criminosa\u201d.\n<\/p>\n<p>Braga Netto foi preso em 14 de dezembro por determina\u00e7\u00e3o de Moraes, sob a alega\u00e7\u00e3o de que atuou de forma \u201cdolosa\u201d para obstruir as investiga\u00e7\u00f5es sobre a trama golpista para manter Bolsonaro no poder. Em parecer enviado ao STF, a PGR defendeu a manuten\u00e7\u00e3o da pris\u00e3o preventiva.\n<\/p>\n<p>Para os advogados, n\u00e3o h\u00e1 qualquer ato de interfer\u00eancia, manipula\u00e7\u00e3o ou obstru\u00e7\u00e3o das investiga\u00e7\u00f5es\u201d \u2013 e al\u00e9m disso, os &#8220;fatos que deram ensejo \u00e0s investiga\u00e7\u00f5es s\u00e3o antigos\u201d, ou seja, n\u00e3o seriam contempor\u00e2neos, o que afastaria a necessidade de pris\u00e3o preventiva.\n<\/p>\n<p><strong>Veja quem s\u00e3o os indiciados pela Pol\u00edcia Federal<\/strong>\n<\/p>\n<p>\u201cO risco que justificaria a pris\u00e3o preventiva \u00e9 mera presun\u00e7\u00e3o de que as condutas criminosas \u2013 genericamente \u2013 poderiam ser reiteradas. Sem qualquer indica\u00e7\u00e3o concreta de reitera\u00e7\u00e3o recente\u201d, rebate Oliveira Lima, advogado que assumiu recentemente o caso.\n<\/p>\n<p>Em depoimento \u00e0 PF, o tenente-coronel Mauro Cid, ex-ajudante de ordens de Bolsonaro, afirmou que Braga Netto tentou obter informa\u00e7\u00f5es sobre a sua dela\u00e7\u00e3o por meio do seu pai, o general Mauro C\u00e9sar Lourena Cid.\n<\/p>\n<p>Em entrevista ao blog na semana passada, o criminalista disse que n\u00e3o \u201cexiste a menor possibilidade\u201d de dela\u00e7\u00e3o premiada por parte do general, porque \u201cn\u00e3o tem o que delatar\u201d.\n<\/p>\n<p>Documento na sede do PL<br \/>Um dos pontos destacados pela PF para justificar a pris\u00e3o de Braga Netto \u00e9 um documento apreendido na sede do Partido Liberal, em Bras\u00edlia, que descreve perguntas e respostas relacionadas ao acordo firmado entre Mauro Cid e a pr\u00f3pria PF. O documento foi encontrado na mesa do coronel Fl\u00e1vio Peregrino, auxiliar de Braga Netto, que na \u00e9poca trabalhava na sede da legenda.\n<\/p>\n<p>\u201cPara a autoridade policial, o fato de Fl\u00e1vio ser assessor do agravante (Braga Netto), somado a uma equivocada interpreta\u00e7\u00e3o de que o documento daria \u2018\u00eanfase sobre qual seria a participa\u00e7\u00e3o de Braga Netto na trama delitiva\u2019 resultou na incoerente conclus\u00e3o de que o referido documento indicaria \u2018que o indiciado tentou obter dados sigilosos da colabora\u00e7\u00e3o\u2019\u201d, diz a defesa do general.\n<\/p>\n<p>Entre as anota\u00e7\u00f5es do documento est\u00e3o as frases \u201cN\u00e3o falou nada sobre o Gen Heleno e BN&#8221; e \u201cGBN n\u00e3o \u00e9 golpista, estava pensamento democr\u00e1tico de transpar\u00eancia das urnas\u201d \u2013 a sigla BN e GBN se referiam ao general, segundo a PF.\n<\/p>\n<p>O documento tamb\u00e9m traz os trechos \u201cPerguntaram sobre o Fl\u00e1vio B: aliviou\u201d e \u201cn\u00e3o falou nada sobre os Gen Heleno e BN\u201d, mas a defesa de Braga Netto sustenta que o texto \u201cn\u00e3o \u00e9 capaz de indicar que as \u2018respostas em vermelho\u2019 teriam vindo do pr\u00f3prio Mauro Cid.\n<\/p>\n<p><strong>Minuta golpista<\/strong>\n<\/p>\n<p>Na defesa, os advogados de Braga Netto chamam o papel de \u201cfr\u00e1gil documento\u201d, e destacam o fato de que as siglas que se referem ao general (\u201cBN\u201d ou \u201cGBN\u201d) apenas aparecem duas vezes. Os advogados tamb\u00e9m alegam que, muito antes de o documento ser apreendido na sede do PL, o conte\u00fado da dela\u00e7\u00e3o de Mauro Cid \u201chavia sido amplamente vazado e divulgado pela imprensa\u201d.\n<\/p>\n<p>\u201cDa leitura do documento apreendido pela Pol\u00edcia Federal, percebe-se evidente similaridade \u00e0s diversas not\u00edcias que foram amplamente divulgadas na imprensa\u201d, afirmam os advogados, alegando que o documento \u201cmais se assemelha a um resumo das not\u00edcias amplamente veiculadas pela imprensa\u201d.\n<\/p>\n<p>\u201cAs conclus\u00f5es da Pol\u00edcia Federal para usar o documento como prova apta a pris\u00e3o cautelar s\u00e3o suposi\u00e7\u00f5es il\u00f3gicas e desconectadas da realidade\u201d, acrescenta.\n<\/p>\n<p>\u2018Dinheiro do agroneg\u00f3cio\u2019<br \/>Em depoimento prestado \u00e0 Pol\u00edcia Federal, o tenente-coronel Mauro Cid tamb\u00e9m afirmou que o dinheiro entregue por Braga Netto em uma caixa de vinho, para financiar o plano para matar autoridades, \u201cfoi obtido junto ao pessoal do agroneg\u00f3cio.\n<\/p>\n<p>\u201cAl\u00e9m da falta de credibilidade, o depoimento de Mauro Cid \u2013 que a Defesa s\u00f3 conhece os trechos citados pela pol\u00edcia \u2013 \u00e9 prec\u00e1rio, gen\u00e9rico e inexato. Mauro Cid n\u00e3o foi capaz de dizer a data (\u201calguns dias depois da reuni\u00e3o\u201d) e tamb\u00e9m n\u00e3o sabe dizer o local (\u201cno Pal\u00e1cio do Planalto ou da Alvorada\u201d) da suposta entrega de dinheiro. As contradit\u00f3rias e gen\u00e9ricas palavras do colaborador tamb\u00e9m n\u00e3o foram objeto da imprescind\u00edvel corrobora\u00e7\u00e3o probat\u00f3ria\u201d, sustenta a defesa.\n<\/p>\n<p>Fonte: O Globo              <\/p>\n<\/div>\n<p><br \/>\n<br \/><a href=\"https:\/\/diariodobrasilnoticias.com.br\/noticia\/braga-netto-comunica-a-alexandre-de-moraes-que-a-prisao-se-apoia-em-conclusoes-ilogicas-676c671383a52\">Source link <\/a><\/p>","protected":false},"excerpt":{"rendered":"<p>A defesa de Walter Braga Netto rebateu nesta segunda-feira o parecer da Procuradoria-Geral da Rep\u00fablica (PGR)que defendeu que a pris\u00e3o do general seja mantida e afirmou ao ministro Alexandre de&hellip;<\/p>","protected":false},"author":1,"featured_media":82654,"comment_status":"closed","ping_status":"open","sticky":false,"template":"","format":"standard","meta":{"content-type":"","footnotes":""},"categories":[16],"tags":[123,2448,5313,1267],"class_list":["post-82653","post","type-post","status-publish","format-standard","has-post-thumbnail","hentry","category-noticias","tag-brasil","tag-diario","tag-noticia","tag-noticias"],"_links":{"self":[{"href":"https:\/\/tvbrazilusa.com\/pt\/wp-json\/wp\/v2\/posts\/82653","targetHints":{"allow":["GET"]}}],"collection":[{"href":"https:\/\/tvbrazilusa.com\/pt\/wp-json\/wp\/v2\/posts"}],"about":[{"href":"https:\/\/tvbrazilusa.com\/pt\/wp-json\/wp\/v2\/types\/post"}],"author":[{"embeddable":true,"href":"https:\/\/tvbrazilusa.com\/pt\/wp-json\/wp\/v2\/users\/1"}],"replies":[{"embeddable":true,"href":"https:\/\/tvbrazilusa.com\/pt\/wp-json\/wp\/v2\/comments?post=82653"}],"version-history":[{"count":1,"href":"https:\/\/tvbrazilusa.com\/pt\/wp-json\/wp\/v2\/posts\/82653\/revisions"}],"predecessor-version":[{"id":82655,"href":"https:\/\/tvbrazilusa.com\/pt\/wp-json\/wp\/v2\/posts\/82653\/revisions\/82655"}],"wp:featuredmedia":[{"embeddable":true,"href":"https:\/\/tvbrazilusa.com\/pt\/wp-json\/wp\/v2\/media\/82654"}],"wp:attachment":[{"href":"https:\/\/tvbrazilusa.com\/pt\/wp-json\/wp\/v2\/media?parent=82653"}],"wp:term":[{"taxonomy":"category","embeddable":true,"href":"https:\/\/tvbrazilusa.com\/pt\/wp-json\/wp\/v2\/categories?post=82653"},{"taxonomy":"post_tag","embeddable":true,"href":"https:\/\/tvbrazilusa.com\/pt\/wp-json\/wp\/v2\/tags?post=82653"}],"curies":[{"name":"wp","href":"https:\/\/api.w.org\/{rel}","templated":true}]}}