{"id":82659,"date":"2024-12-25T22:50:38","date_gmt":"2024-12-25T22:50:38","guid":{"rendered":"https:\/\/tvbrazilusa.com\/2024\/12\/25\/governo-publica-decreto-para-regulamentar-o-uso-da-forca-policial\/"},"modified":"2024-12-25T22:50:42","modified_gmt":"2024-12-25T22:50:42","slug":"governo-publica-decreto-para-regulamentar-o-uso-da-forca-policial","status":"publish","type":"post","link":"https:\/\/tvbrazilusa.com\/pt\/2024\/12\/25\/governo-publica-decreto-para-regulamentar-o-uso-da-forca-policial\/","title":{"rendered":"Governo publica decreto para regulamentar o uso da for\u00e7a policial"},"content":{"rendered":"<p> <script async src=\"https:\/\/pagead2.googlesyndication.com\/pagead\/js\/adsbygoogle.js?client=ca-pub-8864793242727901\"\r\n     crossorigin=\"anonymous\"><\/script><br \/>\n<\/p>\n<div id=\"taboola-read-more\" style=\"display:block; width:100%\">\n<p>O governo federal publicou nesta ter\u00e7a-feira (24) um decreto para regulamentar o uso da for\u00e7a policial em todo o pa\u00eds. O texto assinado pelo presidente Luiz In\u00e1cio Lula da Silva (PT) e pelo ministro da Justi\u00e7a, Ricardo Lewandowski, re\u00fane um conjunto de regras de conduta para os profissionais de seguran\u00e7a p\u00fablica.\n<\/p>\n<p>Os governadores n\u00e3o s\u00e3o obrigados a cumprir as diretrizes. No entanto, os estados que n\u00e3o fizerem estar\u00e3o sujeitos a cortes nas verbas do Fundo Nacional de Seguran\u00e7a P\u00fablica (FNSP) e do Fundo Penitenci\u00e1rio Nacional (Funpen). Em 2024, o governo repassou cerca de R$ 1 bilh\u00e3o aos estados por meio do FNSP e R$ 2,4 bilh\u00f5es via Funpen.<\/p>\n<p>O decreto prev\u00ea que a arma de fogo s\u00f3 pode ser usada como \u00faltimo recurso pelos policiais. Tamb\u00e9m pro\u00edbe o uso de armas contra pessoas desarmadas em fuga ou ve\u00edculos que desrespeitem bloqueios policiais em via p\u00fablica, como aconteceu com o m\u00fasico Evaldo Rosa, fuzilado no Rio em 2019. A exce\u00e7\u00e3o \u00e9 se houver risco ao profissional de seguran\u00e7a ou a terceiros.\n<\/p>\n<p>Outro trecho do decreto afirma que opera\u00e7\u00f5es policiais precisam ser planejadas e executadas com cautela \u201cpara prevenir ou minimizar o uso da for\u00e7a e para mitigar a gravidade de qualquer dano direto ou indireto que possa ser causado a quaisquer pessoas\u201d.\n<\/p>\n<p>H\u00e1 ainda uma regra que pro\u00edbe abordagens discriminat\u00f3rias com base em \u201cpreconceitos de ra\u00e7a, etnia, cor, g\u00eanero, orienta\u00e7\u00e3o sexual, idioma, religi\u00e3o, nacionalidade, origem social, defici\u00eancia, situa\u00e7\u00e3o econ\u00f4mica, opini\u00e3o pol\u00edtica ou de outra natureza\u201d.\n<\/p>\n<p>Segundo o decreto, os \u00f3rg\u00e3os e os profissionais de seguran\u00e7a p\u00fablica ser\u00e3o responsabilizados pelo uso inadequado da for\u00e7a, \u201cap\u00f3s a conclus\u00e3o de processo de investiga\u00e7\u00e3o, respeitado o devido processo legal, a ampla defesa e o contradit\u00f3rio\u201d.\n<\/p>\n<p>Sempre que interven\u00e7\u00f5es dos profissionais de seguran\u00e7a p\u00fablica deixarem mortos ou feridos, um relat\u00f3rio circunstanciado dever\u00e1 ser elaborado, seguindo par\u00e2metros que ainda v\u00e3o ser definidos pelo Minist\u00e9rio da Justi\u00e7a e Seguran\u00e7a P\u00fablica.\n<\/p>\n<p>O Minist\u00e9rio da Justi\u00e7a e Seguran\u00e7a P\u00fablica ainda vai editar e publicar normas complementares com orienta\u00e7\u00f5es detalhadas para o cumprimento das diretrizes gerais divulgadas nesta ter\u00e7a.\n<\/p>\n<p>Outro ponto do decreto \u00e9 o que determina a institui\u00e7\u00e3o do Comit\u00ea Nacional de Monitoramento do Uso da For\u00e7a, com participa\u00e7\u00e3o da sociedade civil. A iniciativa \u00e9 vista como uma estrat\u00e9gia para neutralizar interesses pol\u00edticos e partid\u00e1rios estabelecendo m\u00e9tricas padronizadas para o monitoramento nacional.\n<\/p>\n<p>Presidente do F\u00f3rum Brasileiro de Seguran\u00e7a P\u00fablica (FBSP), Renato S\u00e9rgio de Lima avalia que o decreto serve para \u201cconsolidar um padr\u00e3o de uso da for\u00e7a que tem dado certo\u201d, mas que os resultados pr\u00e1ticos ainda dependem de outras medidas do governo, do Congresso e dos estados.\n<\/p>\n<p>\u2013 Ele consolida uma vis\u00e3o de que o problema existe e ningu\u00e9m vai tapar o sol com a peneira. Os bons resultados dependem de o governo negociar qual projeto que ser\u00e1 aprovado, se a PEC proposta pelo ministro Ricardo Lewandowski, se a dos governadores. Mas esse decreto \u00e9 uma linha de base. O ganho pol\u00edtico para o governo \u00e9 que ele parece ter sa\u00eddo da defensiva, mas n\u00e3o quer dizer que garantiu uma vit\u00f3ria \u2013 disse.\n<\/p>\n<p>Fonte: Pleno News              <\/p>\n<\/div>\n<p><br \/>\n<br \/><a href=\"https:\/\/diariodobrasilnoticias.com.br\/noticia\/governo-publica-decreto-para-regulamentar-o-uso-da-forca-policial-676c6637e239f\">Source link <\/a><\/p>","protected":false},"excerpt":{"rendered":"<p>O governo federal publicou nesta ter\u00e7a-feira (24) um decreto para regulamentar o uso da for\u00e7a policial em todo o pa\u00eds. O texto assinado pelo presidente Luiz In\u00e1cio Lula da Silva&hellip;<\/p>","protected":false},"author":1,"featured_media":82660,"comment_status":"closed","ping_status":"open","sticky":false,"template":"","format":"standard","meta":{"content-type":"","footnotes":""},"categories":[16],"tags":[123,2448,5313,1267],"class_list":["post-82659","post","type-post","status-publish","format-standard","has-post-thumbnail","hentry","category-noticias","tag-brasil","tag-diario","tag-noticia","tag-noticias"],"_links":{"self":[{"href":"https:\/\/tvbrazilusa.com\/pt\/wp-json\/wp\/v2\/posts\/82659","targetHints":{"allow":["GET"]}}],"collection":[{"href":"https:\/\/tvbrazilusa.com\/pt\/wp-json\/wp\/v2\/posts"}],"about":[{"href":"https:\/\/tvbrazilusa.com\/pt\/wp-json\/wp\/v2\/types\/post"}],"author":[{"embeddable":true,"href":"https:\/\/tvbrazilusa.com\/pt\/wp-json\/wp\/v2\/users\/1"}],"replies":[{"embeddable":true,"href":"https:\/\/tvbrazilusa.com\/pt\/wp-json\/wp\/v2\/comments?post=82659"}],"version-history":[{"count":1,"href":"https:\/\/tvbrazilusa.com\/pt\/wp-json\/wp\/v2\/posts\/82659\/revisions"}],"predecessor-version":[{"id":82661,"href":"https:\/\/tvbrazilusa.com\/pt\/wp-json\/wp\/v2\/posts\/82659\/revisions\/82661"}],"wp:featuredmedia":[{"embeddable":true,"href":"https:\/\/tvbrazilusa.com\/pt\/wp-json\/wp\/v2\/media\/82660"}],"wp:attachment":[{"href":"https:\/\/tvbrazilusa.com\/pt\/wp-json\/wp\/v2\/media?parent=82659"}],"wp:term":[{"taxonomy":"category","embeddable":true,"href":"https:\/\/tvbrazilusa.com\/pt\/wp-json\/wp\/v2\/categories?post=82659"},{"taxonomy":"post_tag","embeddable":true,"href":"https:\/\/tvbrazilusa.com\/pt\/wp-json\/wp\/v2\/tags?post=82659"}],"curies":[{"name":"wp","href":"https:\/\/api.w.org\/{rel}","templated":true}]}}