{"id":8270,"date":"2024-07-25T01:05:42","date_gmt":"2024-07-25T01:05:42","guid":{"rendered":"https:\/\/tvbrazilusa.com\/2024\/07\/25\/luciano-hang-recebe-condenacao-a-prisao-com-a-pena-sendo-convertida-em-prestacao-de-servicos-comunitarios-paulo-figueiredo\/"},"modified":"2024-07-25T04:12:57","modified_gmt":"2024-07-25T04:12:57","slug":"luciano-hang-recebe-condenacao-a-prisao-com-a-pena-sendo-convertida-em-prestacao-de-servicos-comunitarios-paulo-figueiredo","status":"publish","type":"post","link":"https:\/\/tvbrazilusa.com\/pt\/2024\/07\/25\/luciano-hang-recebe-condenacao-a-prisao-com-a-pena-sendo-convertida-em-prestacao-de-servicos-comunitarios-paulo-figueiredo\/","title":{"rendered":"Luciano Hang recebe condena\u00e7\u00e3o \u00e0 pris\u00e3o, com a pena sendo convertida em presta\u00e7\u00e3o de servi\u00e7os comunit\u00e1rios &#8211; Paulo Figueiredo"},"content":{"rendered":"<p> <script async src=\"https:\/\/pagead2.googlesyndication.com\/pagead\/js\/adsbygoogle.js?client=ca-pub-8864793242727901\"\r\n     crossorigin=\"anonymous\"><\/script><br \/>\n<\/p>\n<div id=\"wtr-content\" data-bg=\"#FFFFFF\" data-fg=\"#006d91\" data-width=\"25\" data-mute=\"1\" data-fgopacity=\"1.00\" data-mutedopacity=\"0.5\" data-placement=\"bottom\" data-placement-offset=\"0\" data-content-offset=\"262\" data-placement-touch=\"bottom\" data-placement-offset-touch=\"0\" data-transparent=\"\" data-shadow=\"0\" data-touch=\"1\" data-non-touch=\"1\" data-comments=\"0\" data-commentsbg=\"transparent\" data-location=\"page\" data-mutedfg=\"#006d91\" data-endfg=\"#006d91\" data-rtl=\"\">\n<pre class=\"wp-block-preformatted has-small-font-size\">Foto - Divulga\u00e7\u00e3o\/Redes<\/pre>\n<h3 class=\"wp-block-heading\">A 1\u00aa C\u00e2mara Especial Criminal do Tribunal de Justi\u00e7a do Rio Grande do Sul condenou Luciano Hang, propriet\u00e1rio das lojas Havan por difama\u00e7\u00e3o e inj\u00faria contra o arquiteto Humberto Tadeu Hickel.<\/h3>\n<p>A senten\u00e7a estabeleceu penas de 1 ano e 4 meses de reclus\u00e3o, al\u00e9m de 4 meses de deten\u00e7\u00e3o, ambas em regime aberto. Contudo, essas penas foram convertidas em presta\u00e7\u00e3o de servi\u00e7os comunit\u00e1rios e pagamento de uma indeniza\u00e7\u00e3o de 35 sal\u00e1rios m\u00ednimos a Hickel. Al\u00e9m disso, Hang foi multado em 20 dias-multa, com cada dia avaliado em 10 sal\u00e1rios m\u00ednimos, totalizando cerca de 300 mil reais.<\/p>\n<p>Hang foi condenado por ter chamado Hickel de \u201cesquerdopata\u201d e sugerido que ele \u201cv\u00e1 para Cuba\u201d, ap\u00f3s o arquiteto ter liderado campanha contra a instala\u00e7\u00e3o de uma \u201cest\u00e1tua da liberdade\u201d em frente a uma nova filial da Havan no munic\u00edpio ga\u00facho de Canela.<\/p>\n<p>Ao GLOBO, Hang afirmou que vai recorrer da decis\u00e3o. \u201cO Brasil \u00e9 um pa\u00eds extremamente perigoso para um empreendedor. Na busca de gerar empregos e desenvolvimento, pode ser processado criminalmente por pessoas que se utilizam de ideologias ultrapassadas para impedir a constru\u00e7\u00e3o de empreendimentos. \u00c9 o que est\u00e1 acontecendo neste caso. Um absurdo. \u00c9 inaceit\u00e1vel que debates pol\u00edticos sejam punidos tirando o direito \u00e0 liberdade de express\u00e3o\u201d, afirmou em nota.<\/p>\n<p>A condena\u00e7\u00e3o ocorreu durante uma sess\u00e3o telepresencial realizada no dia 23 de julho. A sess\u00e3o foi presidida pelo Desembargador Luciano Andre Losekann e teve como relator o Desembargador Marcelo Machado Bertoluci. O tribunal, por maioria, decidiu reformar o decreto absolut\u00f3rio anterior e condenar Hang por cal\u00fania e difama\u00e7\u00e3o, que se constitui na pr\u00e1tica de propagar informa\u00e7\u00f5es falsas ou imprecisas sobre algu\u00e9m, com o intuito de prejudicar sua reputa\u00e7\u00e3o e imagem perante terceiros.<\/p>\n<p>Durante a sess\u00e3o, um dos desembargadores disse que: \u201cN\u00e3o \u00e9 poss\u00edvel que n\u00f3s convivamos nesse ambiente de \u00f3dio e com o est\u00edmulo a esse tipo de discurso de \u00f3dio, que t\u00eam sido cada vez mais frequentes.\u201d<\/p>\n<p><strong><a href=\"https:\/\/www.aliadosbrasiloficial.com.br\/noticia\/luciano-hang-e-condenado-a-prisao\">Source link<\/a><\/strong><\/p>\n<\/div>\n<p><br \/>\n<br \/><a href=\"https:\/\/paulofigueiredoshow.com\/luciano-hang-recebe-condenacao-a-prisao-com-a-pena-sendo-convertida-em-prestacao-de-servicos-comunitarios\/\">Source link <\/a><\/p>","protected":false},"excerpt":{"rendered":"<p>Foto &#8211; Divulga\u00e7\u00e3o\/Redes A 1\u00aa C\u00e2mara Especial Criminal do Tribunal de Justi\u00e7a do Rio Grande do Sul condenou Luciano Hang, propriet\u00e1rio das lojas Havan por difama\u00e7\u00e3o e inj\u00faria contra o&hellip;<\/p>","protected":false},"author":1,"featured_media":8271,"comment_status":"closed","ping_status":"open","sticky":false,"template":"","format":"standard","meta":{"content-type":"","footnotes":""},"categories":[16],"tags":[],"class_list":["post-8270","post","type-post","status-publish","format-standard","has-post-thumbnail","hentry","category-noticias"],"_links":{"self":[{"href":"https:\/\/tvbrazilusa.com\/pt\/wp-json\/wp\/v2\/posts\/8270","targetHints":{"allow":["GET"]}}],"collection":[{"href":"https:\/\/tvbrazilusa.com\/pt\/wp-json\/wp\/v2\/posts"}],"about":[{"href":"https:\/\/tvbrazilusa.com\/pt\/wp-json\/wp\/v2\/types\/post"}],"author":[{"embeddable":true,"href":"https:\/\/tvbrazilusa.com\/pt\/wp-json\/wp\/v2\/users\/1"}],"replies":[{"embeddable":true,"href":"https:\/\/tvbrazilusa.com\/pt\/wp-json\/wp\/v2\/comments?post=8270"}],"version-history":[{"count":1,"href":"https:\/\/tvbrazilusa.com\/pt\/wp-json\/wp\/v2\/posts\/8270\/revisions"}],"predecessor-version":[{"id":8272,"href":"https:\/\/tvbrazilusa.com\/pt\/wp-json\/wp\/v2\/posts\/8270\/revisions\/8272"}],"wp:featuredmedia":[{"embeddable":true,"href":"https:\/\/tvbrazilusa.com\/pt\/wp-json\/wp\/v2\/media\/8271"}],"wp:attachment":[{"href":"https:\/\/tvbrazilusa.com\/pt\/wp-json\/wp\/v2\/media?parent=8270"}],"wp:term":[{"taxonomy":"category","embeddable":true,"href":"https:\/\/tvbrazilusa.com\/pt\/wp-json\/wp\/v2\/categories?post=8270"},{"taxonomy":"post_tag","embeddable":true,"href":"https:\/\/tvbrazilusa.com\/pt\/wp-json\/wp\/v2\/tags?post=8270"}],"curies":[{"name":"wp","href":"https:\/\/api.w.org\/{rel}","templated":true}]}}