{"id":82731,"date":"2024-12-26T02:38:40","date_gmt":"2024-12-26T02:38:40","guid":{"rendered":"https:\/\/tvbrazilusa.com\/2024\/12\/26\/taxista-de-nova-york-atropela-seis-pedestres-e-tres-sao-levados-ao-hospital-diz-policia-wsvn-7news-noticias-de-miami-clima-esportes-fort-lauderdale\/"},"modified":"2024-12-26T02:46:16","modified_gmt":"2024-12-26T02:46:16","slug":"taxista-de-nova-york-atropela-seis-pedestres-e-tres-sao-levados-ao-hospital-diz-policia-wsvn-7news-noticias-de-miami-clima-esportes-fort-lauderdale","status":"publish","type":"post","link":"https:\/\/tvbrazilusa.com\/pt\/2024\/12\/26\/taxista-de-nova-york-atropela-seis-pedestres-e-tres-sao-levados-ao-hospital-diz-policia-wsvn-7news-noticias-de-miami-clima-esportes-fort-lauderdale\/","title":{"rendered":"Taxista de Nova York atropela seis pedestres e tr\u00eas s\u00e3o levados ao hospital, diz pol\u00edcia &#8211; WSVN 7News | Not\u00edcias de Miami, clima, esportes | Fort Lauderdale"},"content":{"rendered":"<p> <script async src=\"https:\/\/pagead2.googlesyndication.com\/pagead\/js\/adsbygoogle.js?client=ca-pub-8864793242727901\"\r\n     crossorigin=\"anonymous\"><\/script><br \/>\n<\/p>\n<div itemprop=\"articleBody\">\n<p>NOVA YORK (AP) \u2013 Um t\u00e1xi atropelou seis pedestres no centro de Manhattan na quarta-feira, disse a pol\u00edcia, com tr\u00eas pessoas \u2013 incluindo um menino de 9 anos \u2013 transportadas para hospitais devido aos ferimentos.<\/p>\n<p>Um porta-voz do Departamento de Pol\u00edcia de Nova York disse que o taxista pode ter sofrido um epis\u00f3dio m\u00e9dico, mas que a investiga\u00e7\u00e3o ainda n\u00e3o confirmou isso.<\/p>\n<p>Duas pessoas, incluindo o menino de 9 anos, foram levadas ao Weill Cornell Medical Center, e uma pessoa foi levada ao Hospital Bellevue, disse o porta-voz. As outras tr\u00eas pessoas atropeladas pelo t\u00e1xi recusaram atendimento m\u00e9dico. Todos estavam em condi\u00e7\u00f5es est\u00e1veis.<\/p>\n<p>O t\u00e1xi ultrapassou o meio-fio perto da loja principal da Macy&#8217;s na Herald Square por volta das 16h e atingiu os pedestres na cal\u00e7ada, disse a pol\u00edcia, acrescentando que o motorista permaneceu no local.<\/p>\n<p>Imagens de v\u00eddeo no local mostraram um t\u00e1xi amarelo danificado na cal\u00e7ada isolado por fita policial. O para-choque dianteiro do carro parecia ter ca\u00eddo. O t\u00e1xi foi rebocado no final da noite.<\/p>\n<p><em>Direitos autorais 2024 da Associated Press. Todos os direitos reservados. Este material n\u00e3o pode ser publicado, transmitido, reescrito ou redistribu\u00eddo.<\/em><\/p>\n<div class=\"wp-block-newsletter\">\n\t<strong class=\"wp-block-newsletter__title\">Cadastre-se em nosso boletim informativo para receber as \u00faltimas not\u00edcias diretamente em sua caixa de entrada<\/strong><\/p>\n<\/div><\/div>\n<p><br \/>\n<br \/><a href=\"https:\/\/wsvn.com\/news\/us-world\/new-york-taxi-driver-hits-6-pedestrians-3-taken-to-hospital-police-say\/\">Source link <\/a><\/p>","protected":false},"excerpt":{"rendered":"<p>NOVA YORK (AP) \u2013 Um t\u00e1xi atropelou seis pedestres no centro de Manhattan na quarta-feira, disse a pol\u00edcia, com tr\u00eas pessoas \u2013 incluindo um menino de 9 anos \u2013 transportadas&hellip;<\/p>","protected":false},"author":1,"featured_media":82732,"comment_status":"closed","ping_status":"open","sticky":false,"template":"","format":"standard","meta":{"content-type":"","footnotes":""},"categories":[1],"tags":[],"class_list":["post-82731","post","type-post","status-publish","format-standard","has-post-thumbnail","hentry","category-uncategorized"],"_links":{"self":[{"href":"https:\/\/tvbrazilusa.com\/pt\/wp-json\/wp\/v2\/posts\/82731","targetHints":{"allow":["GET"]}}],"collection":[{"href":"https:\/\/tvbrazilusa.com\/pt\/wp-json\/wp\/v2\/posts"}],"about":[{"href":"https:\/\/tvbrazilusa.com\/pt\/wp-json\/wp\/v2\/types\/post"}],"author":[{"embeddable":true,"href":"https:\/\/tvbrazilusa.com\/pt\/wp-json\/wp\/v2\/users\/1"}],"replies":[{"embeddable":true,"href":"https:\/\/tvbrazilusa.com\/pt\/wp-json\/wp\/v2\/comments?post=82731"}],"version-history":[{"count":1,"href":"https:\/\/tvbrazilusa.com\/pt\/wp-json\/wp\/v2\/posts\/82731\/revisions"}],"predecessor-version":[{"id":82733,"href":"https:\/\/tvbrazilusa.com\/pt\/wp-json\/wp\/v2\/posts\/82731\/revisions\/82733"}],"wp:featuredmedia":[{"embeddable":true,"href":"https:\/\/tvbrazilusa.com\/pt\/wp-json\/wp\/v2\/media\/82732"}],"wp:attachment":[{"href":"https:\/\/tvbrazilusa.com\/pt\/wp-json\/wp\/v2\/media?parent=82731"}],"wp:term":[{"taxonomy":"category","embeddable":true,"href":"https:\/\/tvbrazilusa.com\/pt\/wp-json\/wp\/v2\/categories?post=82731"},{"taxonomy":"post_tag","embeddable":true,"href":"https:\/\/tvbrazilusa.com\/pt\/wp-json\/wp\/v2\/tags?post=82731"}],"curies":[{"name":"wp","href":"https:\/\/api.w.org\/{rel}","templated":true}]}}