{"id":82759,"date":"2024-12-26T04:55:07","date_gmt":"2024-12-26T04:55:07","guid":{"rendered":"https:\/\/tvbrazilusa.com\/2024\/12\/26\/o-que-saber-sobre-o-hanukkah-e-como-ele-e-comemorado-em-todo-o-mundo-wsvn-7news-noticias-de-miami-clima-esportes-fort-lauderdale\/"},"modified":"2024-12-26T05:02:28","modified_gmt":"2024-12-26T05:02:28","slug":"o-que-saber-sobre-o-hanukkah-e-como-ele-e-comemorado-em-todo-o-mundo-wsvn-7news-noticias-de-miami-clima-esportes-fort-lauderdale","status":"publish","type":"post","link":"https:\/\/tvbrazilusa.com\/pt\/2024\/12\/26\/o-que-saber-sobre-o-hanukkah-e-como-ele-e-comemorado-em-todo-o-mundo-wsvn-7news-noticias-de-miami-clima-esportes-fort-lauderdale\/","title":{"rendered":"O que saber sobre o Hanukkah e como ele \u00e9 comemorado em todo o mundo &#8211; WSVN 7News | Not\u00edcias de Miami, clima, esportes | Fort Lauderdale"},"content":{"rendered":"<p> <script async src=\"https:\/\/pagead2.googlesyndication.com\/pagead\/js\/adsbygoogle.js?client=ca-pub-8864793242727901\"\r\n     crossorigin=\"anonymous\"><\/script><br \/>\n<\/p>\n<div itemprop=\"articleBody\">\n<p>(AP) \u2014 Hanukkah \u2014 tamb\u00e9m escrito Chanukah ou outras translitera\u00e7\u00f5es do hebraico \u2014 \u00e9 o \u201cfestival das luzes\u201d do Juda\u00edsmo. Em oito anoiteceres consecutivos, os judeus se re\u00fanem com familiares e amigos para acender uma vela adicional na menor\u00e1 \u2013 um candelabro multiramificado.<\/p>\n<p>Em hebraico, Hanukkah significa \u201cdedica\u00e7\u00e3o\u201d, e o feriado marca a rededica\u00e7\u00e3o do Templo em Jerusal\u00e9m no s\u00e9culo II a.C., depois de um pequeno grupo de combatentes judeus o ter libertado das for\u00e7as de ocupa\u00e7\u00e3o estrangeiras.<\/p>\n<p>Com o pequeno suprimento de \u00f3leo ritualmente puro que encontraram no templo, acenderam a menor\u00e1 \u2013 e ela permaneceu acesa por oito dias. O ritual de acender uma vela todas as noites, bem como a \u00eanfase em cozinhar alimentos em \u00f3leo, como panquecas de batata chamadas latkes, homenageiam esse \u00f3leo milagrosamente duradouro.<\/p>\n<h4 class=\"wp-block-heading\">Quando \u00e9 Hanukkah 2024?<\/h4>\n<p>As datas do feriado s\u00e3o baseadas no m\u00eas hebraico de Kislev, que geralmente coincide com novembro-dezembro no calend\u00e1rio gregoriano.<\/p>\n<p>Este ano, o Hanukkah ser\u00e1 celebrado de 25 de dezembro de 2024 a 2 de janeiro de 2025. \u00c9 apenas a quinta vez desde 1900 que o Hanukkah cai no dia de Natal.<\/p>\n<h4 class=\"wp-block-heading\">Por que o Hanukkah est\u00e1 t\u00e3o atrasado este ano?<\/h4>\n<p>A resposta simples \u00e9 que o calend\u00e1rio judaico \u00e9 baseado em ciclos lunares e n\u00e3o est\u00e1 em sincronia com o calend\u00e1rio gregoriano que marca o Natal em 25 de dezembro. O Hanukkah sempre come\u00e7a no 25\u00ba dia do m\u00eas judaico de Kislev, uma data que ocorre entre final de novembro e final de dezembro no calend\u00e1rio gregoriano.<\/p>\n<h4 class=\"wp-block-heading\">A observ\u00e2ncia do Hanukkah varia?<\/h4>\n<p>Os judeus de todo o espectro de observ\u00e2ncia religiosa \u2013 dos reformistas aos conservadores e aos ortodoxos \u2013 concentram-se no mesmo tema de trazer luz \u00e0s trevas e enfatizar que mesmo um pequeno esfor\u00e7o, contra todas as probabilidades, pode ter um efeito transformador.<\/p>\n<p>Por esta raz\u00e3o, embora o Talmud reflita uma disputa sobre a ordem de acendimento, a maioria come\u00e7a com uma vela e aumenta o acendimento em mais uma vela a cada noite enquanto recita ou canta b\u00ean\u00e7\u00e3os especiais.<\/p>\n<p>As velas s\u00e3o adicionadas da direita para a esquerda, mas acesas da esquerda para a direita na menor\u00e1, come\u00e7ando sempre com a luz mais nova. A menor\u00e1 especial usada para Hanukkah tem oito ramos, com um nono lugar para a vela chamada shamash, na qual todas as outras s\u00e3o acesas.<\/p>\n<p>A tradi\u00e7\u00e3o pede velas com chama real, embora alguns tamb\u00e9m utilizem velas el\u00e9tricas em exibi\u00e7\u00f5es p\u00fablicas, como em hospitais, por quest\u00f5es de seguran\u00e7a.<\/p>\n<h4 class=\"wp-block-heading\">Como o Hanukkah \u00e9 comemorado?<\/h4>\n<p>Uma menor\u00e1 \u00e9 acesa em cada casa e tradicionalmente \u00e9 colocada onde pode ser vista de fora, como uma porta ou parapeito de janela, para simbolizar a propaga\u00e7\u00e3o da luz de Deus a todas as na\u00e7\u00f5es.<\/p>\n<p>O <a href=\"https:\/\/apnews.com\/article\/162f4bfaf7fd40898236fb1526ba66b7\">ilumina\u00e7\u00e3o de menor\u00e1 nas ruas da cidade<\/a> e parques tornou-se mais proeminente nos \u00faltimos anos em pa\u00edses de todo o mundo, inclusive em frente a monumentos p\u00fablicos.<\/p>\n<p>Al\u00e9m das ilumina\u00e7\u00f5es da menor\u00e1, doa\u00e7\u00f5es para institui\u00e7\u00f5es de caridade e obras sociais tamb\u00e9m fazem parte da celebra\u00e7\u00e3o para muitos, refletindo a cren\u00e7a de que o povo judeu \u00e9 chamado por Deus para ajudar a tornar o mundo melhor para todos.<\/p>\n<p><em>Direitos autorais 2024 da Associated Press. Todos os direitos reservados. Este material n\u00e3o pode ser publicado, transmitido, reescrito ou redistribu\u00eddo.<\/em><\/p>\n<div class=\"wp-block-newsletter\">\n\t<strong class=\"wp-block-newsletter__title\">Cadastre-se em nosso boletim informativo para receber as \u00faltimas not\u00edcias diretamente em sua caixa de entrada<\/strong><\/p>\n<\/div><\/div>\n<p><br \/>\n<br \/><a href=\"https:\/\/wsvn.com\/news\/us-world\/what-to-know-about-hanukkah-and-how-its-celebrated-around-the-world\/\">Source link <\/a><\/p>","protected":false},"excerpt":{"rendered":"<p>(AP) \u2014 Hanukkah \u2014 tamb\u00e9m escrito Chanukah ou outras translitera\u00e7\u00f5es do hebraico \u2014 \u00e9 o \u201cfestival das luzes\u201d do Juda\u00edsmo. Em oito anoiteceres consecutivos, os judeus se re\u00fanem com familiares&hellip;<\/p>","protected":false},"author":1,"featured_media":82760,"comment_status":"closed","ping_status":"open","sticky":false,"template":"","format":"standard","meta":{"content-type":"","footnotes":""},"categories":[1],"tags":[],"class_list":["post-82759","post","type-post","status-publish","format-standard","has-post-thumbnail","hentry","category-uncategorized"],"_links":{"self":[{"href":"https:\/\/tvbrazilusa.com\/pt\/wp-json\/wp\/v2\/posts\/82759","targetHints":{"allow":["GET"]}}],"collection":[{"href":"https:\/\/tvbrazilusa.com\/pt\/wp-json\/wp\/v2\/posts"}],"about":[{"href":"https:\/\/tvbrazilusa.com\/pt\/wp-json\/wp\/v2\/types\/post"}],"author":[{"embeddable":true,"href":"https:\/\/tvbrazilusa.com\/pt\/wp-json\/wp\/v2\/users\/1"}],"replies":[{"embeddable":true,"href":"https:\/\/tvbrazilusa.com\/pt\/wp-json\/wp\/v2\/comments?post=82759"}],"version-history":[{"count":1,"href":"https:\/\/tvbrazilusa.com\/pt\/wp-json\/wp\/v2\/posts\/82759\/revisions"}],"predecessor-version":[{"id":82761,"href":"https:\/\/tvbrazilusa.com\/pt\/wp-json\/wp\/v2\/posts\/82759\/revisions\/82761"}],"wp:featuredmedia":[{"embeddable":true,"href":"https:\/\/tvbrazilusa.com\/pt\/wp-json\/wp\/v2\/media\/82760"}],"wp:attachment":[{"href":"https:\/\/tvbrazilusa.com\/pt\/wp-json\/wp\/v2\/media?parent=82759"}],"wp:term":[{"taxonomy":"category","embeddable":true,"href":"https:\/\/tvbrazilusa.com\/pt\/wp-json\/wp\/v2\/categories?post=82759"},{"taxonomy":"post_tag","embeddable":true,"href":"https:\/\/tvbrazilusa.com\/pt\/wp-json\/wp\/v2\/tags?post=82759"}],"curies":[{"name":"wp","href":"https:\/\/api.w.org\/{rel}","templated":true}]}}