{"id":82778,"date":"2024-12-24T00:15:12","date_gmt":"2024-12-24T00:15:12","guid":{"rendered":"https:\/\/tvbrazilusa.com\/2024\/12\/24\/chrismukkah-2024-5-coisas-para-saber-sobre-o-natal-e-o-hibrido-de-hanukkah\/"},"modified":"2024-12-26T06:54:38","modified_gmt":"2024-12-26T06:54:38","slug":"chrismukkah-2024-5-coisas-para-saber-sobre-o-natal-e-o-hibrido-de-hanukkah","status":"publish","type":"post","link":"https:\/\/tvbrazilusa.com\/pt\/2024\/12\/24\/chrismukkah-2024-5-coisas-para-saber-sobre-o-natal-e-o-hibrido-de-hanukkah\/","title":{"rendered":"Chrismukkah 2024: 5 coisas para saber sobre o Natal e o h\u00edbrido de Hanukkah"},"content":{"rendered":"<p> <script async src=\"https:\/\/pagead2.googlesyndication.com\/pagead\/js\/adsbygoogle.js?client=ca-pub-8864793242727901\"\r\n     crossorigin=\"anonymous\"><\/script><br \/>\n<\/p>\n<div>\n<p>O Natal e a primeira noite de Hanukkah caem no mesmo dia, quarta-feira, devido a uma peculiaridade do calend\u00e1rio chamada Chrismukkah, uma maleta em uso h\u00e1 s\u00e9culos, mas popularizada por um drama do hor\u00e1rio nobre sobre a ang\u00fastia adolescente.<\/p>\n<\/div>\n<div>\n<p>Os calend\u00e1rios lunar hebraico e solar gregoriano n\u00e3o se alinham, e o in\u00edcio do Hanukkah ocorre em datas diferentes a cada ano, mas sempre no 25\u00ba dia de Kislev, o nono m\u00eas do calend\u00e1rio hebraico. O Natal \u00e9 sempre no dia 25 de dezembro.<\/p>\n<p>Aqui est\u00e3o cinco coisas que voc\u00ea deve saber sobre Chrismukkah:<\/p>\n<\/div>\n<div>\n<h3>O verdadeiro Chrismukkah \u00e9 muito raro<\/h3>\n<p>Chrismukkah \u00e9 usado sempre que o Natal do Cristianismo e o Festival das Luzes de oito dias do Juda\u00edsmo se cruzam. <\/p>\n<p>No entanto, raramente acontece que o Natal e a primeira noite de Hanukkah ocorram no mesmo dia. A \u00faltima vez foi em 2005. Chrismukkah \u2013 \u00e0s vezes tamb\u00e9m escrito Christmukkah \u2013 tamb\u00e9m ocorreu em 1959 e 1921. Os dois feriados ser\u00e3o pr\u00f3ximos em 2035 e novamente em 2054.<\/p>\n<\/div>\n<div>\n<h3>Tudo come\u00e7ou como &#8216;Weihnukkah&#8217;<\/h3>\n<p>O in\u00edcio da celebra\u00e7\u00e3o secular remonta ao s\u00e9culo 19, \u00e0 medida que os judeus alem\u00e3es foram cada vez mais assimilados pela cultura crist\u00e3 alem\u00e3. <\/p>\n<p>Eles come\u00e7aram a adotar certas tradi\u00e7\u00f5es natalinas que eram mais uma reuni\u00e3o familiar do que uma celebra\u00e7\u00e3o religiosa, combinando \u201cWeihnachten\u201d, a palavra alem\u00e3 para Natal, e Hanukkah.<\/p>\n<\/div>\n<div>\n<h3>Quando Chrismukkuh veio para os EUA?<\/h3>\n<p>Embora celebrado nos Estados Unidos desde os anos p\u00f3s-Segunda Guerra Mundial, <a href=\"https:\/\/momentmag.com\/chrismukkah-as-defined-by-a-jew-who-celebrates\/#:~:text=According%20to%20the%20Jewish%20Museum,the%20main%20demographic%20celebrating%20Chrismukkah.\" rel=\"nofollow\" target=\"_blank\">Chrismukkah foi popularizado<\/a> em um epis\u00f3dio de 2003 de \u201cThe OC\u201d da Fox. Um dos personagens principais, Seth Cohen (Adam Brody), cuja m\u00e3e na s\u00e9rie \u00e9 crist\u00e3 e cujo pai \u00e9 judeu, comemorou os dois feriados.<\/p>\n<p>O criador do programa, Josh Schwartz, disse <a href=\"https:\/\/www.rollingstone.com\/tv-movies\/tv-movie-features\/the-oc-20th-anniversary-adam-brody-mischa-barton-chris-pine-emma-stone-olivia-wilde-1234900246\/\" rel=\"nofollow\" target=\"_blank\">Pedra rolando<\/a> a ideia veio de um escritor que celebrou o feriado misto quando crian\u00e7a.<\/p>\n<\/div>\n<div>\n<p>\u201cGostamos do fato de os Cohen serem orgulhosamente judeus e tamb\u00e9m orgulhosamente inter-religiosos. O termo \u2018Chrismukkah\u2019 veio da fam\u00edlia da escritora Lauren Gussis, que celebrou isso, e adoramos a ideia de Seth educar Ryan (Ben McKenzie) sobre isso.\u201d<\/p>\n<p>Vale a pena notar: os escritores do programa escolheram Chrismukkah em vez de \u201cHanimas\u201d.<\/p>\n<h3>Como Chrismukkah \u00e9 comemorado?<\/h3>\n<p>O autor Ron Gompertz ofereceu algumas ideias sobre como celebrar o feriado combinado em seu livro de 2006 \u201c<a href=\"https:\/\/www.amazon.com\/Chrismukkah-Everything-Celebrate-Hybrid-Holiday\/dp\/1584795581\" rel=\"nofollow\" target=\"_blank\">Chrismukkah: tudo o que voc\u00ea precisa saber para comemorar o feriado h\u00edbrido<\/a>\u201d, um guia muitas vezes alegre e hilariante atrav\u00e9s de eventos, hist\u00f3ria e tradi\u00e7\u00e3o que cercam Chrismukkah.<\/p>\n<p>Algumas tradi\u00e7\u00f5es incluem o Yamaclaus, um quip\u00e1 judaico com as cores do Papai Noel, e o arbusto Chrismukkah, um pequeno pinheiro decorado com estrelas de David e pi\u00f5es.<\/p>\n<p>Algumas pessoas veem o Chrismukkah como um \u201cempreendimento puramente comercial destinado a vender bugigangas fofas e produtos de marca ao lado dos presentes tradicionais de Hanukkah\u201d, disse o Rabino Shlomo Litvin, diretor do Chabad of the Bluegrass e do Centro Estudantil Judaico da Universidade de Kentucky.<a href=\"https:\/\/www.rd.com\/article\/chrismukkah\/\" rel=\"nofollow\" target=\"_blank\">antigo Reader\u2019s Digest<\/a>.<\/p>\n<\/div>\n<div>\n<h3>Natal e Hanukkah ainda est\u00e3o separados<\/h3>\n<p>Embora as tradi\u00e7\u00f5es dos feriados crist\u00e3os e judaicos possam ser fundidas em cria\u00e7\u00f5es peculiares como <a href=\"https:\/\/whatjewwannaeat.com\/gingerbread-eggnog-sufganiyot\/\" rel=\"nofollow\" target=\"_blank\">gemada de gengibre sufganiyot<\/a>uma varia\u00e7\u00e3o dos donuts recheados com geleia tradicionalmente servidos durante o Hanukkah, muitas fam\u00edlias inter-religiosas n\u00e3o fundem os dois feriados. <\/p>\n<p>Em vez disso, eles celebram aspectos de cada um, explicou a autora Samira K Mehta em \u201c<a href=\"https:\/\/www.amazon.com\/Beyond-Chrismukkah-Christian-Jewish-Interfaith-Family\/dp\/1469636360\" rel=\"nofollow\" target=\"_blank\">Al\u00e9m de Chrismukkah: a fam\u00edlia inter-religiosa crist\u00e3-judaica na Am\u00e9rica<\/a>.\u201d<\/p>\n<p>O Natal e o Hanukkah diferem muito em seu significado. Celebrando o nascimento de Jesus, o Natal \u00e9 um feriado crist\u00e3o importante, enquanto o Hanukkah, que celebra a vit\u00f3ria militar dos Macabeus sobre os s\u00edrios gregos no s\u00e9culo II aC, \u00e9 relativamente menor.<\/p>\n<p>Muitas fam\u00edlias inter-religiosas negociam para encontrar o equil\u00edbrio que honre ambas as heran\u00e7as. Eles t\u00eam discuss\u00f5es abertas sobre as tradi\u00e7\u00f5es do Natal e do Hanukkah que melhor representam suas respectivas cren\u00e7as religiosas &#8211; por exemplo, uma pessoa crist\u00e3 devota pode concordar em n\u00e3o colocar uma \u00e1rvore em favor de um pres\u00e9pio, que tem mais significado, Mehta <a href=\"https:\/\/momentmag.com\/chrismukkah-as-defined-by-a-jew-who-celebrates\/?srsltid=AfmBOopYgxFsA4H6GpxGiZjO6t9JEb7hx1DFK_omgem2ZTX9_IjEznTi#\" rel=\"nofollow\" target=\"_blank\">disse ao momento<\/a>uma revista digital e impressa que publica artigos sobre cultura, pol\u00edtica e religi\u00e3o judaica.<\/p>\n<\/div>\n<p><br \/>\n<br \/><a href=\"http:\/\/patch.com\/us\/across-america\/chrismukkah-2024-5-things-know-christmas-hanukkah-hybrid?utm_source=article-mostrecent&#038;utm_medium=rss&#038;utm_term=seasonal%20%26%20holidays&#038;utm_campaign=recirc&#038;utm_content=aol\">Source link <\/a><\/p>","protected":false},"excerpt":{"rendered":"<p>O Natal e a primeira noite de Hanukkah caem no mesmo dia, quarta-feira, devido a uma peculiaridade do calend\u00e1rio chamada Chrismukkah, uma maleta em uso h\u00e1 s\u00e9culos, mas popularizada por&hellip;<\/p>","protected":false},"author":1,"featured_media":82779,"comment_status":"closed","ping_status":"open","sticky":false,"template":"","format":"standard","meta":{"content-type":"","footnotes":""},"categories":[1],"tags":[],"class_list":["post-82778","post","type-post","status-publish","format-standard","has-post-thumbnail","hentry","category-uncategorized"],"_links":{"self":[{"href":"https:\/\/tvbrazilusa.com\/pt\/wp-json\/wp\/v2\/posts\/82778","targetHints":{"allow":["GET"]}}],"collection":[{"href":"https:\/\/tvbrazilusa.com\/pt\/wp-json\/wp\/v2\/posts"}],"about":[{"href":"https:\/\/tvbrazilusa.com\/pt\/wp-json\/wp\/v2\/types\/post"}],"author":[{"embeddable":true,"href":"https:\/\/tvbrazilusa.com\/pt\/wp-json\/wp\/v2\/users\/1"}],"replies":[{"embeddable":true,"href":"https:\/\/tvbrazilusa.com\/pt\/wp-json\/wp\/v2\/comments?post=82778"}],"version-history":[{"count":1,"href":"https:\/\/tvbrazilusa.com\/pt\/wp-json\/wp\/v2\/posts\/82778\/revisions"}],"predecessor-version":[{"id":82780,"href":"https:\/\/tvbrazilusa.com\/pt\/wp-json\/wp\/v2\/posts\/82778\/revisions\/82780"}],"wp:featuredmedia":[{"embeddable":true,"href":"https:\/\/tvbrazilusa.com\/pt\/wp-json\/wp\/v2\/media\/82779"}],"wp:attachment":[{"href":"https:\/\/tvbrazilusa.com\/pt\/wp-json\/wp\/v2\/media?parent=82778"}],"wp:term":[{"taxonomy":"category","embeddable":true,"href":"https:\/\/tvbrazilusa.com\/pt\/wp-json\/wp\/v2\/categories?post=82778"},{"taxonomy":"post_tag","embeddable":true,"href":"https:\/\/tvbrazilusa.com\/pt\/wp-json\/wp\/v2\/tags?post=82778"}],"curies":[{"name":"wp","href":"https:\/\/api.w.org\/{rel}","templated":true}]}}