{"id":82870,"date":"2024-12-26T13:27:10","date_gmt":"2024-12-26T13:27:10","guid":{"rendered":"https:\/\/tvbrazilusa.com\/2024\/12\/26\/antonio-fagundes-impos-condicao-para-trabalhar-na-globo-saiba-qual\/"},"modified":"2024-12-26T13:27:12","modified_gmt":"2024-12-26T13:27:12","slug":"antonio-fagundes-impos-condicao-para-trabalhar-na-globo-saiba-qual","status":"publish","type":"post","link":"https:\/\/tvbrazilusa.com\/pt\/2024\/12\/26\/antonio-fagundes-impos-condicao-para-trabalhar-na-globo-saiba-qual\/","title":{"rendered":"Antonio Fagundes imp\u00f4s condi\u00e7\u00e3o para trabalhar na Globo; saiba qual"},"content":{"rendered":"<p> <script async src=\"https:\/\/pagead2.googlesyndication.com\/pagead\/js\/adsbygoogle.js?client=ca-pub-8864793242727901\"\r\n     crossorigin=\"anonymous\"><\/script><br \/>\n<\/p>\n<div id=\"taboola-read-more\" style=\"display:block; width:100%\">\n<p>Antonio Fagundes revelou uma diretriz essencial em sua carreira televisiva: as grava\u00e7\u00f5es na TV nunca deveriam comprometer seu trabalho no teatro. Durante os 44 anos em que foi uma dos principais nomes da Globo, ele gravou somente em folgas de suas pe\u00e7as teatrais.\n<\/p>\n<p>O comunicador explicou que sua entrada na televis\u00e3o visava a promover o teatro, aproveitando a vasta audi\u00eancia da TV para atrair espectadores.<\/p>\n<p>\u201cQuando eu entrei na televis\u00e3o, eu j\u00e1 vinha do teatro. A minha condi\u00e7\u00e3o para fazer televis\u00e3o \u00e9 que eu gravasse na folga do teatro. Nunca gravei, nos 44 anos que eu fiquei na Globo, em outros dias que n\u00e3o fossem segunda, ter\u00e7a e quarta\u201d, contou.\n<\/p>\n<p>Apesar do sucesso na televis\u00e3o, Antonio Fagundes sempre colocou o teatro em primeiro lugar. \u201cPara mim n\u00e3o fazia sentido eu parar de fazer teatro. Na verdade, eu tinha ido fazer televis\u00e3o para ajudar a promover o teatro\u201d, disse o ator.\n<\/p>\n<p>Antonio Fagundes usou a Globo para divulgar trabalho teatral<br \/>O veterano destacou a import\u00e2ncia da TV em um pa\u00eds de grandes dimens\u00f5es, onde um papel menor pode alcan\u00e7ar milh\u00f5es de pessoas, facilitando a atra\u00e7\u00e3o de p\u00fablico ao teatro.\n<\/p>\n<p>\u201cVoc\u00ea sabe, n\u00f3s moramos num pa\u00eds de dimens\u00f5es continentais, se voc\u00ea fica fazendo teatro, num teatro de 200 lugares, voc\u00ea nunca vai ficar conhecido a ponto de levar p\u00fablico para o teatro\u201d, sinalizou.\n<\/p>\n<p>\u201cAo passo que, se voc\u00ea faz televis\u00e3o, um capitulozinho j\u00e1 atinge 90 milh\u00f5es de pessoas, j\u00e1 tem meio caminho andado a\u00ed\u201d, declarou em entrevista ao podcast Embrulha Sem Roteiro. Antonio Fagundes reafirmou sua decis\u00e3o de n\u00e3o interromper seu trabalho no palco para atuar na TV. \u201cA ideia era n\u00e3o parar de fazer teatro. Quando me chamaram para fazer televis\u00e3o eu falei: eu vou, se eu n\u00e3o parar de fazer teatro. E eu n\u00e3o parei\u201d, disse.<\/p>\n<p>Fonte: Revista Oeste              <\/p>\n<\/div>\n<p><br \/>\n<br \/><a href=\"https:\/\/diariodobrasilnoticias.com.br\/noticia\/antonio-fagundes-impos-condicao-para-trabalhar-na-globo-saiba-qual-676d3a41ebeca\">Source link <\/a><\/p>","protected":false},"excerpt":{"rendered":"<p>Antonio Fagundes revelou uma diretriz essencial em sua carreira televisiva: as grava\u00e7\u00f5es na TV nunca deveriam comprometer seu trabalho no teatro. Durante os 44 anos em que foi uma dos&hellip;<\/p>","protected":false},"author":1,"featured_media":82871,"comment_status":"closed","ping_status":"open","sticky":false,"template":"","format":"standard","meta":{"content-type":"","footnotes":""},"categories":[16],"tags":[123,2448,5313,1267],"class_list":["post-82870","post","type-post","status-publish","format-standard","has-post-thumbnail","hentry","category-noticias","tag-brasil","tag-diario","tag-noticia","tag-noticias"],"_links":{"self":[{"href":"https:\/\/tvbrazilusa.com\/pt\/wp-json\/wp\/v2\/posts\/82870","targetHints":{"allow":["GET"]}}],"collection":[{"href":"https:\/\/tvbrazilusa.com\/pt\/wp-json\/wp\/v2\/posts"}],"about":[{"href":"https:\/\/tvbrazilusa.com\/pt\/wp-json\/wp\/v2\/types\/post"}],"author":[{"embeddable":true,"href":"https:\/\/tvbrazilusa.com\/pt\/wp-json\/wp\/v2\/users\/1"}],"replies":[{"embeddable":true,"href":"https:\/\/tvbrazilusa.com\/pt\/wp-json\/wp\/v2\/comments?post=82870"}],"version-history":[{"count":1,"href":"https:\/\/tvbrazilusa.com\/pt\/wp-json\/wp\/v2\/posts\/82870\/revisions"}],"predecessor-version":[{"id":82872,"href":"https:\/\/tvbrazilusa.com\/pt\/wp-json\/wp\/v2\/posts\/82870\/revisions\/82872"}],"wp:featuredmedia":[{"embeddable":true,"href":"https:\/\/tvbrazilusa.com\/pt\/wp-json\/wp\/v2\/media\/82871"}],"wp:attachment":[{"href":"https:\/\/tvbrazilusa.com\/pt\/wp-json\/wp\/v2\/media?parent=82870"}],"wp:term":[{"taxonomy":"category","embeddable":true,"href":"https:\/\/tvbrazilusa.com\/pt\/wp-json\/wp\/v2\/categories?post=82870"},{"taxonomy":"post_tag","embeddable":true,"href":"https:\/\/tvbrazilusa.com\/pt\/wp-json\/wp\/v2\/tags?post=82870"}],"curies":[{"name":"wp","href":"https:\/\/api.w.org\/{rel}","templated":true}]}}