{"id":82876,"date":"2024-12-26T13:39:23","date_gmt":"2024-12-26T13:39:23","guid":{"rendered":"https:\/\/tvbrazilusa.com\/2024\/12\/26\/celso-portiolli-desmente-veja-e-nega-ter-agradecido-a-lula-entenda\/"},"modified":"2024-12-26T13:39:24","modified_gmt":"2024-12-26T13:39:24","slug":"celso-portiolli-desmente-veja-e-nega-ter-agradecido-a-lula-entenda","status":"publish","type":"post","link":"https:\/\/tvbrazilusa.com\/pt\/2024\/12\/26\/celso-portiolli-desmente-veja-e-nega-ter-agradecido-a-lula-entenda\/","title":{"rendered":"Celso Portiolli desmente Veja e nega ter agradecido a Lula; ENTENDA"},"content":{"rendered":"<p> <script async src=\"https:\/\/pagead2.googlesyndication.com\/pagead\/js\/adsbygoogle.js?client=ca-pub-8864793242727901\"\r\n     crossorigin=\"anonymous\"><\/script><br \/>\n<\/p>\n<div id=\"taboola-read-more\" style=\"display:block; width:100%\">\n<p>Celso Portiolli precisou se pronunciar atrav\u00e9s do X para desmentir uma not\u00edcia criada pela revista Veja. O apresentador do SBT legendou um trecho do Domingo Legal exibido no dia 22 de dezembro para explicar que n\u00e3o agradeceu ao presidente Luiz In\u00e1cio Lula da Silva (PT) por injetar dinheiro na emissora.\n<\/p>\n<p>No v\u00eddeo divulgado na rede social, o comunicador claramente fala obrigado para uma mulher da plateia chamada Luma.<\/p>\n<p>O t\u00edtulo da chamada da Veja dizia: \u201cCelso Portiolli quebra protocolo e agradece Lula por injetar verba no SBT\u201c. O apresentador rebateu a chamada com o v\u00eddeo legendado no X. Logo depois, a publica\u00e7\u00e3o foi apagada, mas a revista n\u00e3o se retratou pela not\u00edcia falsa.\n<\/p>\n<p>\u201cObrigado, Luma, e ele ouviu outra coisa\u201d, disparou o artista, marcando ainda o perfil da revista. \u201cParab\u00e9ns, Veja\u201d, disparou. No v\u00eddeo, ele afirma: \u201cEu t\u00f4 aqui com a Luma da nossa plateia. [\u2026] Obrigado, Luma\u201d. O agradecimento a Luma aconteceu depois da exibi\u00e7\u00e3o de um comercial da Petrobras, o que pode ter levado ao erro de interpreta\u00e7\u00e3o da fala.\n<\/p>\n<p>Celso Portiolli entrar\u00e1 com processo contra a revista Veja<br \/>Nos coment\u00e1rios, um internauta pediu a Celso Portiolli que processe a revista. \u201cProcessa eles, Cels\u00e3o! Um canal midi\u00e1tico desse tamanho fazer uma not\u00edcia desse tipo \u00e9 muito rid\u00edculo, fica bem claro que voc\u00ea falou Luma\u2026 Ela tamb\u00e9m estava ao seu lado, ent\u00e3o faz menos sentido ainda falarem que \u2018erramos sem querer&#8217;\u201d, escreveu o usu\u00e1rio JvGm45. O apresentador prontamente respondeu: \u201cJ\u00e1 est\u00e1 com o advogado\u201d.\n<\/p>\n<p>Outro usu\u00e1rio, chamado Cleberson, respondeu o apresentador: \u201cPior ainda \u00e9 os jornalistas do X que nem assistiram ao programa replicando a not\u00edcia sem ir atr\u00e1s de ver o programa que est\u00e1 na \u00edntegra no +SBT, incluindo os merchans. Eu avisei que isso n\u00e3o tinha acontecido. Muito bom voc\u00ea esclarecer, e tem que processar mesmo\u201d.\n<\/p>\n<p>Fonte: Revista Oeste              <\/p>\n<\/div>\n<p><br \/>\n<br \/><a href=\"https:\/\/diariodobrasilnoticias.com.br\/noticia\/celso-portiolli-desmente-veja-e-nega-ter-agradecido-a-lula-entenda-676d3b0b49ccf\">Source link <\/a><\/p>","protected":false},"excerpt":{"rendered":"<p>Celso Portiolli precisou se pronunciar atrav\u00e9s do X para desmentir uma not\u00edcia criada pela revista Veja. O apresentador do SBT legendou um trecho do Domingo Legal exibido no dia 22&hellip;<\/p>","protected":false},"author":1,"featured_media":82877,"comment_status":"closed","ping_status":"open","sticky":false,"template":"","format":"standard","meta":{"content-type":"","footnotes":""},"categories":[16],"tags":[123,2448,5313,1267],"class_list":["post-82876","post","type-post","status-publish","format-standard","has-post-thumbnail","hentry","category-noticias","tag-brasil","tag-diario","tag-noticia","tag-noticias"],"_links":{"self":[{"href":"https:\/\/tvbrazilusa.com\/pt\/wp-json\/wp\/v2\/posts\/82876","targetHints":{"allow":["GET"]}}],"collection":[{"href":"https:\/\/tvbrazilusa.com\/pt\/wp-json\/wp\/v2\/posts"}],"about":[{"href":"https:\/\/tvbrazilusa.com\/pt\/wp-json\/wp\/v2\/types\/post"}],"author":[{"embeddable":true,"href":"https:\/\/tvbrazilusa.com\/pt\/wp-json\/wp\/v2\/users\/1"}],"replies":[{"embeddable":true,"href":"https:\/\/tvbrazilusa.com\/pt\/wp-json\/wp\/v2\/comments?post=82876"}],"version-history":[{"count":1,"href":"https:\/\/tvbrazilusa.com\/pt\/wp-json\/wp\/v2\/posts\/82876\/revisions"}],"predecessor-version":[{"id":82878,"href":"https:\/\/tvbrazilusa.com\/pt\/wp-json\/wp\/v2\/posts\/82876\/revisions\/82878"}],"wp:featuredmedia":[{"embeddable":true,"href":"https:\/\/tvbrazilusa.com\/pt\/wp-json\/wp\/v2\/media\/82877"}],"wp:attachment":[{"href":"https:\/\/tvbrazilusa.com\/pt\/wp-json\/wp\/v2\/media?parent=82876"}],"wp:term":[{"taxonomy":"category","embeddable":true,"href":"https:\/\/tvbrazilusa.com\/pt\/wp-json\/wp\/v2\/categories?post=82876"},{"taxonomy":"post_tag","embeddable":true,"href":"https:\/\/tvbrazilusa.com\/pt\/wp-json\/wp\/v2\/tags?post=82876"}],"curies":[{"name":"wp","href":"https:\/\/api.w.org\/{rel}","templated":true}]}}