{"id":82944,"date":"2024-12-26T15:58:56","date_gmt":"2024-12-26T15:58:56","guid":{"rendered":"https:\/\/tvbrazilusa.com\/2024\/12\/26\/o-ator-adolescente-hudson-meek-que-apareceu-em-baby-driver-morre-apos-cair-de-um-veiculo-em-movimento-wsvn-7news-noticias-de-miami-clima-esportes-fort-lauderdale\/"},"modified":"2024-12-26T16:02:14","modified_gmt":"2024-12-26T16:02:14","slug":"o-ator-adolescente-hudson-meek-que-apareceu-em-baby-driver-morre-apos-cair-de-um-veiculo-em-movimento-wsvn-7news-noticias-de-miami-clima-esportes-fort-lauderdale","status":"publish","type":"post","link":"https:\/\/tvbrazilusa.com\/pt\/2024\/12\/26\/o-ator-adolescente-hudson-meek-que-apareceu-em-baby-driver-morre-apos-cair-de-um-veiculo-em-movimento-wsvn-7news-noticias-de-miami-clima-esportes-fort-lauderdale\/","title":{"rendered":"O ator adolescente Hudson Meek, que apareceu em &#8216;Baby Driver&#8217;, morre ap\u00f3s cair de um ve\u00edculo em movimento &#8211; WSVN 7News | Not\u00edcias de Miami, clima, esportes | Fort Lauderdale"},"content":{"rendered":"<p> <script async src=\"https:\/\/pagead2.googlesyndication.com\/pagead\/js\/adsbygoogle.js?client=ca-pub-8864793242727901\"\r\n     crossorigin=\"anonymous\"><\/script><br \/>\n<\/p>\n<div itemprop=\"articleBody\">\n<p>(CNN) \u2013 Hudson Meek, o ator de 16 anos que apareceu em \u201cBaby Driver\u201d, morreu na semana passada ap\u00f3s cair de um ve\u00edculo em movimento em Vestavia Hills, Alabama, de acordo com a afiliada da CNN WVTM.<\/p>\n<p>O adolescente sofreu um traumatismo contundente no outono de 19 de dezembro e foi internado na Universidade do Alabama no Hospital de Birmingham, onde morreu devido aos ferimentos em 21 de dezembro, disse o escrit\u00f3rio do legista do condado de Jefferson \u00e0 afiliada da CNN WVTM.<\/p>\n<p>\u201cSeus 16 anos nesta terra foram muito curtos, mas ele conquistou muito e impactou significativamente todos que conheceu\u201d, diz um post em sua conta no Instagram.<\/p>\n<p>O ator adolescente teve v\u00e1rios cr\u00e9ditos de atua\u00e7\u00e3o e dublagem, principalmente interpretando uma vers\u00e3o mais jovem do personagem de Ansel Elgort, Baby, no filme de 2017 \u201cBaby Driver\u201d.<\/p>\n<p>Meek tamb\u00e9m deu voz ao papel principal em \u201cBadanamu Stories\u201d \u2013\u2013 um programa infantil que examina temas relevantes para crian\u00e7as em idade pr\u00e9-escolar, de acordo com a IMDb. Ele tamb\u00e9m apareceu em programas como \u201cFound\u201d da NBC e \u201cLegacies\u201d da CW, bem como no thriller lan\u00e7ado recentemente \u201cThe School Duel\u201d.<\/p>\n<p>O obitu\u00e1rio de Meek descreveu o adolescente como um viajante \u00e1vido \u201creflexivo e atencioso\u201d e f\u00e3 de atividades ao ar livre.<\/p>\n<p>\u201cEle adorava esquiar na neve e podia navegar facilmente pelas trilhas mais dif\u00edceis que ningu\u00e9m mais da fam\u00edlia ousaria tentar\u201d, dizia o obitu\u00e1rio. \u201cUm de seus lugares favoritos era no lago, praticando tubing e wakeboard.\u201d<\/p>\n<p>O Departamento de Pol\u00edcia de Vestavia Hills ainda est\u00e1 investigando as circunst\u00e2ncias da morte de Meek, informou a WTVM. A CNN entrou em contato com a pol\u00edcia de Vestavia Hills para obter mais informa\u00e7\u00f5es sobre o incidente.<\/p>\n<p><em>The-CNN-Wire\u2122 e \u00a9 2024 Cable News Network, Inc., uma empresa da Time Warner. Todos os direitos reservados.<\/em><\/p>\n<div class=\"wp-block-newsletter\">\n\t<strong class=\"wp-block-newsletter__title\">Cadastre-se em nosso boletim informativo para receber as \u00faltimas not\u00edcias diretamente em sua caixa de entrada<\/strong><\/p>\n<\/div><\/div>\n<p><br \/>\n<br \/><a href=\"https:\/\/wsvn.com\/entertainment\/teen-actor-hudson-meek-who-appeared-in-baby-driver-dies-after-falling-from-moving-vehicle\/\">Source link <\/a><\/p>","protected":false},"excerpt":{"rendered":"<p>(CNN) \u2013 Hudson Meek, o ator de 16 anos que apareceu em \u201cBaby Driver\u201d, morreu na semana passada ap\u00f3s cair de um ve\u00edculo em movimento em Vestavia Hills, Alabama, de&hellip;<\/p>","protected":false},"author":1,"featured_media":82945,"comment_status":"closed","ping_status":"open","sticky":false,"template":"","format":"standard","meta":{"content-type":"","footnotes":""},"categories":[1],"tags":[],"class_list":["post-82944","post","type-post","status-publish","format-standard","has-post-thumbnail","hentry","category-uncategorized"],"_links":{"self":[{"href":"https:\/\/tvbrazilusa.com\/pt\/wp-json\/wp\/v2\/posts\/82944","targetHints":{"allow":["GET"]}}],"collection":[{"href":"https:\/\/tvbrazilusa.com\/pt\/wp-json\/wp\/v2\/posts"}],"about":[{"href":"https:\/\/tvbrazilusa.com\/pt\/wp-json\/wp\/v2\/types\/post"}],"author":[{"embeddable":true,"href":"https:\/\/tvbrazilusa.com\/pt\/wp-json\/wp\/v2\/users\/1"}],"replies":[{"embeddable":true,"href":"https:\/\/tvbrazilusa.com\/pt\/wp-json\/wp\/v2\/comments?post=82944"}],"version-history":[{"count":1,"href":"https:\/\/tvbrazilusa.com\/pt\/wp-json\/wp\/v2\/posts\/82944\/revisions"}],"predecessor-version":[{"id":82946,"href":"https:\/\/tvbrazilusa.com\/pt\/wp-json\/wp\/v2\/posts\/82944\/revisions\/82946"}],"wp:featuredmedia":[{"embeddable":true,"href":"https:\/\/tvbrazilusa.com\/pt\/wp-json\/wp\/v2\/media\/82945"}],"wp:attachment":[{"href":"https:\/\/tvbrazilusa.com\/pt\/wp-json\/wp\/v2\/media?parent=82944"}],"wp:term":[{"taxonomy":"category","embeddable":true,"href":"https:\/\/tvbrazilusa.com\/pt\/wp-json\/wp\/v2\/categories?post=82944"},{"taxonomy":"post_tag","embeddable":true,"href":"https:\/\/tvbrazilusa.com\/pt\/wp-json\/wp\/v2\/tags?post=82944"}],"curies":[{"name":"wp","href":"https:\/\/api.w.org\/{rel}","templated":true}]}}