{"id":8297,"date":"2022-03-23T15:30:40","date_gmt":"2022-03-23T15:30:40","guid":{"rendered":"https:\/\/tvbrazilusa.com\/2022\/03\/23\/indenizacao-a-lula-e-total-escarnio-com-povo\/"},"modified":"2022-03-23T15:30:40","modified_gmt":"2022-03-23T15:30:40","slug":"indenizacao-a-lula-e-total-escarnio-com-povo","status":"publish","type":"post","link":"https:\/\/tvbrazilusa.com\/pt\/2022\/03\/23\/indenizacao-a-lula-e-total-escarnio-com-povo\/","title":{"rendered":"Indeniza\u00e7\u00e3o a Lula \u00e9 total esc\u00e1rnio com povo!"},"content":{"rendered":"<p><iframe  width=\"580\" height=\"385\" src=\"https:\/\/www.youtube.com\/embed\/487hb-KO3kw?modestbranding=1\" frameborder=\"0\" allowfullscreen><\/iframe><br \/>\n<br \/>Apoie meu canal:<br \/>\n<br \/><a href=\"https:\/\/www.youtube.com\/watch?v=487hb-KO3kw\">source<\/a><\/p>","protected":false},"excerpt":{"rendered":"<p>Apoie meu canal: source<\/p>","protected":false},"author":1,"featured_media":8298,"comment_status":"","ping_status":"open","sticky":false,"template":"","format":"standard","meta":{"content-type":"","footnotes":""},"categories":[1],"tags":[],"class_list":["post-8297","post","type-post","status-publish","format-standard","has-post-thumbnail","hentry","category-uncategorized"],"_links":{"self":[{"href":"https:\/\/tvbrazilusa.com\/pt\/wp-json\/wp\/v2\/posts\/8297","targetHints":{"allow":["GET"]}}],"collection":[{"href":"https:\/\/tvbrazilusa.com\/pt\/wp-json\/wp\/v2\/posts"}],"about":[{"href":"https:\/\/tvbrazilusa.com\/pt\/wp-json\/wp\/v2\/types\/post"}],"author":[{"embeddable":true,"href":"https:\/\/tvbrazilusa.com\/pt\/wp-json\/wp\/v2\/users\/1"}],"replies":[{"embeddable":true,"href":"https:\/\/tvbrazilusa.com\/pt\/wp-json\/wp\/v2\/comments?post=8297"}],"version-history":[{"count":0,"href":"https:\/\/tvbrazilusa.com\/pt\/wp-json\/wp\/v2\/posts\/8297\/revisions"}],"wp:featuredmedia":[{"embeddable":true,"href":"https:\/\/tvbrazilusa.com\/pt\/wp-json\/wp\/v2\/media\/8298"}],"wp:attachment":[{"href":"https:\/\/tvbrazilusa.com\/pt\/wp-json\/wp\/v2\/media?parent=8297"}],"wp:term":[{"taxonomy":"category","embeddable":true,"href":"https:\/\/tvbrazilusa.com\/pt\/wp-json\/wp\/v2\/categories?post=8297"},{"taxonomy":"post_tag","embeddable":true,"href":"https:\/\/tvbrazilusa.com\/pt\/wp-json\/wp\/v2\/tags?post=8297"}],"curies":[{"name":"wp","href":"https:\/\/api.w.org\/{rel}","templated":true}]}}