{"id":83001,"date":"2024-12-26T17:19:28","date_gmt":"2024-12-26T17:19:28","guid":{"rendered":"https:\/\/tvbrazilusa.com\/2024\/12\/26\/cnj-proibe-prisoes-em-flagrantes-de-presos-liberados-na-saidinha-de-natal-por-descumprimento-de-regras-entenda\/"},"modified":"2024-12-26T17:19:30","modified_gmt":"2024-12-26T17:19:30","slug":"cnj-proibe-prisoes-em-flagrantes-de-presos-liberados-na-saidinha-de-natal-por-descumprimento-de-regras-entenda","status":"publish","type":"post","link":"https:\/\/tvbrazilusa.com\/pt\/2024\/12\/26\/cnj-proibe-prisoes-em-flagrantes-de-presos-liberados-na-saidinha-de-natal-por-descumprimento-de-regras-entenda\/","title":{"rendered":"CNJ pro\u00edbe pris\u00f5es em flagrantes de presos liberados na &#8216;saidinha&#8217; de Natal por descumprimento de regras; entenda"},"content":{"rendered":"<p> <script async src=\"https:\/\/pagead2.googlesyndication.com\/pagead\/js\/adsbygoogle.js?client=ca-pub-8864793242727901\"\r\n     crossorigin=\"anonymous\"><\/script><br \/>\n<\/p>\n<div>\n<figure class=\"post-image\">\n<\/figure>\n<p>            <span style=\"font-size: 12px\">Ag\u00eancia Brasil<\/span><\/p>\n<p>            <!-- end metas --><br \/>\n            <!-- ADS --><\/p>\n<div id=\"taboola-read-more\" style=\"display:block; width:100%\">\n<p>O CNJ (Conselho Nacional de Justi\u00e7a) declarou ilegal uma portaria do TJSP (Tribunal de Justi\u00e7a do Estado de S\u00e3o Paulo) que permitia a pris\u00e3o de detentos em \u201csaidinhas\u201d que descumprissem regras. A decis\u00e3o foi tomada dias antes da sa\u00edda tempor\u00e1ria de final de ano, que come\u00e7ou na 2\u00aa feira (23.dez.2024).\n<\/p>\n<p>A portaria autorizava as Pol\u00edcias Civil e Militar a prender detentos em flagrante por viola\u00e7\u00e3o das condi\u00e7\u00f5es das saidinhas. Desde sua implementa\u00e7\u00e3o, em junho do ano anterior, mais de 3.000 detentos foram presos.<\/p>\n<p>O CNJ, no entanto, determinou que tais infra\u00e7\u00f5es deveriam ser apenas registradas e comunicadas ao Judici\u00e1rio para decis\u00e3o. A ilegalidade da portaria foi questionada pela Defensoria P\u00fablica de S\u00e3o Paulo via habeas corpus no STJ (Superior Tribunal de Justi\u00e7a). Apesar do STJ n\u00e3o conceder o habeas corpus, encaminhou o caso ao CNJ, que julgou a medida ilegal.\n<\/p>\n<p>Na \u00faltima \u201csaidinha\u201d, em 17 de setembro, a\u00a0<a href=\"https:\/\/12ft.io\/proxy?q=https%3A%2F%2Fwww.ssp.sp.gov.br%2F\" target=\"_parent\">SSP<\/a>\u00a0(Secretaria de Seguran\u00e7a P\u00fablica) de S\u00e3o Paulo reportou a pris\u00e3o em flagrante de 16 detentos que praticaram novos crimes durante o per\u00edodo. Os casos foram reportados tanto na capital paulista quanto em cidades do interior do Estado.\n<\/p>\n<p>No total, houve 4 sa\u00eddas tempor\u00e1rias para os presos em S\u00e3o Paulo neste ano. Durante a \u00e9poca de festas, poder\u00e3o passar fora da pris\u00e3o o per\u00edodo de 23 de dezembro de 2024 a 3 de janeiro de 2025.<\/p>\n<p>Fonte: Poder360              <\/p>\n<\/div>\n<p>                        <!-- Scripts para conteudo --><\/p>\n<p>            <!-- .\/Scripts para conteudo --><br \/>\n            <!-- .\/Mat\u00e9ria --><\/p>\n<div class=\"row mt-3\">\n<div class=\"col-sm-6\">\n                <!-- Whatsapp channel 3--><br \/>\n                <a href=\"https:\/\/chat.whatsapp.com\/J6hwSKYns5B0XFowx2wZ0P\" target=\"_blank\"><br \/>\n                  <img decoding=\"async\" src=\"https:\/\/diariodobrasilnoticias.com.br\/assets-site\/images\/bot_whatsapp.png\"\/><\/a>\n              <\/div>\n<div class=\"col-sm-6\">\n                <a href=\"https:\/\/t.me\/+_4gTmi5LKo03OTM5\" target=\"_blank\"><br \/>\n                  <img decoding=\"async\" src=\"https:\/\/diariodobrasilnoticias.com.br\/assets-site\/images\/bot_telegram.png\"\/><\/a>\n              <\/div>\n<\/p><\/div>\n<p>            <!-- end post-navigation --><\/p>\n<p>              <!-- end row --><\/p>\n<p>              <!-- end col-12-->\n                      <\/div>\n<p><br \/>\n<br \/><a href=\"https:\/\/diariodobrasilnoticias.com.br\/noticia\/cnj-proibe-prisoes-em-flagrantes-de-presos-liberados-na-saidinha-de-natal-por-descumprimento-de-regras-entenda-676d7ab22a60a\">Source link <\/a><\/p>","protected":false},"excerpt":{"rendered":"<p>Ag\u00eancia Brasil O CNJ (Conselho Nacional de Justi\u00e7a) declarou ilegal uma portaria do TJSP (Tribunal de Justi\u00e7a do Estado de S\u00e3o Paulo) que permitia a pris\u00e3o de detentos em \u201csaidinhas\u201d&hellip;<\/p>","protected":false},"author":1,"featured_media":83002,"comment_status":"closed","ping_status":"open","sticky":false,"template":"","format":"standard","meta":{"content-type":"","footnotes":""},"categories":[16],"tags":[123,2448,5313,1267],"class_list":["post-83001","post","type-post","status-publish","format-standard","has-post-thumbnail","hentry","category-noticias","tag-brasil","tag-diario","tag-noticia","tag-noticias"],"_links":{"self":[{"href":"https:\/\/tvbrazilusa.com\/pt\/wp-json\/wp\/v2\/posts\/83001","targetHints":{"allow":["GET"]}}],"collection":[{"href":"https:\/\/tvbrazilusa.com\/pt\/wp-json\/wp\/v2\/posts"}],"about":[{"href":"https:\/\/tvbrazilusa.com\/pt\/wp-json\/wp\/v2\/types\/post"}],"author":[{"embeddable":true,"href":"https:\/\/tvbrazilusa.com\/pt\/wp-json\/wp\/v2\/users\/1"}],"replies":[{"embeddable":true,"href":"https:\/\/tvbrazilusa.com\/pt\/wp-json\/wp\/v2\/comments?post=83001"}],"version-history":[{"count":1,"href":"https:\/\/tvbrazilusa.com\/pt\/wp-json\/wp\/v2\/posts\/83001\/revisions"}],"predecessor-version":[{"id":83003,"href":"https:\/\/tvbrazilusa.com\/pt\/wp-json\/wp\/v2\/posts\/83001\/revisions\/83003"}],"wp:featuredmedia":[{"embeddable":true,"href":"https:\/\/tvbrazilusa.com\/pt\/wp-json\/wp\/v2\/media\/83002"}],"wp:attachment":[{"href":"https:\/\/tvbrazilusa.com\/pt\/wp-json\/wp\/v2\/media?parent=83001"}],"wp:term":[{"taxonomy":"category","embeddable":true,"href":"https:\/\/tvbrazilusa.com\/pt\/wp-json\/wp\/v2\/categories?post=83001"},{"taxonomy":"post_tag","embeddable":true,"href":"https:\/\/tvbrazilusa.com\/pt\/wp-json\/wp\/v2\/tags?post=83001"}],"curies":[{"name":"wp","href":"https:\/\/api.w.org\/{rel}","templated":true}]}}