{"id":83019,"date":"2024-12-26T17:38:25","date_gmt":"2024-12-26T17:38:25","guid":{"rendered":"https:\/\/tvbrazilusa.com\/2024\/12\/26\/suposto-tom-brady-do-roubo-de-pacotes-preso-em-boston-apos-ser-localizado-por-um-cadete-da-policia\/"},"modified":"2024-12-26T17:42:23","modified_gmt":"2024-12-26T17:42:23","slug":"suposto-tom-brady-do-roubo-de-pacotes-preso-em-boston-apos-ser-localizado-por-um-cadete-da-policia","status":"publish","type":"post","link":"https:\/\/tvbrazilusa.com\/pt\/2024\/12\/26\/suposto-tom-brady-do-roubo-de-pacotes-preso-em-boston-apos-ser-localizado-por-um-cadete-da-policia\/","title":{"rendered":"Suposto &#8216;Tom Brady do roubo de pacotes&#8217; preso em Boston ap\u00f3s ser localizado por um cadete da pol\u00edcia"},"content":{"rendered":"<p> <script async src=\"https:\/\/pagead2.googlesyndication.com\/pagead\/js\/adsbygoogle.js?client=ca-pub-8864793242727901\"\r\n     crossorigin=\"anonymous\"><\/script><br \/>\n<\/p>\n<div id=\"\">\n<header class=\"m-article-header m-article-header--standard\">\n\t\t\t\t\t\t\t\t\t\t\t\t<span id=\"article-header-primary-term\"><br \/>\n\t\t\t\t\t\t\t\t<a class=\"a-term a-term--primary\" href=\"https:\/\/www.boston.com\/tag\/crime\/\"><\/p>\n<p>\t\t\t\t\t\t\t\tCrime\t\t\t\t\t\t\t\t<\/a><br \/>\n\t\t\t\t\t\t\t<\/span><\/p>\n<h2 class=\"m-article-header__sub-headline\">Kerri Flynn, 34, teria sido vista roubando pacotes na \u00e1rea durante semanas, o que levou os vizinhos a atribuir-lhe o apelido de Brady.<\/h2>\n<figure class=\"a-photo m-article-header__photo\"><figcaption class=\"a-photo__caption\">\n\t<em> <\/em>\t<\/figcaption><\/figure>\n<div class=\"m-article-header__meta\">\n<div class=\"m-article-header__byline\">\n<p class=\"m-article-header__author\">\n<p>\t\t\t\t\t\t\t\tPor <a class=\"a-link a-link--inline\" href=\"https:\/\/www.boston.com\/author\/abby-patkin\/\">Abby Patkin<\/a>\t\t\t\t\t\t\t<\/p>\n<p>\t\t\t\t\t\t\t\t\t\t\t\t\t\t\t<time class=\"m-article-header__date\"><\/p>\n<p>\t\t\t\t\t\t\t\t\t26 de dezembro de 2024 | 12h38\t\t\t\t\t\t\t\t<\/time><\/p>\n<p><span>1 minuto para ler<\/span><\/p>\n<\/p><\/div>\n<\/p><\/div>\n<\/header>\n<p>Um cadete da pol\u00edcia de Boston com olhos de \u00e1guia, entregando brinquedos na v\u00e9spera de Natal, ajudou a prender um suposto pirata de varanda famoso entre <a href=\"https:\/\/www.boston.com\/tag\/south-boston\/\" target=\"_blank\" rel=\"noreferrer noopener\">Sul de Boston<\/a> vizinhos como o \u201cTom Brady do roubo de pacotes\u201d, disseram as autoridades. <\/p>\n<p>Os policiais entregavam brinquedos para crian\u00e7as no sul de Boston por volta das 11h45 de ter\u00e7a-feira, quando o cadete avistou Kerri Flynn, de 34 anos, \u201cuma suspeita de ladra de pacotes cujas aventuras lhe renderam notoriedade entre os moradores locais preocupados\u201d, disse o Departamento de Pol\u00edcia de Boston em um comunicado. <a href=\"https:\/\/police.boston.gov\/2024\/12\/24\/suspected-package-thief-nabbed-by-police-cadet-during-boston-police-holiday-toy-delivery\/\" target=\"_blank\" rel=\"noreferrer noopener\">declara\u00e7\u00e3o<\/a>. <\/p>\n<p>De acordo com um relat\u00f3rio policial, Flynn \u2013 uma residente do sul de Boston \u2013 teria sido vista roubando pacotes na \u00e1rea durante semanas, o que levou os vizinhos a atribuir-lhe o apelido de Tom Brady. Flynn supostamente tinha dois sacos de pacotes fechados quando os policiais a pararam, e a pol\u00edcia de Boston disse que ela disse aos policiais que estava desempregada e que tinha uma filha. <\/p>\n<p>A pol\u00edcia tamb\u00e9m descobriu que Flynn tinha dois mandados pendentes no Tribunal Distrital de Taunton e no Tribunal Superior de Suffolk sob a acusa\u00e7\u00e3o de furto em lojas e recebimento de bens roubados, respectivamente.<\/p>\n<p>Ela foi indiciada na ter\u00e7a-feira na divis\u00e3o South Boston do Tribunal Municipal de Boston e se declarou inocente da acusa\u00e7\u00e3o de recebimento de propriedade roubada. Os registros do tribunal indicam que Flynn foi libertado sob fian\u00e7a pessoal, mas deveria ser transportado para o Tribunal Superior de Suffolk em um de seus mandados pendentes. Seu advogado n\u00e3o retornou uma liga\u00e7\u00e3o solicitando coment\u00e1rios na quinta-feira. <\/p>\n<p>De acordo com o relat\u00f3rio da pol\u00edcia de Boston, os pacotes recuperados ser\u00e3o entregues aos destinat\u00e1rios pretendidos.<\/p>\n<div class=\"o-author-single has-avatar\">\n<header class=\"m-author-card\">\n<div class=\"a-image a-image--square m-author-card__image\">\n\t\t\t<\/div>\n<\/header>\n<section class=\"author-info\">\n<div class=\"m-author__section\">\n<p>Abby Patkin \u00e9 uma rep\u00f3rter de not\u00edcias gerais cujo trabalho aborda transporte p\u00fablico, crime, sa\u00fade e tudo mais.<\/p>\n<\/div>\n<\/section>\n<\/div>\n<div class=\"m-block m-generic-cta\t m-generic-cta--post-content\t m-generic-cta--dark\t m-generic-cta--homepage\t m-generic-cta--email-signup\t\t m-generic-cta-block-style--default \tt-amp__generic-cta\"><\/p>\n<div class=\"m-generic-cta__wrap\">\n<div class=\"m-generic-cta__content\">\n<h3 class=\"m-generic-cta__title\">Boston.com hoje<\/h3>\n<p class=\"m-generic-cta__subtitle\">Inscreva-se para receber as \u00faltimas manchetes em sua caixa de entrada todas as manh\u00e3s.<\/p>\n<\/p><\/div>\n<\/p><\/div>\n<\/div><\/div>\n<p><script>\n\t\tvar consent=\"grant\";\n\t\t\/* The above code is parsing the JSON data from the local storage and storing it in a variable. *\/\n\t\t\t\t\tconst onetrustStorageConsent = JSON.parse(localStorage.getItem( 'consent_one_trust_bdc' ) );\n\t\t\tif ( ( onetrustStorageConsent !== null ) ) {\n\t\t\t\t\/* Checking to see if the user has consented to the use of cookies.\n\t\t\t\t* If they have not, it is deleting the cookie.\n\t\t\t\t* This will comment for now, until further notice.\n\t\t\t\t*\/\n\t\t\t\t\/\/if ( onetrustStorageConsent.C0002 === false ) {\n\t\t\t\t\/\/\tdocument.cookie=\"_fbp=;expires=Thu, 01 Jan 2010 00:00:00 UTC; path=\/; domain=.boston.com\";\n\t\t\t\t\/\/}\n\t\t\t\t\/* Checking if the user has given consent for the cookie C0002.\n\t\t\t\t* If the user has given consent, the variable consent will be set to 'grant'.\n\t\t\t\t* If the user has not given consent,the variable consent will be set to 'revoke'.\n\t\t\t\t* Documentation https:\/\/developers.facebook.com\/docs\/meta-pixel\/implementation\/gdpr\n\t\t\t\t*\/\n\t\t\t\tif ( onetrustStorageConsent.C0002 !== true ) {\n\t\t\t\t\tconsent=\"revoke\";\n\t\t\t\t}\n\t\t\t}\n\t\t\t\t!function(f,b,e,v,n,t,s)\n\t\t{if(f.fbq)return;n=f.fbq=function(){n.callMethod?\n\t\tn.callMethod.apply(n,arguments):n.queue.push(arguments)};\n\t\tif(!f._fbq)f._fbq=n;n.push=n;n.loaded=!0;n.version='2.0';\n\t\tn.queue=[];t=b.createElement(e);t.async=!0;\n\t\tt.src=v;s=b.getElementsByTagName(e)[0];\n\t\ts.parentNode.insertBefore(t,s)}(window, document,'script',\n\t\t'https:\/\/connect.facebook.net\/en_US\/fbevents.js');\n\t\tfbq('consent', consent);\n\t\tfbq('init', '989222871864976');\n\t\tfbq('track', 'PageView');\n\t<\/script><script type=\"module\">\n\t\tvar consent=\"grant\";\n\t\t\/* The above code is parsing the JSON data from the local storage and storing it in a variable. *\/\n\t\t\tconst onetrustStorageConsent = JSON.parse(localStorage.getItem( 'consent_one_trust_bdc' ) );\n\t\t\t\/* Checking to see if the user has consented to the use of cookies.\n\t\t\t* If they have not, it is deleting the cookie.\n\t\t\t* This will comment for now, until further notice.\n\t\t\t*\/\n\t\t\t\/\/if ( onetrustStorageConsent.C0002 === false ) {\n\t\t\t\/\/\tdocument.cookie=\"_fbp=;expires=Thu, 01 Jan 2010 00:00:00 UTC; path=\/; domain=.boston.com\";\n\t\t\t\/\/}\n\t\t\t\/* Checking if the user has given consent for the cookie C0002.\n\t\t\t* If the user has given consent, the variable consent will be set to 'grant'.\n\t\t\t* If the user has not given consent,the variable consent will be set to 'revoke'.\n\t\t\t* Documentation https:\/\/developers.facebook.com\/docs\/meta-pixel\/implementation\/gdpr\n\t\t\t*\/\n\t\t\tif ( ( onetrustStorageConsent !== null ) && (onetrustStorageConsent.C0002 !== true ) ) {\n\t\t\t\tconsent=\"revoke\";\n\t\t\t}\n\t\t\t\t!function(f,b,e,v,n,t,s){if(f.fbq)return;n=f.fbq=function()\n\t\t{n.callMethod? n.callMethod.apply(n,arguments):n.queue.push(arguments)}\n\t\t;if(!f._fbq)f._fbq=n;\n\t\tn.push=n;n.loaded=!0;n.version='2.0';n.queue=[];t=b.createElement(e);t.async=!0;\n\t\tt.src=v;s=b.getElementsByTagName(e)[0];s.parentNode.insertBefore(t,s)}(window,\n\t\tdocument,'script','https:\/\/connect.facebook.net\/en_US\/fbevents.js');\n\t\tfbq('consent', consent);\n\t\tfbq('init', '813236348753005');\n\t\tfbq('track', \"PageView\");\n\t<\/script><br \/>\n<br \/><br \/>\n<br \/><a href=\"https:\/\/www.boston.com\/news\/crime\/2024\/12\/26\/alleged-tom-brady-of-stealing-packages-nabbed-south-boston\/\">Source link <\/a><\/p>","protected":false},"excerpt":{"rendered":"<p>Crime Kerri Flynn, 34, teria sido vista roubando pacotes na \u00e1rea durante semanas, o que levou os vizinhos a atribuir-lhe o apelido de Brady. Por Abby Patkin 26 de dezembro&hellip;<\/p>","protected":false},"author":1,"featured_media":64131,"comment_status":"closed","ping_status":"open","sticky":false,"template":"","format":"standard","meta":{"content-type":"","footnotes":""},"categories":[1],"tags":[],"class_list":["post-83019","post","type-post","status-publish","format-standard","has-post-thumbnail","hentry","category-uncategorized"],"_links":{"self":[{"href":"https:\/\/tvbrazilusa.com\/pt\/wp-json\/wp\/v2\/posts\/83019","targetHints":{"allow":["GET"]}}],"collection":[{"href":"https:\/\/tvbrazilusa.com\/pt\/wp-json\/wp\/v2\/posts"}],"about":[{"href":"https:\/\/tvbrazilusa.com\/pt\/wp-json\/wp\/v2\/types\/post"}],"author":[{"embeddable":true,"href":"https:\/\/tvbrazilusa.com\/pt\/wp-json\/wp\/v2\/users\/1"}],"replies":[{"embeddable":true,"href":"https:\/\/tvbrazilusa.com\/pt\/wp-json\/wp\/v2\/comments?post=83019"}],"version-history":[{"count":1,"href":"https:\/\/tvbrazilusa.com\/pt\/wp-json\/wp\/v2\/posts\/83019\/revisions"}],"predecessor-version":[{"id":83020,"href":"https:\/\/tvbrazilusa.com\/pt\/wp-json\/wp\/v2\/posts\/83019\/revisions\/83020"}],"wp:featuredmedia":[{"embeddable":true,"href":"https:\/\/tvbrazilusa.com\/pt\/wp-json\/wp\/v2\/media\/64131"}],"wp:attachment":[{"href":"https:\/\/tvbrazilusa.com\/pt\/wp-json\/wp\/v2\/media?parent=83019"}],"wp:term":[{"taxonomy":"category","embeddable":true,"href":"https:\/\/tvbrazilusa.com\/pt\/wp-json\/wp\/v2\/categories?post=83019"},{"taxonomy":"post_tag","embeddable":true,"href":"https:\/\/tvbrazilusa.com\/pt\/wp-json\/wp\/v2\/tags?post=83019"}],"curies":[{"name":"wp","href":"https:\/\/api.w.org\/{rel}","templated":true}]}}