{"id":83023,"date":"2024-12-26T17:47:55","date_gmt":"2024-12-26T17:47:55","guid":{"rendered":"https:\/\/tvbrazilusa.com\/2024\/12\/26\/o-problema-do-governo-lula-esta-relacionado-apenas-a-policia-nao-aos-criminosos\/"},"modified":"2024-12-26T17:47:57","modified_gmt":"2024-12-26T17:47:57","slug":"o-problema-do-governo-lula-esta-relacionado-apenas-a-policia-nao-aos-criminosos","status":"publish","type":"post","link":"https:\/\/tvbrazilusa.com\/pt\/2024\/12\/26\/o-problema-do-governo-lula-esta-relacionado-apenas-a-policia-nao-aos-criminosos\/","title":{"rendered":"O problema do governo Lula est\u00e1 relacionado apenas \u00e0 pol\u00edcia, n\u00e3o aos criminosos."},"content":{"rendered":"<p> <script async src=\"https:\/\/pagead2.googlesyndication.com\/pagead\/js\/adsbygoogle.js?client=ca-pub-8864793242727901\"\r\n     crossorigin=\"anonymous\"><\/script><br \/>\n<\/p>\n<div id=\"taboola-read-more\" style=\"display:block; width:100%\">\n<p>O decreto de Lula sobre uso de for\u00e7a policial \u00e9 mais um nada que comp\u00f5e o v\u00e1cuo administrativo petista. N\u00e3o vai mudar coisa alguma para melhor.\n<\/p>\n<p>O governo federal, que n\u00e3o tem o que mostrar no terreno pantanoso da seguran\u00e7a p\u00fablica, aproveitou-se do notici\u00e1rio de abusos que deixou exposto um advers\u00e1rio, o governador Tarc\u00edsio de Freitas, para legislar sobre o que n\u00e3o \u00e9 atribui\u00e7\u00e3o federal, mas estadual \u2014 e tamb\u00e9m nessa al\u00e7ada, esquece-se convenientemente na imprensa, o PT \u00e9 campe\u00e3o de incompet\u00eancia e des\u00eddia, visto que \u00e9 a Bahia, comandada pelo partido h\u00e1 20 anos, a recordista em a\u00e7\u00f5es brutais da pol\u00edcia.<\/p>\n<p>Repleto de obviedades t\u00e3o retumbantes quanto fluidas, como a de que o recurso a armas de fogo dever\u00e1 ser sempre \u201cmedida de \u00faltimo recurso\u201d (de qual ponto de vista: do policial ou do criminoso?), o decreto \u00e9 pe\u00e7a digna do Conselheiro Ac\u00e1cio, o personagem de E\u00e7a de Queiroz ao qual o ministro da Justi\u00e7a e Seguran\u00e7a P\u00fablica, Ricardo Lewandowski, j\u00e1 prestava homenagens nos seus tempos de STF \u2014 de E\u00e7a Queiroz, ali\u00e1s, \u00e9 a frase que deveria estar sempre nas nossas cabe\u00e7as: \u201cpol\u00edticos e fraldas devem ser trocados de tempos em tempos pelos mesmos motivos\u201d.\n<\/p>\n<p>O oportunismo pol\u00edtico e o acacianismo do decreto, contudo, seriam de pouca monta se n\u00e3o sublinhassem, por contraste, a despreocupa\u00e7\u00e3o de Lula e do seu partido com as v\u00edtimas dos criminosos. Em meio ao nada que leva a coisa nenhuma, n\u00e3o h\u00e1 uma linha no decreto que revele preocupa\u00e7\u00e3o com a criminalidade brasileira \u2014 um terror do qual a viol\u00eancia policial desmedida e arbitr\u00e1ria \u00e9 tamb\u00e9m produto.\n<\/p>\n<p>\u00c9 um decreto que ignora o contexto aterrorizante, porque quem o assina \u00e9 cego para ele. Esse contexto n\u00e3o justifica horrores cometidos em nome da lei, mas \u00e9 absurdo que n\u00e3o esteja contemplado no texto como aspecto indissoci\u00e1vel da realidade policial. Um estrangeiro que lesse o decreto imaginaria que os policiais brasileiros enfrentam \u00edndices dinamarqueses de criminalidade no seu dia a dia.\n<\/p>\n<p>O edito lulesco condiciona o repasse de dinheiro do Fundo Nacional de Seguran\u00e7a P\u00fablica e do Fundo Penitenci\u00e1rio para a\u00e7\u00f5es que envolvam o uso da for\u00e7a pelos estados e munic\u00edpios \u00e0 observ\u00e2ncia do que foi preconizado pelo governo. Um comit\u00ea de monitoramento \u00e9 que ficar\u00e1 encarregado de vigiar o peda\u00e7o. A julgar pelos comit\u00eas e conselhos que atuam em outras \u00e1reas, vem a\u00ed outro soviete petista travestido de \u201csociedade civil\u201d pronto a fazer barulho e promover boicotes contra quem se op\u00f5e ao l\u00edder supremo.\n<\/p>\n<p>Pergunta: o governo far\u00e1 diferen\u00e7a entre estados que diminuem a letalidade policial ao mesmo tempo que baixam a criminalidade e aqueles que reduzem a primeira sem encolher a segunda? Deveria ser um ponto, mas ningu\u00e9m falou sobre isso at\u00e9 agora, se \u00e9 que v\u00e3o falar. O problema do governo Lula \u00e9 s\u00f3 com a pol\u00edcia, n\u00e3o com o bandido.<\/p>\n<p>Fonte: Metr\u00f3poles              <\/p>\n<\/div>\n<p><br \/>\n<br \/><a href=\"https:\/\/diariodobrasilnoticias.com.br\/noticia\/o-problema-do-governo-lula-esta-relacionado-apenas-a-policia-nao-aos-criminosos-676d6d9e0904a\">Source link <\/a><\/p>","protected":false},"excerpt":{"rendered":"<p>O decreto de Lula sobre uso de for\u00e7a policial \u00e9 mais um nada que comp\u00f5e o v\u00e1cuo administrativo petista. N\u00e3o vai mudar coisa alguma para melhor. O governo federal, que&hellip;<\/p>","protected":false},"author":1,"featured_media":83024,"comment_status":"closed","ping_status":"open","sticky":false,"template":"","format":"standard","meta":{"content-type":"","footnotes":""},"categories":[16],"tags":[123,2448,5313,1267],"class_list":["post-83023","post","type-post","status-publish","format-standard","has-post-thumbnail","hentry","category-noticias","tag-brasil","tag-diario","tag-noticia","tag-noticias"],"_links":{"self":[{"href":"https:\/\/tvbrazilusa.com\/pt\/wp-json\/wp\/v2\/posts\/83023","targetHints":{"allow":["GET"]}}],"collection":[{"href":"https:\/\/tvbrazilusa.com\/pt\/wp-json\/wp\/v2\/posts"}],"about":[{"href":"https:\/\/tvbrazilusa.com\/pt\/wp-json\/wp\/v2\/types\/post"}],"author":[{"embeddable":true,"href":"https:\/\/tvbrazilusa.com\/pt\/wp-json\/wp\/v2\/users\/1"}],"replies":[{"embeddable":true,"href":"https:\/\/tvbrazilusa.com\/pt\/wp-json\/wp\/v2\/comments?post=83023"}],"version-history":[{"count":1,"href":"https:\/\/tvbrazilusa.com\/pt\/wp-json\/wp\/v2\/posts\/83023\/revisions"}],"predecessor-version":[{"id":83025,"href":"https:\/\/tvbrazilusa.com\/pt\/wp-json\/wp\/v2\/posts\/83023\/revisions\/83025"}],"wp:featuredmedia":[{"embeddable":true,"href":"https:\/\/tvbrazilusa.com\/pt\/wp-json\/wp\/v2\/media\/83024"}],"wp:attachment":[{"href":"https:\/\/tvbrazilusa.com\/pt\/wp-json\/wp\/v2\/media?parent=83023"}],"wp:term":[{"taxonomy":"category","embeddable":true,"href":"https:\/\/tvbrazilusa.com\/pt\/wp-json\/wp\/v2\/categories?post=83023"},{"taxonomy":"post_tag","embeddable":true,"href":"https:\/\/tvbrazilusa.com\/pt\/wp-json\/wp\/v2\/tags?post=83023"}],"curies":[{"name":"wp","href":"https:\/\/api.w.org\/{rel}","templated":true}]}}