{"id":83032,"date":"2024-12-26T17:59:38","date_gmt":"2024-12-26T17:59:38","guid":{"rendered":"https:\/\/tvbrazilusa.com\/2024\/12\/26\/conselheiros-do-tcdf-recebem-r-780-mil-de-presente-cada-um\/"},"modified":"2024-12-26T17:59:39","modified_gmt":"2024-12-26T17:59:39","slug":"conselheiros-do-tcdf-recebem-r-780-mil-de-presente-cada-um","status":"publish","type":"post","link":"https:\/\/tvbrazilusa.com\/pt\/2024\/12\/26\/conselheiros-do-tcdf-recebem-r-780-mil-de-presente-cada-um\/","title":{"rendered":"Conselheiros do TCDF recebem R$ 780 mil de presente cada um"},"content":{"rendered":"<p> <script async src=\"https:\/\/pagead2.googlesyndication.com\/pagead\/js\/adsbygoogle.js?client=ca-pub-8864793242727901\"\r\n     crossorigin=\"anonymous\"><\/script><br \/>\n<\/p>\n<div data-block-type=\"unstyled\" data-block-weight=\"34\" data-block-id=\"9\">\n<p class=\"content-text__container\" data-track-category=\"Link no Texto\" data-track-links=\"\" data-mrf-recirculation=\"Mat\u00e9ria - Links no Texto\">A libera\u00e7\u00e3o das gratifica\u00e7\u00f5es \u00e9 relativa aos \u00faltimos cinco anos anteriores a janeiro de 2023, atrasadas desde 2018. Segundo apura\u00e7\u00e3o do\u00a0<em>G1<\/em>, a decis\u00e3o n\u00e3o exp\u00f5e o valor dos pagamentos para cada conselheiro. Mas pode ser calculado com base na regulamenta\u00e7\u00e3o da gratifica\u00e7\u00e3o feita no ano passado, que prev\u00ea o pagamento adicional mensal de R$ 13 mil, cerca de um ter\u00e7o dos sal\u00e1rios dos conselheiros do TCDF, que alcan\u00e7am R$ 44 mil.<\/p>\n<p data-track-category=\"Link no Texto\" data-track-links=\"\" data-mrf-recirculation=\"Mat\u00e9ria - Links no Texto\">A decis\u00e3o resultou em den\u00fancia do Observat\u00f3rio Social ao Tribunal de Contas e ao Minist\u00e9rio P\u00fablico de Contas. A entidade que acompanha gastos p\u00fablicos pede que o pagamento da gratifica\u00e7\u00e3o seja suspenso, por entender que o penduricalho que vai engordar o sal\u00e1rio do seleto grupo ser\u00e1 maior que o teto constitucional dos ganhos de ministros do Supremo Tribunal Federal (STF). E argumenta ainda que a gratifica\u00e7\u00e3o ser\u00e1 paga retroativamente, antes de sua regulamenta\u00e7\u00e3o pela legisla\u00e7\u00e3o.\n<\/p>\n<p data-track-category=\"Link no Texto\" data-track-links=\"\" data-mrf-recirculation=\"Mat\u00e9ria - Links no Texto\">\u201cEssa representa\u00e7\u00e3o \u00e9 contra a retroatividade de uma gratifica\u00e7\u00e3o que n\u00f3s j\u00e1 consideramos ilegal e a recorremos ao TCDF que n\u00e3o pagasse. Agora, qual nossa surpresa, que al\u00e9m de pagar o que consideramos irregular, vai pagar retroativo de 5 anos. Os procuradores que deveriam estar fazendo o controle da legalidade, n\u00e3o est\u00e3o fazendo, est\u00e3o recebendo. Por que essa pressa? Esse a\u00e7odamento de pagar na beira do recesso?\u201d, diz Elda Mariza Valim, auditora federal do TCU aposentada que integra o Observat\u00f3rio Social. (Com\u00a0<em>G1<\/em>)\n<\/p>\n<p data-track-category=\"Link no Texto\" data-track-links=\"\" data-mrf-recirculation=\"Mat\u00e9ria - Links no Texto\">\u00a0\n<\/p>\n<p data-track-category=\"Link no Texto\" data-track-links=\"\" data-mrf-recirculation=\"Mat\u00e9ria - Links no Texto\">Fonte: Di\u00e1rio do Poder\n<\/p>\n<\/div>\n<p><br \/>\n<br \/><a href=\"https:\/\/diariodobrasilnoticias.com.br\/noticia\/conselheiros-do-tcdf-recebem-r-780-mil-de-presente-cada-um-676d6f21a57a6\">Source link <\/a><\/p>","protected":false},"excerpt":{"rendered":"<p>A libera\u00e7\u00e3o das gratifica\u00e7\u00f5es \u00e9 relativa aos \u00faltimos cinco anos anteriores a janeiro de 2023, atrasadas desde 2018. Segundo apura\u00e7\u00e3o do\u00a0G1, a decis\u00e3o n\u00e3o exp\u00f5e o valor dos pagamentos para&hellip;<\/p>","protected":false},"author":1,"featured_media":83033,"comment_status":"closed","ping_status":"open","sticky":false,"template":"","format":"standard","meta":{"content-type":"","footnotes":""},"categories":[16],"tags":[123,2448,5313,1267],"class_list":["post-83032","post","type-post","status-publish","format-standard","has-post-thumbnail","hentry","category-noticias","tag-brasil","tag-diario","tag-noticia","tag-noticias"],"_links":{"self":[{"href":"https:\/\/tvbrazilusa.com\/pt\/wp-json\/wp\/v2\/posts\/83032","targetHints":{"allow":["GET"]}}],"collection":[{"href":"https:\/\/tvbrazilusa.com\/pt\/wp-json\/wp\/v2\/posts"}],"about":[{"href":"https:\/\/tvbrazilusa.com\/pt\/wp-json\/wp\/v2\/types\/post"}],"author":[{"embeddable":true,"href":"https:\/\/tvbrazilusa.com\/pt\/wp-json\/wp\/v2\/users\/1"}],"replies":[{"embeddable":true,"href":"https:\/\/tvbrazilusa.com\/pt\/wp-json\/wp\/v2\/comments?post=83032"}],"version-history":[{"count":1,"href":"https:\/\/tvbrazilusa.com\/pt\/wp-json\/wp\/v2\/posts\/83032\/revisions"}],"predecessor-version":[{"id":83034,"href":"https:\/\/tvbrazilusa.com\/pt\/wp-json\/wp\/v2\/posts\/83032\/revisions\/83034"}],"wp:featuredmedia":[{"embeddable":true,"href":"https:\/\/tvbrazilusa.com\/pt\/wp-json\/wp\/v2\/media\/83033"}],"wp:attachment":[{"href":"https:\/\/tvbrazilusa.com\/pt\/wp-json\/wp\/v2\/media?parent=83032"}],"wp:term":[{"taxonomy":"category","embeddable":true,"href":"https:\/\/tvbrazilusa.com\/pt\/wp-json\/wp\/v2\/categories?post=83032"},{"taxonomy":"post_tag","embeddable":true,"href":"https:\/\/tvbrazilusa.com\/pt\/wp-json\/wp\/v2\/tags?post=83032"}],"curies":[{"name":"wp","href":"https:\/\/api.w.org\/{rel}","templated":true}]}}