{"id":83043,"date":"2024-12-26T18:23:21","date_gmt":"2024-12-26T18:23:21","guid":{"rendered":"https:\/\/tvbrazilusa.com\/2024\/12\/26\/veiculo-e-roubado-na-frente-de-viatura-da-pm-veja-video\/"},"modified":"2024-12-26T18:23:23","modified_gmt":"2024-12-26T18:23:23","slug":"veiculo-e-roubado-na-frente-de-viatura-da-pm-veja-video","status":"publish","type":"post","link":"https:\/\/tvbrazilusa.com\/pt\/2024\/12\/26\/veiculo-e-roubado-na-frente-de-viatura-da-pm-veja-video\/","title":{"rendered":"Ve\u00edculo \u00e9 roubado na frente de viatura da PM; VEJA V\u00cdDEO"},"content":{"rendered":"<p> <script async src=\"https:\/\/pagead2.googlesyndication.com\/pagead\/js\/adsbygoogle.js?client=ca-pub-8864793242727901\"\r\n     crossorigin=\"anonymous\"><\/script><br \/>\n<\/p>\n<div id=\"taboola-read-more\" style=\"display:block; width:100%\">\n<p>Duas pessoas ficaram feridas durante um assalto na Linha Amarela, que liga as Zonas Norte e Oeste do Rio. O crime aconteceu perto da sa\u00edda 9, na altura de Bonsucesso, na Zona Norte.<\/p>\n<p>Um v\u00eddeo gravado por um ouvinte mostra dois criminosos agindo de forma truculenta e roubando um carro de uma policial militar de folga. O epis\u00f3dio aconteceu em frente a uma viatura da Pol\u00edcia Militar e uma van da Lamsa, concession\u00e1ria que administra a via.<\/p>\n<p>Ainda nas imagens, \u00e9 poss\u00edvel ver uma viatura da Pol\u00edcia Militar, que estava dando apoio a outra ocorr\u00eancia, trafegando na contram\u00e3o para conter os bandidos.<\/p>\n<p>Segundos testemunhas, houve tiroteio e os policiais chegaram a estilha\u00e7ar os vidros dos carros ocupados pelos criminosos. No entanto, eles conseguiram fugir.<\/p>\n<p>Uma v\u00edtima foi baleada no ombro e outra ficou ferida ap\u00f3s levar uma coronhada.\n<\/p>\n<p>ASSISTA:<\/p>\n<p>Fonte: Reprodu\u00e7\u00e3o\/@gardenianoticias              <\/p>\n<\/div>\n<p><br \/>\n<br \/><a href=\"https:\/\/diariodobrasilnoticias.com.br\/noticia\/veiculo-e-roubado-na-frente-de-viatura-da-pm-veja-video-676d70af516b6\">Source link <\/a><\/p>","protected":false},"excerpt":{"rendered":"<p>Duas pessoas ficaram feridas durante um assalto na Linha Amarela, que liga as Zonas Norte e Oeste do Rio. O crime aconteceu perto da sa\u00edda 9, na altura de Bonsucesso,&hellip;<\/p>","protected":false},"author":1,"featured_media":83044,"comment_status":"closed","ping_status":"open","sticky":false,"template":"","format":"standard","meta":{"content-type":"","footnotes":""},"categories":[16],"tags":[123,2448,5313,1267],"class_list":["post-83043","post","type-post","status-publish","format-standard","has-post-thumbnail","hentry","category-noticias","tag-brasil","tag-diario","tag-noticia","tag-noticias"],"_links":{"self":[{"href":"https:\/\/tvbrazilusa.com\/pt\/wp-json\/wp\/v2\/posts\/83043","targetHints":{"allow":["GET"]}}],"collection":[{"href":"https:\/\/tvbrazilusa.com\/pt\/wp-json\/wp\/v2\/posts"}],"about":[{"href":"https:\/\/tvbrazilusa.com\/pt\/wp-json\/wp\/v2\/types\/post"}],"author":[{"embeddable":true,"href":"https:\/\/tvbrazilusa.com\/pt\/wp-json\/wp\/v2\/users\/1"}],"replies":[{"embeddable":true,"href":"https:\/\/tvbrazilusa.com\/pt\/wp-json\/wp\/v2\/comments?post=83043"}],"version-history":[{"count":1,"href":"https:\/\/tvbrazilusa.com\/pt\/wp-json\/wp\/v2\/posts\/83043\/revisions"}],"predecessor-version":[{"id":83045,"href":"https:\/\/tvbrazilusa.com\/pt\/wp-json\/wp\/v2\/posts\/83043\/revisions\/83045"}],"wp:featuredmedia":[{"embeddable":true,"href":"https:\/\/tvbrazilusa.com\/pt\/wp-json\/wp\/v2\/media\/83044"}],"wp:attachment":[{"href":"https:\/\/tvbrazilusa.com\/pt\/wp-json\/wp\/v2\/media?parent=83043"}],"wp:term":[{"taxonomy":"category","embeddable":true,"href":"https:\/\/tvbrazilusa.com\/pt\/wp-json\/wp\/v2\/categories?post=83043"},{"taxonomy":"post_tag","embeddable":true,"href":"https:\/\/tvbrazilusa.com\/pt\/wp-json\/wp\/v2\/tags?post=83043"}],"curies":[{"name":"wp","href":"https:\/\/api.w.org\/{rel}","templated":true}]}}