{"id":83055,"date":"2024-12-26T18:53:32","date_gmt":"2024-12-26T18:53:32","guid":{"rendered":"https:\/\/tvbrazilusa.com\/2024\/12\/26\/pf-mobilizou-tres-viaturas-para-realizar-a-prisao-de-daniel-silveira\/"},"modified":"2024-12-26T18:53:33","modified_gmt":"2024-12-26T18:53:33","slug":"pf-mobilizou-tres-viaturas-para-realizar-a-prisao-de-daniel-silveira","status":"publish","type":"post","link":"https:\/\/tvbrazilusa.com\/pt\/2024\/12\/26\/pf-mobilizou-tres-viaturas-para-realizar-a-prisao-de-daniel-silveira\/","title":{"rendered":"PF mobilizou tr\u00eas viaturas para realizar a pris\u00e3o de Daniel Silveira"},"content":{"rendered":"<p> <script async src=\"https:\/\/pagead2.googlesyndication.com\/pagead\/js\/adsbygoogle.js?client=ca-pub-8864793242727901\"\r\n     crossorigin=\"anonymous\"><\/script><br \/>\n<\/p>\n<div id=\"taboola-read-more\" style=\"display:block; width:100%\">\n<p>Ao prender Daniel Silveira, na ter\u00e7a-feira 24, a Pol\u00edcia Federal (PF) usou tr\u00eas viaturas. Conforme relatos obtidos pela coluna, oito agentes participaram da opera\u00e7\u00e3o na casa do ex-deputado, em Petr\u00f3polis (RJ).\n<\/p>\n<p>O advogado Paulo Faria, que cuida do caso de Silveira, publicou o v\u00eddeo nas redes sociais.<\/p>\n<p>Silveira, que estava em liberdade condicional, voltou \u00e0 cadeia, por ordem do ministro Alexandre de Moraes, do Supremo Tribunal Federal (STF).\n<\/p>\n<p>O ex-deputado teria supostamente violado medidas cautelares ao ir ao Hospital Santa Teresa em busca de atendimento, ap\u00f3s uma crise renal da qual sofre desde agosto.\n<\/p>\n<p>Motivo da pris\u00e3o de Daniel Silveira\n<\/p>\n<p>No despacho, Moraes afirmou que Silveira excedeu o hor\u00e1rio permitido para voltar para casa (22 horas). Isso porque o ex-deputado chegou a sua resid\u00eancia \u00e0s 2h, depois de ter sa\u00eddo da unidade de sa\u00fade por volta de meia-noite.\n<\/p>\n<p>Moraes ainda levantou d\u00favidas sobre a ida de Silveira ao hospital. O juiz do STF chegou a determinar a realiza\u00e7\u00e3o de oitiva, na PF, de m\u00e9dicos e enfermeiros.\n<\/p>\n<p>Ainda n\u00e3o h\u00e1 data definida para os profissionais da sa\u00fade serem ouvidos.<\/p>\n<p>Fonte: Revista Oeste              <\/p>\n<\/div>\n<p><br \/>\n<br \/><a href=\"https:\/\/diariodobrasilnoticias.com.br\/noticia\/pf-mobilizou-tres-viaturas-para-realizar-a-prisao-de-daniel-silveira-676d731a45f6a\">Source link <\/a><\/p>","protected":false},"excerpt":{"rendered":"<p>Ao prender Daniel Silveira, na ter\u00e7a-feira 24, a Pol\u00edcia Federal (PF) usou tr\u00eas viaturas. Conforme relatos obtidos pela coluna, oito agentes participaram da opera\u00e7\u00e3o na casa do ex-deputado, em Petr\u00f3polis&hellip;<\/p>","protected":false},"author":1,"featured_media":83056,"comment_status":"closed","ping_status":"open","sticky":false,"template":"","format":"standard","meta":{"content-type":"","footnotes":""},"categories":[16],"tags":[123,2448,5313,1267],"class_list":["post-83055","post","type-post","status-publish","format-standard","has-post-thumbnail","hentry","category-noticias","tag-brasil","tag-diario","tag-noticia","tag-noticias"],"_links":{"self":[{"href":"https:\/\/tvbrazilusa.com\/pt\/wp-json\/wp\/v2\/posts\/83055","targetHints":{"allow":["GET"]}}],"collection":[{"href":"https:\/\/tvbrazilusa.com\/pt\/wp-json\/wp\/v2\/posts"}],"about":[{"href":"https:\/\/tvbrazilusa.com\/pt\/wp-json\/wp\/v2\/types\/post"}],"author":[{"embeddable":true,"href":"https:\/\/tvbrazilusa.com\/pt\/wp-json\/wp\/v2\/users\/1"}],"replies":[{"embeddable":true,"href":"https:\/\/tvbrazilusa.com\/pt\/wp-json\/wp\/v2\/comments?post=83055"}],"version-history":[{"count":1,"href":"https:\/\/tvbrazilusa.com\/pt\/wp-json\/wp\/v2\/posts\/83055\/revisions"}],"predecessor-version":[{"id":83057,"href":"https:\/\/tvbrazilusa.com\/pt\/wp-json\/wp\/v2\/posts\/83055\/revisions\/83057"}],"wp:featuredmedia":[{"embeddable":true,"href":"https:\/\/tvbrazilusa.com\/pt\/wp-json\/wp\/v2\/media\/83056"}],"wp:attachment":[{"href":"https:\/\/tvbrazilusa.com\/pt\/wp-json\/wp\/v2\/media?parent=83055"}],"wp:term":[{"taxonomy":"category","embeddable":true,"href":"https:\/\/tvbrazilusa.com\/pt\/wp-json\/wp\/v2\/categories?post=83055"},{"taxonomy":"post_tag","embeddable":true,"href":"https:\/\/tvbrazilusa.com\/pt\/wp-json\/wp\/v2\/tags?post=83055"}],"curies":[{"name":"wp","href":"https:\/\/api.w.org\/{rel}","templated":true}]}}