{"id":83231,"date":"2024-12-27T01:48:37","date_gmt":"2024-12-27T01:48:37","guid":{"rendered":"https:\/\/tvbrazilusa.com\/2024\/12\/27\/fab-envia-3-investigadores-ao-cazaquistao-apos-acidente-aereo\/"},"modified":"2024-12-27T01:48:39","modified_gmt":"2024-12-27T01:48:39","slug":"fab-envia-3-investigadores-ao-cazaquistao-apos-acidente-aereo","status":"publish","type":"post","link":"https:\/\/tvbrazilusa.com\/pt\/2024\/12\/27\/fab-envia-3-investigadores-ao-cazaquistao-apos-acidente-aereo\/","title":{"rendered":"FAB envia 3 investigadores ao Cazaquist\u00e3o ap\u00f3s acidente a\u00e9reo"},"content":{"rendered":"<p> <script async src=\"https:\/\/pagead2.googlesyndication.com\/pagead\/js\/adsbygoogle.js?client=ca-pub-8864793242727901\"\r\n     crossorigin=\"anonymous\"><\/script><br \/>\n<\/p>\n<div>\n<figure class=\"post-image\">\n<\/figure>\n<p>            <span style=\"font-size: 12px\">Divulga\u00e7\u00e3o<\/span><\/p>\n<p>            <!-- end metas --><br \/>\n            <!-- ADS --><\/p>\n<div id=\"taboola-read-more\" style=\"display:block; width:100%\">\n<p>A FAB (For\u00e7a A\u00e9rea Brasileira) enviou nesta 5\u00aa feira (26.dez.2024) 3 representantes para o Cazaquist\u00e3o para dar suporte t\u00e9cnico \u00e0s investiga\u00e7\u00f5es sobre a queda do avi\u00e3o da Azerbaijan Airlines, fabricado pela Embraer, que deixou 38 mortos na 4\u00aa feira (25.dez).\n<\/p>\n<p>Os investigadores s\u00e3o vinculados ao Cenipa (Centro de Investiga\u00e7\u00e3o e Preven\u00e7\u00e3o de Acidentes Aeron\u00e1uticos). Segundo a FAB, a decis\u00e3o age conforme os protocolos do Anexo 13 \u00e0 Conven\u00e7\u00e3o sobre Avia\u00e7\u00e3o Civil Internacional, da qual tanto o Cazaquist\u00e3o quanto o Brasil s\u00e3o signat\u00e1rios.<\/p>\n<p><strong>O ACIDENTE <\/strong><br \/>O voo, operado pela Azerbaijan Airlines, partiu de Baku, a capital do Azerbaij\u00e3o, e tinha como destino a cidade de Grozny, na R\u00fassia, com 67 pessoas a bordo.\n<\/p>\n<p>Ao menos 38 pessoas morreram. Autoridades do Azerbaij\u00e3o, de onde o voo partiu, dizem que h\u00e1 pelo menos 28 sobreviventes. As causas da queda ainda est\u00e3o sob investiga\u00e7\u00e3o.\n<\/p>\n<p>Fonte: Poder 360              <\/p>\n<\/div>\n<p>                        <!-- Scripts para conteudo --><\/p>\n<p>            <!-- .\/Scripts para conteudo --><br \/>\n            <!-- .\/Mat\u00e9ria --><\/p>\n<div class=\"row mt-3\">\n<div class=\"col-sm-6\">\n                <!-- Whatsapp channel 3--><br \/>\n                <a href=\"https:\/\/chat.whatsapp.com\/B8Qy6Erx4kb6yTzj3kaDco\" target=\"_blank\"><br \/>\n                  <img decoding=\"async\" src=\"https:\/\/diariodobrasilnoticias.com.br\/assets-site\/images\/bot_whatsapp.png\"\/><\/a>\n              <\/div>\n<div class=\"col-sm-6\">\n                <a href=\"https:\/\/t.me\/+_4gTmi5LKo03OTM5\" target=\"_blank\"><br \/>\n                  <img decoding=\"async\" src=\"https:\/\/diariodobrasilnoticias.com.br\/assets-site\/images\/bot_telegram.png\"\/><\/a>\n              <\/div>\n<\/p><\/div>\n<p>            <!-- end post-navigation --><\/p>\n<p>              <!-- end row --><\/p>\n<p>              <!-- end col-12-->\n                      <\/div>\n<p><br \/>\n<br \/><a href=\"https:\/\/diariodobrasilnoticias.com.br\/noticia\/fab-envia-3-investigadores-ao-cazaquistao-apos-acidente-aereo-676dc12d93374\">Source link <\/a><\/p>","protected":false},"excerpt":{"rendered":"<p>Divulga\u00e7\u00e3o A FAB (For\u00e7a A\u00e9rea Brasileira) enviou nesta 5\u00aa feira (26.dez.2024) 3 representantes para o Cazaquist\u00e3o para dar suporte t\u00e9cnico \u00e0s investiga\u00e7\u00f5es sobre a queda do avi\u00e3o da Azerbaijan Airlines,&hellip;<\/p>","protected":false},"author":1,"featured_media":83232,"comment_status":"closed","ping_status":"open","sticky":false,"template":"","format":"standard","meta":{"content-type":"","footnotes":""},"categories":[16],"tags":[123,2448,5313,1267],"class_list":["post-83231","post","type-post","status-publish","format-standard","has-post-thumbnail","hentry","category-noticias","tag-brasil","tag-diario","tag-noticia","tag-noticias"],"_links":{"self":[{"href":"https:\/\/tvbrazilusa.com\/pt\/wp-json\/wp\/v2\/posts\/83231","targetHints":{"allow":["GET"]}}],"collection":[{"href":"https:\/\/tvbrazilusa.com\/pt\/wp-json\/wp\/v2\/posts"}],"about":[{"href":"https:\/\/tvbrazilusa.com\/pt\/wp-json\/wp\/v2\/types\/post"}],"author":[{"embeddable":true,"href":"https:\/\/tvbrazilusa.com\/pt\/wp-json\/wp\/v2\/users\/1"}],"replies":[{"embeddable":true,"href":"https:\/\/tvbrazilusa.com\/pt\/wp-json\/wp\/v2\/comments?post=83231"}],"version-history":[{"count":1,"href":"https:\/\/tvbrazilusa.com\/pt\/wp-json\/wp\/v2\/posts\/83231\/revisions"}],"predecessor-version":[{"id":83233,"href":"https:\/\/tvbrazilusa.com\/pt\/wp-json\/wp\/v2\/posts\/83231\/revisions\/83233"}],"wp:featuredmedia":[{"embeddable":true,"href":"https:\/\/tvbrazilusa.com\/pt\/wp-json\/wp\/v2\/media\/83232"}],"wp:attachment":[{"href":"https:\/\/tvbrazilusa.com\/pt\/wp-json\/wp\/v2\/media?parent=83231"}],"wp:term":[{"taxonomy":"category","embeddable":true,"href":"https:\/\/tvbrazilusa.com\/pt\/wp-json\/wp\/v2\/categories?post=83231"},{"taxonomy":"post_tag","embeddable":true,"href":"https:\/\/tvbrazilusa.com\/pt\/wp-json\/wp\/v2\/tags?post=83231"}],"curies":[{"name":"wp","href":"https:\/\/api.w.org\/{rel}","templated":true}]}}