{"id":83240,"date":"2024-12-27T02:00:30","date_gmt":"2024-12-27T02:00:30","guid":{"rendered":"https:\/\/tvbrazilusa.com\/2024\/12\/27\/a-defesa-de-daniel-silveira-acusa-moraes-de-infringir-prerrogativas-e-exige-uma-reacao-da-oab\/"},"modified":"2024-12-27T02:00:32","modified_gmt":"2024-12-27T02:00:32","slug":"a-defesa-de-daniel-silveira-acusa-moraes-de-infringir-prerrogativas-e-exige-uma-reacao-da-oab","status":"publish","type":"post","link":"https:\/\/tvbrazilusa.com\/pt\/2024\/12\/27\/a-defesa-de-daniel-silveira-acusa-moraes-de-infringir-prerrogativas-e-exige-uma-reacao-da-oab\/","title":{"rendered":"A defesa de Daniel Silveira acusa Moraes de infringir prerrogativas e exige uma rea\u00e7\u00e3o da OAB"},"content":{"rendered":"<p> <script async src=\"https:\/\/pagead2.googlesyndication.com\/pagead\/js\/adsbygoogle.js?client=ca-pub-8864793242727901\"\r\n     crossorigin=\"anonymous\"><\/script><br \/>\n<\/p>\n<div id=\"taboola-read-more\" style=\"display:block; width:100%\">\n<p>A defesa do ex-deputado federal Daniel Silveira cobrou provid\u00eancias da Ordem dos Advogados do Brasil (OAB), nesta quinta-feira, 26, diante do que apontou como viola\u00e7\u00f5es de suas prerrogativas.\n<\/p>\n<p>\u201cSenhor presidente Beto Simonetti, Alexandre de Moraes, seu amigo, violou novamente o Estatuto da OAB, pois os advogados foram desrespeitados, mais uma vez\u201d, observaram Paulo Faria, Paola Silva, Sebasti\u00e3o Coelho e Michael Robert. \u201cTamb\u00e9m violou a Constitui\u00e7\u00e3o Federal e a Lei de Execu\u00e7\u00f5es Penais. Nos termos dos artigos 44 e 54, do Estatuto da OAB, requeremos previd\u00eancias no sentido de sermos respeitados. Aguardamos as provid\u00eancias, com urg\u00eancia.\u201d<\/p>\n<p>Mais cedo, ao entrar com um recurso no Supremo Tribunal Federal, Faria apontou o que seriam abusos de Moraes no caso. \u201cAs medidas tomadas pelo relator, inclusive, violaram o artigo 118, I, \u00a7 2\u00ba, da Lei de Execu\u00e7\u00f5es Penais, ou seja, o devido processo legal, ampla defesa e contradit\u00f3rio, uma vez que a defesa t\u00e9cnica deveria ter sido intimada previamente para, no m\u00ednimo em 24 horas, explicar o suposto descumprimento, \u00e0 luz do dispositivo acima\u201d, constatou Faria. \u201c\u00c9 obrigat\u00f3ria a intima\u00e7\u00e3o da defesa para casos de regress\u00e3o de regime, em audi\u00eancia de justifica\u00e7\u00e3o, oral, para, somente ap\u00f3s, insuficientes as justificativas, impor a pena regressiva, como, ali\u00e1s, indica a jurisprud\u00eancia do tribunal infraconstitucional.\u201d\n<\/p>\n<p>Ainda no recurso, Faria observou que Silveira estava no exerc\u00edcio do livramento, quando cometeu o que seria uma viola\u00e7\u00e3o das medidas restritivas.\n<\/p>\n<p>\u201cPrimeiro prendeu para depois apurar se os fatos eram verdadeiros ou n\u00e3o\u201d, observou Faria. \u201cIsso \u00e9 t\u00edpico de ditaduras, nobre Relator, o que n\u00e3o \u00e9 o caso, com a devida v\u00eania. Ainda, de acordo com a decis\u00e3o de e-doc 420, esse relator revogou, ex officio, o livramento, determinou a pris\u00e3o e imp\u00f4s o regime fechado ao per\u00edodo restante da pena, medida absolutamente ilegal, haja vista a viola\u00e7\u00e3o expressa ao art. 118, I, \u00a7 2\u00ba, da LEP.\u201d\n<\/p>\n<p>Fonte: Revista Oeste              <\/p>\n<\/div>\n<p><br \/>\n<br \/><a href=\"https:\/\/diariodobrasilnoticias.com.br\/noticia\/a-defesa-de-daniel-silveira-acusa-moraes-de-infringir-prerrogativas-e-exige-uma-reacao-da-oab-676dcf6781463\">Source link <\/a><\/p>","protected":false},"excerpt":{"rendered":"<p>A defesa do ex-deputado federal Daniel Silveira cobrou provid\u00eancias da Ordem dos Advogados do Brasil (OAB), nesta quinta-feira, 26, diante do que apontou como viola\u00e7\u00f5es de suas prerrogativas. \u201cSenhor presidente&hellip;<\/p>","protected":false},"author":1,"featured_media":83241,"comment_status":"closed","ping_status":"open","sticky":false,"template":"","format":"standard","meta":{"content-type":"","footnotes":""},"categories":[16],"tags":[123,2448,5313,1267],"class_list":["post-83240","post","type-post","status-publish","format-standard","has-post-thumbnail","hentry","category-noticias","tag-brasil","tag-diario","tag-noticia","tag-noticias"],"_links":{"self":[{"href":"https:\/\/tvbrazilusa.com\/pt\/wp-json\/wp\/v2\/posts\/83240","targetHints":{"allow":["GET"]}}],"collection":[{"href":"https:\/\/tvbrazilusa.com\/pt\/wp-json\/wp\/v2\/posts"}],"about":[{"href":"https:\/\/tvbrazilusa.com\/pt\/wp-json\/wp\/v2\/types\/post"}],"author":[{"embeddable":true,"href":"https:\/\/tvbrazilusa.com\/pt\/wp-json\/wp\/v2\/users\/1"}],"replies":[{"embeddable":true,"href":"https:\/\/tvbrazilusa.com\/pt\/wp-json\/wp\/v2\/comments?post=83240"}],"version-history":[{"count":1,"href":"https:\/\/tvbrazilusa.com\/pt\/wp-json\/wp\/v2\/posts\/83240\/revisions"}],"predecessor-version":[{"id":83242,"href":"https:\/\/tvbrazilusa.com\/pt\/wp-json\/wp\/v2\/posts\/83240\/revisions\/83242"}],"wp:featuredmedia":[{"embeddable":true,"href":"https:\/\/tvbrazilusa.com\/pt\/wp-json\/wp\/v2\/media\/83241"}],"wp:attachment":[{"href":"https:\/\/tvbrazilusa.com\/pt\/wp-json\/wp\/v2\/media?parent=83240"}],"wp:term":[{"taxonomy":"category","embeddable":true,"href":"https:\/\/tvbrazilusa.com\/pt\/wp-json\/wp\/v2\/categories?post=83240"},{"taxonomy":"post_tag","embeddable":true,"href":"https:\/\/tvbrazilusa.com\/pt\/wp-json\/wp\/v2\/tags?post=83240"}],"curies":[{"name":"wp","href":"https:\/\/api.w.org\/{rel}","templated":true}]}}