{"id":83249,"date":"2024-12-27T02:13:18","date_gmt":"2024-12-27T02:13:18","guid":{"rendered":"https:\/\/tvbrazilusa.com\/2024\/12\/27\/presidente-do-panama-rejeita-reducao-do-pedagio-do-canal-apos-exigencia-de-trump\/"},"modified":"2024-12-27T02:13:19","modified_gmt":"2024-12-27T02:13:19","slug":"presidente-do-panama-rejeita-reducao-do-pedagio-do-canal-apos-exigencia-de-trump","status":"publish","type":"post","link":"https:\/\/tvbrazilusa.com\/pt\/2024\/12\/27\/presidente-do-panama-rejeita-reducao-do-pedagio-do-canal-apos-exigencia-de-trump\/","title":{"rendered":"Presidente do Panam\u00e1 rejeita redu\u00e7\u00e3o do ped\u00e1gio do canal ap\u00f3s exig\u00eancia de Trump"},"content":{"rendered":"<p> <script async src=\"https:\/\/pagead2.googlesyndication.com\/pagead\/js\/adsbygoogle.js?client=ca-pub-8864793242727901\"\r\n     crossorigin=\"anonymous\"><\/script><br \/>\n<\/p>\n<div id=\"taboola-read-more\" style=\"display:block; width:100%\">\n<p>O presidente do Panam\u00e1, Jos\u00e9 Ra\u00fal Mulino, negou nesta quinta-feira (26) que o ped\u00e1gio do canal interoce\u00e2nico ser\u00e1 reduzido, depois que o presidente eleito dos Estados Unidos, Donald Trump, reclamou dos pre\u00e7os e amea\u00e7ou exigir que a infraestrutura volte para o controle de seu pa\u00eds.\n<\/p>\n<p>\u201cN\u00e3o, a resposta \u00e9 n\u00e3o (&#8230;), o ped\u00e1gio n\u00e3o \u00e9 estabelecido por capricho dos presidentes [do Panam\u00e1] e do administrador\u201d, mas em um \u201cprocesso p\u00fablico e aberto\u201d do qual participam clientes e outros agentes, declarou o presidente panamenho.<\/p>\n<p>Mulino lembrou que \u201ch\u00e1 alguns anos\u201d, em uma dessas audi\u00eancias p\u00fablicas para discutir o ped\u00e1gio, \u201ca reivindica\u00e7\u00e3o das posi\u00e7\u00f5es dos pa\u00edses usu\u00e1rios interrompeu o aumento [dos pre\u00e7os] e fez uma reconfigura\u00e7\u00e3o de acordo com o que correspondia naquele momento, e todos concordaram\u201d.\n<\/p>\n<p>O presidente panamenho, que assumiu o cargo em 1\u00ba de julho, tamb\u00e9m enfatizou que, embora o canal fosse operado pelos Estados Unidos, \u201cera uma ninharia o que eles pagavam\u201d ao pa\u00eds centro-americano.\n<\/p>\n<p>O Canal do Panam\u00e1 foi constru\u00eddo pelos Estados Unidos, que o inauguraram em 1914 e o administraram at\u00e9 sua transfer\u00eancia total para o Estado panamenho em 31 de dezembro de 1999, conforme estabelecido nos Tratados Torrijos-Carter, assinados em 7 de setembro de 1977 em Washington pelo ent\u00e3o chefe do governo panamenho, Omar Torrijos, e pelo ent\u00e3o presidente americano, Jimmy Carter.\n<\/p>\n<p>Mulino tamb\u00e9m enfatizou que esperar\u00e1 at\u00e9 20 de janeiro, quando Trump tomar\u00e1 posse para seu segundo mandato, para conversar com o governo dos EUA sobre quest\u00f5es bilaterais importantes, como a migra\u00e7\u00e3o ilegal, embora tenha esclarecido que \u201cn\u00e3o h\u00e1 possibilidade de conversar sobre qualquer coisa que busque repensar a realidade jur\u00eddico-pol\u00edtica\u201d de que o canal \u00e9 panamenho.\n<\/p>\n<p>Segundo ele, sobre \u201cquest\u00f5es de migra\u00e7\u00e3o, h\u00e1 muito o que falar\u201d, especialmente se os EUA \u201cv\u00e3o manter o apoio econ\u00f4mico\u201d ao programa de repatria\u00e7\u00e3o de migrantes que cruzaram Dari\u00e9n, a regi\u00e3o de selva na fronteira com a Col\u00f4mbia usada diariamente por migrantes para chegar \u00e0 Am\u00e9rica do Norte.\n<\/p>\n<p>Trump anunciou na quarta-feira que nomear\u00e1 como embaixador no Panam\u00e1 Kevin Marino Cabrera, atualmente comiss\u00e1rio do condado de Miami-Dade e \u201cum lutador feroz\u201d pelos princ\u00edpios &#8220;Estados Unidos primeiro&#8221;, seu lema de campanha eleitoral.\n<\/p>\n<p>\u201cVi sobre o rapaz embaixador, mais jovem que meu filho. Fiquei surpreso. N\u00e3o tenho mais nada a dizer. Quando chegar o momento de avaliar sua aprova\u00e7\u00e3o, poderei saber um pouco mais sobre seu hist\u00f3rico e assim por diante. E isso ainda leva alguns meses\u201d, disse Mulino.\n<\/p>\n<p>O presidente panamenho tamb\u00e9m reiterou que n\u00e3o h\u00e1 \u201cinterfer\u00eancia\u201d da China no Canal, ap\u00f3s a insist\u00eancia de Trump sobre a presen\u00e7a de militares chineses.\n<\/p>\n<p>\u201cN\u00e3o h\u00e1 chineses no Canal. \u00c9 t\u00e3o simples quanto isso. Nem os chineses, nem qualquer outra pot\u00eancia est\u00e3o no canal. Se h\u00e1 chineses por l\u00e1, s\u00e3o aqueles que v\u00e3o a bordo de um navio de cruzeiro ou aqueles que v\u00e3o parar no centro de visitantes como turistas (&#8230;). Mas, reitero, n\u00e3o h\u00e1 absolutamente nenhuma interfer\u00eancia ou participa\u00e7\u00e3o chinesa em nada relacionado ao Canal do Panam\u00e1. Talvez sejam temores geopol\u00edticos\u201d, afirmou.\n<\/p>\n<p>Trump causou alvoro\u00e7o no \u00faltimo fim de semana, quando amea\u00e7ou retomar o controle dos EUA sobre o Canal do Panam\u00e1 se as autoridades do pa\u00eds centro-americano n\u00e3o reduzirem as tarifas que cobram para atravessar a via.\n<\/p>\n<p>O presidente panamenho repudiou a amea\u00e7a em uma mensagem institucional e disse que a soberania do canal transoce\u00e2nico n\u00e3o \u00e9 negoci\u00e1vel, algo que recebeu o apoio de v\u00e1rios l\u00edderes latino-americanos.\n<\/p>\n<p>Fonte: Gazeta do Povo              <\/p>\n<\/div>\n<p><br \/>\n<br \/><a href=\"https:\/\/diariodobrasilnoticias.com.br\/noticia\/presidente-do-panama-rejeita-reducao-do-pedagio-do-canal-apos-exigencia-de-trump-676dbfaad0454\">Source link <\/a><\/p>","protected":false},"excerpt":{"rendered":"<p>O presidente do Panam\u00e1, Jos\u00e9 Ra\u00fal Mulino, negou nesta quinta-feira (26) que o ped\u00e1gio do canal interoce\u00e2nico ser\u00e1 reduzido, depois que o presidente eleito dos Estados Unidos, Donald Trump, reclamou&hellip;<\/p>","protected":false},"author":1,"featured_media":83250,"comment_status":"closed","ping_status":"open","sticky":false,"template":"","format":"standard","meta":{"content-type":"","footnotes":""},"categories":[16],"tags":[123,2448,5313,1267],"class_list":["post-83249","post","type-post","status-publish","format-standard","has-post-thumbnail","hentry","category-noticias","tag-brasil","tag-diario","tag-noticia","tag-noticias"],"_links":{"self":[{"href":"https:\/\/tvbrazilusa.com\/pt\/wp-json\/wp\/v2\/posts\/83249","targetHints":{"allow":["GET"]}}],"collection":[{"href":"https:\/\/tvbrazilusa.com\/pt\/wp-json\/wp\/v2\/posts"}],"about":[{"href":"https:\/\/tvbrazilusa.com\/pt\/wp-json\/wp\/v2\/types\/post"}],"author":[{"embeddable":true,"href":"https:\/\/tvbrazilusa.com\/pt\/wp-json\/wp\/v2\/users\/1"}],"replies":[{"embeddable":true,"href":"https:\/\/tvbrazilusa.com\/pt\/wp-json\/wp\/v2\/comments?post=83249"}],"version-history":[{"count":1,"href":"https:\/\/tvbrazilusa.com\/pt\/wp-json\/wp\/v2\/posts\/83249\/revisions"}],"predecessor-version":[{"id":83251,"href":"https:\/\/tvbrazilusa.com\/pt\/wp-json\/wp\/v2\/posts\/83249\/revisions\/83251"}],"wp:featuredmedia":[{"embeddable":true,"href":"https:\/\/tvbrazilusa.com\/pt\/wp-json\/wp\/v2\/media\/83250"}],"wp:attachment":[{"href":"https:\/\/tvbrazilusa.com\/pt\/wp-json\/wp\/v2\/media?parent=83249"}],"wp:term":[{"taxonomy":"category","embeddable":true,"href":"https:\/\/tvbrazilusa.com\/pt\/wp-json\/wp\/v2\/categories?post=83249"},{"taxonomy":"post_tag","embeddable":true,"href":"https:\/\/tvbrazilusa.com\/pt\/wp-json\/wp\/v2\/tags?post=83249"}],"curies":[{"name":"wp","href":"https:\/\/api.w.org\/{rel}","templated":true}]}}