{"id":83252,"date":"2024-12-27T02:11:20","date_gmt":"2024-12-27T02:11:20","guid":{"rendered":"https:\/\/tvbrazilusa.com\/2024\/12\/27\/cole-strange-se-aproximando-do-retorno-dos-patriots-no-centro\/"},"modified":"2024-12-27T02:19:25","modified_gmt":"2024-12-27T02:19:25","slug":"cole-strange-se-aproximando-do-retorno-dos-patriots-no-centro","status":"publish","type":"post","link":"https:\/\/tvbrazilusa.com\/pt\/2024\/12\/27\/cole-strange-se-aproximando-do-retorno-dos-patriots-no-centro\/","title":{"rendered":"Cole Strange se aproximando do retorno dos Patriots\u2026 no centro?"},"content":{"rendered":"<p> <script async src=\"https:\/\/pagead2.googlesyndication.com\/pagead\/js\/adsbygoogle.js?client=ca-pub-8864793242727901\"\r\n     crossorigin=\"anonymous\"><\/script><br \/>\n<\/p>\n<div id=\"\">\n<header class=\"m-article-header m-article-header--standard\">\n\t\t\t\t\t\t\t\t\t\t\t\t<span id=\"article-header-primary-term\"><br \/>\n\t\t\t\t\t\t\t\t<a class=\"a-term a-term--primary\" href=\"https:\/\/www.boston.com\/tag\/new-england-patriots\/\"><\/p>\n<p>\t\t\t\t\t\t\t\tPatriotas\t\t\t\t\t\t\t\t<\/a><br \/>\n\t\t\t\t\t\t\t<\/span><\/p>\n<h2 class=\"m-article-header__sub-headline\">\u201cA posi\u00e7\u00e3o em que estou realmente n\u00e3o \u00e9 diferente da posi\u00e7\u00e3o em que muitos caras da liga est\u00e3o, voltando de uma les\u00e3o.\u201d<\/h2>\n<figure class=\"a-photo m-article-header__photo\"><figcaption class=\"a-photo__caption\">\n<p>\tCole Strange pode come\u00e7ar no centro no s\u00e1bado contra os Chargers. <em> (Danielle Parhizkaran\/Equipe do Globo)<\/em>\t<\/figcaption><\/figure>\n<\/header>\n<p>Pela primeira vez em mais de um ano, Cole Strange pode estar de volta a campo para a linha ofensiva dos Patriots no s\u00e1bado \u00e0 noite.<\/p>\n<p>A escolha do primeiro turno de 2022 est\u00e1 se recuperando durante a maior parte da temporada de 2024 da NFL, depois de sofrer uma ruptura do tend\u00e3o patelar em 17 de dezembro de 2023, contra o Kansas City Chiefs.<\/p>\n<p>Strange foi ativado antes do jogo fora de casa do New England contra o Bills no \u00faltimo domingo, mas n\u00e3o registrou nenhum ataque ofensivo na eventual derrota dos Patriots por 24-21 no Highmark Stadium.<\/p>\n<p>Mas com o piv\u00f4 Ben Brown em protocolo de concuss\u00e3o antes do confronto de s\u00e1bado contra os Chargers, Strange pode ser o pr\u00f3ximo homem a jogar pelo New England.<\/p>\n<p>\u201cEstou entusiasmado com a oportunidade, honestamente\u201d, disse Strange <a target=\"_blank\" href=\"https:\/\/www.masslive.com\/patriots\/2024\/12\/cole-strange-says-hes-ready-if-patriots-give-him-nod-to-start-at-center.html\" rel=\"noreferrer noopener\">Karen Guregian do MassLive na quinta-feira.<\/a> \u201cSinto que estou trabalhando para isso h\u00e1 um ano. E estou muito animado com a oportunidade, de verdade.\u201d<\/p>\n<p>Com o cronograma de Brown no que diz respeito ao protocolo de concuss\u00e3o incerto, Strange e Lecitus Smith permanecem como os \u00fanicos dois centros restantes na lista. <\/p>\n<p>Embora Strange tenha jogado principalmente como guarda esquerdo durante sua gest\u00e3o em Foxborough, ele praticou principalmente nesta temporada como centro, enquanto a Nova Inglaterra busca mais versatilidade (e um substituto potencial para David Andrews no devido tempo).<\/p>\n<p>\u201cA posi\u00e7\u00e3o em que estou realmente n\u00e3o \u00e9 diferente da posi\u00e7\u00e3o em que muitos caras da liga est\u00e3o, voltando de uma les\u00e3o\u201d, disse Strange. \u201cTalvez eles tenham tido uma semana ou mais de pr\u00e1tica, eu tive v\u00e1rias semanas.<\/p>\n<p>\u201cEstou em uma nova posi\u00e7\u00e3o, ent\u00e3o ainda estou tentando descobrir, mas tive muito tempo&#8230; me sinto muito preparado. Ainda temos mais alguns dias, mas me sinto bem, me sinto bem fisicamente, os joelhos est\u00e3o saud\u00e1veis.\u201d<\/p>\n<p>Voltar ao campo de futebol j\u00e1 \u00e9 um passo na dire\u00e7\u00e3o certa para Strange, que admitiu que sua reabilita\u00e7\u00e3o ap\u00f3s uma les\u00e3o t\u00e3o grave na perna foi um processo \u00e1rduo.<\/p>\n<p>\u201cFoi uma loucura\u201d, disse Strange em novembro sobre seus primeiros passos <a target=\"_blank\" href=\"https:\/\/www.masslive.com\/patriots\/2024\/11\/patriots-1st-rounder-had-to-learn-to-walk-again-after-serious-injury.html\" rel=\"noreferrer noopener\">depois de remover seu gesso.<\/a> \u201cEu me senti como um filhote de cervo. Foi estranho como o inferno. A \u00fanica coisa que acontece \u00e9 apenas fazer. Andar com muletas e depois andar sem elas. Obrigando-se a n\u00e3o mancar \u2013 n\u00e3o apoiar a perna direita. N\u00e3o \u00e9 a mesma coisa, mas \u00e9 a mesma coisa com o futebol. \u00c9 apenas fazer isso.\u201d<\/p>\n<p>Mesmo que a Nova Inglaterra ainda tenha muito trabalho a fazer quando se trata de refor\u00e7ar uma linha O porosa nesta entressafra, descobrir se Strange consegue se manter no centro ou na guarda nesses dois jogos finais, pelo menos resolveria uma quest\u00e3o. para os Patriots entrando em 2025.<\/p>\n<div class=\"o-author-single has-avatar\">\n<header class=\"m-author-card\">\n<div class=\"a-image a-image--square m-author-card__image\">\n\t\t<img decoding=\"async\" class=\"\" src=\"https:\/\/www.boston.com\/wp-content\/uploads\/2023\/05\/Headshot_Conor-645c0406ed6cb-scaled.jpg\" alt=\"Imagem do perfil de Conor Ryan\"\/>\t<\/div>\n<\/header>\n<section class=\"author-info\">\n<div class=\"m-author__section\">\n<p>Conor Ryan \u00e9 redator da equipe que cobre Bruins, Celtics, Patriots e Red Sox para Boston.com, fun\u00e7\u00e3o que ocupa desde 2023.<\/p>\n<\/div>\n<\/section>\n<\/div>\n<div class=\"m-block m-generic-cta\t m-generic-cta--post-content\t m-generic-cta--dark\t m-generic-cta--homepage\t m-generic-cta--email-signup\t\t m-generic-cta-block-style--default \tt-amp__generic-cta\"><\/p>\n<div class=\"m-generic-cta__wrap\">\n<div class=\"m-generic-cta__content\">\n<h3 class=\"m-generic-cta__title\">Inscreva-se para receber atualiza\u00e7\u00f5es do Patriots\ud83c\udfc8<\/h3>\n<p class=\"m-generic-cta__subtitle\">Receba as \u00faltimas not\u00edcias e an\u00e1lises em sua caixa de entrada durante a temporada de futebol.<\/p>\n<\/p><\/div>\n<\/p><\/div>\n<\/div><\/div>\n<p><script>\n\t\tvar consent=\"grant\";\n\t\t\/* The above code is parsing the JSON data from the local storage and storing it in a variable. *\/\n\t\t\t\t\tconst onetrustStorageConsent = JSON.parse(localStorage.getItem( 'consent_one_trust_bdc' ) );\n\t\t\tif ( ( onetrustStorageConsent !== null ) ) {\n\t\t\t\t\/* Checking to see if the user has consented to the use of cookies.\n\t\t\t\t* If they have not, it is deleting the cookie.\n\t\t\t\t* This will comment for now, until further notice.\n\t\t\t\t*\/\n\t\t\t\t\/\/if ( onetrustStorageConsent.C0002 === false ) {\n\t\t\t\t\/\/\tdocument.cookie=\"_fbp=;expires=Thu, 01 Jan 2010 00:00:00 UTC; path=\/; domain=.boston.com\";\n\t\t\t\t\/\/}\n\t\t\t\t\/* Checking if the user has given consent for the cookie C0002.\n\t\t\t\t* If the user has given consent, the variable consent will be set to 'grant'.\n\t\t\t\t* If the user has not given consent,the variable consent will be set to 'revoke'.\n\t\t\t\t* Documentation https:\/\/developers.facebook.com\/docs\/meta-pixel\/implementation\/gdpr\n\t\t\t\t*\/\n\t\t\t\tif ( onetrustStorageConsent.C0002 !== true ) {\n\t\t\t\t\tconsent=\"revoke\";\n\t\t\t\t}\n\t\t\t}\n\t\t\t\t!function(f,b,e,v,n,t,s)\n\t\t{if(f.fbq)return;n=f.fbq=function(){n.callMethod?\n\t\tn.callMethod.apply(n,arguments):n.queue.push(arguments)};\n\t\tif(!f._fbq)f._fbq=n;n.push=n;n.loaded=!0;n.version='2.0';\n\t\tn.queue=[];t=b.createElement(e);t.async=!0;\n\t\tt.src=v;s=b.getElementsByTagName(e)[0];\n\t\ts.parentNode.insertBefore(t,s)}(window, document,'script',\n\t\t'https:\/\/connect.facebook.net\/en_US\/fbevents.js');\n\t\tfbq('consent', consent);\n\t\tfbq('init', '989222871864976');\n\t\tfbq('track', 'PageView');\n\t<\/script><script type=\"module\">\n\t\tvar consent=\"grant\";\n\t\t\/* The above code is parsing the JSON data from the local storage and storing it in a variable. *\/\n\t\t\tconst onetrustStorageConsent = JSON.parse(localStorage.getItem( 'consent_one_trust_bdc' ) );\n\t\t\t\/* Checking to see if the user has consented to the use of cookies.\n\t\t\t* If they have not, it is deleting the cookie.\n\t\t\t* This will comment for now, until further notice.\n\t\t\t*\/\n\t\t\t\/\/if ( onetrustStorageConsent.C0002 === false ) {\n\t\t\t\/\/\tdocument.cookie=\"_fbp=;expires=Thu, 01 Jan 2010 00:00:00 UTC; path=\/; domain=.boston.com\";\n\t\t\t\/\/}\n\t\t\t\/* Checking if the user has given consent for the cookie C0002.\n\t\t\t* If the user has given consent, the variable consent will be set to 'grant'.\n\t\t\t* If the user has not given consent,the variable consent will be set to 'revoke'.\n\t\t\t* Documentation https:\/\/developers.facebook.com\/docs\/meta-pixel\/implementation\/gdpr\n\t\t\t*\/\n\t\t\tif ( ( onetrustStorageConsent !== null ) && (onetrustStorageConsent.C0002 !== true ) ) {\n\t\t\t\tconsent=\"revoke\";\n\t\t\t}\n\t\t\t\t!function(f,b,e,v,n,t,s){if(f.fbq)return;n=f.fbq=function()\n\t\t{n.callMethod? n.callMethod.apply(n,arguments):n.queue.push(arguments)}\n\t\t;if(!f._fbq)f._fbq=n;\n\t\tn.push=n;n.loaded=!0;n.version='2.0';n.queue=[];t=b.createElement(e);t.async=!0;\n\t\tt.src=v;s=b.getElementsByTagName(e)[0];s.parentNode.insertBefore(t,s)}(window,\n\t\tdocument,'script','https:\/\/connect.facebook.net\/en_US\/fbevents.js');\n\t\tfbq('consent', consent);\n\t\tfbq('init', '813236348753005');\n\t\tfbq('track', \"PageView\");\n\t<\/script><br \/>\n<br \/><br \/>\n<br \/><a href=\"https:\/\/www.boston.com\/sports\/new-england-patriots\/2024\/12\/26\/cole-strange-new-england-patriots-injury-nfl-football\/\">Source link <\/a><\/p>","protected":false},"excerpt":{"rendered":"<p>Patriotas \u201cA posi\u00e7\u00e3o em que estou realmente n\u00e3o \u00e9 diferente da posi\u00e7\u00e3o em que muitos caras da liga est\u00e3o, voltando de uma les\u00e3o.\u201d Cole Strange pode come\u00e7ar no centro no&hellip;<\/p>","protected":false},"author":1,"featured_media":83253,"comment_status":"closed","ping_status":"open","sticky":false,"template":"","format":"standard","meta":{"content-type":"","footnotes":""},"categories":[1],"tags":[],"class_list":["post-83252","post","type-post","status-publish","format-standard","has-post-thumbnail","hentry","category-uncategorized"],"_links":{"self":[{"href":"https:\/\/tvbrazilusa.com\/pt\/wp-json\/wp\/v2\/posts\/83252","targetHints":{"allow":["GET"]}}],"collection":[{"href":"https:\/\/tvbrazilusa.com\/pt\/wp-json\/wp\/v2\/posts"}],"about":[{"href":"https:\/\/tvbrazilusa.com\/pt\/wp-json\/wp\/v2\/types\/post"}],"author":[{"embeddable":true,"href":"https:\/\/tvbrazilusa.com\/pt\/wp-json\/wp\/v2\/users\/1"}],"replies":[{"embeddable":true,"href":"https:\/\/tvbrazilusa.com\/pt\/wp-json\/wp\/v2\/comments?post=83252"}],"version-history":[{"count":1,"href":"https:\/\/tvbrazilusa.com\/pt\/wp-json\/wp\/v2\/posts\/83252\/revisions"}],"predecessor-version":[{"id":83254,"href":"https:\/\/tvbrazilusa.com\/pt\/wp-json\/wp\/v2\/posts\/83252\/revisions\/83254"}],"wp:featuredmedia":[{"embeddable":true,"href":"https:\/\/tvbrazilusa.com\/pt\/wp-json\/wp\/v2\/media\/83253"}],"wp:attachment":[{"href":"https:\/\/tvbrazilusa.com\/pt\/wp-json\/wp\/v2\/media?parent=83252"}],"wp:term":[{"taxonomy":"category","embeddable":true,"href":"https:\/\/tvbrazilusa.com\/pt\/wp-json\/wp\/v2\/categories?post=83252"},{"taxonomy":"post_tag","embeddable":true,"href":"https:\/\/tvbrazilusa.com\/pt\/wp-json\/wp\/v2\/tags?post=83252"}],"curies":[{"name":"wp","href":"https:\/\/api.w.org\/{rel}","templated":true}]}}