{"id":83296,"date":"2024-12-27T07:27:35","date_gmt":"2024-12-27T07:27:35","guid":{"rendered":"https:\/\/tvbrazilusa.com\/2024\/12\/27\/%f0%9f%8c%b1-papai-noel-espalha-alegria-em-fort-myers\/"},"modified":"2024-12-27T07:29:50","modified_gmt":"2024-12-27T07:29:50","slug":"%f0%9f%8c%b1-papai-noel-espalha-alegria-em-fort-myers","status":"publish","type":"post","link":"https:\/\/tvbrazilusa.com\/pt\/2024\/12\/27\/%f0%9f%8c%b1-papai-noel-espalha-alegria-em-fort-myers\/","title":{"rendered":"\ud83c\udf31 Papai Noel espalha alegria em Fort Myers"},"content":{"rendered":"<p> <script async src=\"https:\/\/pagead2.googlesyndication.com\/pagead\/js\/adsbygoogle.js?client=ca-pub-8864793242727901\"\r\n     crossorigin=\"anonymous\"><\/script><br \/>\n<\/p>\n<div>\n<p>\u2615\ufe0f\ufe0f Ei, ei, Fort Myers! Sua fonte completa de not\u00edcias locais est\u00e1 aqui. Continue lendo para todas as atualiza\u00e7\u00f5es. <strong>No boletim informativo de hoje:<\/strong><\/p>\n<\/div>\n<div>\n<ul>\n<li>Papai Noel espalha alegria em Fort Myers<\/li>\n<li>Cirurgi\u00e3o de Fort Myers inova na substitui\u00e7\u00e3o da articula\u00e7\u00e3o do polegar<\/li>\n<li>As celebra\u00e7\u00f5es do Kwanzaa unem a comunidade de Fort Myers<\/li>\n<\/ul>\n<p>Tamb\u00e9m no calend\u00e1rio de hoje: <strong>49\u00aa Celebra\u00e7\u00e3o Anual das Noites de Feriado <\/strong> e 11 outros eventos.<\/p>\n<p><em>Enigma de hoje:<\/em> Por que o ursinho disse n\u00e3o \u00e0 sobremesa? \ud83e\udd14 Continue lendo para descobrir.<\/p>\n<\/div>\n<div>\n<hr\/>\n<p> <a href=\"https:\/\/patch.com\/florida\/fort-myers\/weather\"><strong>Previs\u00e3o do tempo:<\/strong><\/a> <\/p>\n<ul>\n<li class=\"sans\"><strong>Sexta-feira:<\/strong> Nuvens e sol com pancada de chuva, com m\u00e1xima de 82 e m\u00ednima de 65 graus. <\/li>\n<li class=\"sans\"><strong>S\u00e1bado:<\/strong> Um pouco de sol com algumas chuvas, temperatura: alta: 82, baixa: 66. <\/li>\n<li class=\"sans\"><strong>Domingo:<\/strong> Chuva e trovoada, com m\u00e1xima de 79 e m\u00ednima de 65 graus. <\/li>\n<\/ul>\n<hr\/>\n<h4>\ud83d\udcf0 <strong>Not\u00edcias que estamos lendo<\/strong><\/h4>\n<p><b>1. Velhas almas alegres<\/b> (<a href=\"https:\/\/bonitasprings.floridaweekly.com\/articles\/jolly-old-souls\" target=\"_blank\" rel=\"nofollow\">floridaweekly.com<\/a>) &#8211; Papai Noel Jack Chrisenberry foi visto espalhando a alegria do feriado por Fort Myers, encantando crian\u00e7as e adultos. Suas apari\u00e7\u00f5es em locais como <b>Fort Myers<\/b> Brewing Co. destaca a magia e a alegria da \u00e9poca festiva. <br \/><a href=\"https:\/\/fort-myers-fl.patch.am\/rate-item?d=u&#038;h=eyJsb2MiOiI3NjkyIiwic291cmNlIjoiZmxvcmlkYXdlZWtseS5jb20iLCJ0aXRsZSI6IkpvbGx5IE9sZCBTb3VscyIsInVybCI6Imh0dHBzOlwvXC9ib25pdGFzcHJpbmdzLmZsb3JpZGF3ZWVrbHkuY29tXC9hcnRpY2xlc1wvam9sbHktb2xkLXNvdWxzIiwiYXJ0aWQiOiJiZGZjODA4YzM1ODZhZTRlYjJhOWRiY2JlMDQ2ZTZlOSJ9\" target=\"_blank\" rel=\"nofollow\"><\/a>   <a href=\"https:\/\/fort-myers-fl.patch.am\/rate-item?d=d&#038;h=eyJsb2MiOiI3NjkyIiwic291cmNlIjoiZmxvcmlkYXdlZWtseS5jb20iLCJ0aXRsZSI6IkpvbGx5IE9sZCBTb3VscyIsInVybCI6Imh0dHBzOlwvXC9ib25pdGFzcHJpbmdzLmZsb3JpZGF3ZWVrbHkuY29tXC9hcnRpY2xlc1wvam9sbHktb2xkLXNvdWxzIiwiYXJ0aWQiOiJiZGZjODA4YzM1ODZhZTRlYjJhOWRiY2JlMDQ2ZTZlOSJ9\" target=\"_blank\" rel=\"nofollow\"><img decoding=\"async\" class=\"thumbs\" width=\"16\" height=\"16\" src=\"https:\/\/patch.com\/img\/cdn\/assets\/layout\/thumb_down_16x16.png\" data-sizes=\"(min-width: 780px) 726px, 100vw\" srcset=\"https:\/\/patch.com\/img\/cdn\/assets\/layout\/thumb_down_16x16.png?width=640 640w, https:\/\/patch.com\/img\/cdn\/assets\/layout\/thumb_down_16x16.png?width=726 726w\"\/><\/a><\/p>\n<\/div>\n<div>\n<p><b>2. Cirurgia inovadora de substitui\u00e7\u00e3o da articula\u00e7\u00e3o do polegar<\/b> (<a href=\"https:\/\/winknews.com\/2024\/12\/26\/innovative-thumb-joint-replacement-surgery\" target=\"_blank\" rel=\"nofollow\">winknews. com<\/a>) \u2013 Um cirurgi\u00e3o ortop\u00e9dico de Fort Myers, Dr. Dennis Sagini, \u00e9 pioneiro em uma cirurgia de substitui\u00e7\u00e3o da articula\u00e7\u00e3o do polegar que usa um tend\u00e3o do pulso em vez de materiais artificiais. Esta abordagem inovadora est\u00e1 ajudando pacientes como Joe Goldstein a recuperar a fun\u00e7\u00e3o das m\u00e3os sem o risco de materiais estranhos. <br \/><a href=\"https:\/\/fort-myers-fl.patch.am\/rate-item?d=u&#038;h=eyJsb2MiOiI3NjkyIiwic291cmNlIjoid2lua25ld3MuY29tIiwidGl0bGUiOiJJbm5vdmF0aXZlIHRodW1iIGpvaW50IHJlcGxhY2VtZW50IHN1cmdlcnkiLCJ1cmwiOiJodHRwczpcL1wvd2lua25ld3MuY29tXC8yMDI0XC8xMlwvMjZcL2lubm92YXRpdmUtdGh1bWItam9pbnQtcmVwbGFjZW1lbnQtc3VyZ2VyeSIsImFydGlkIjoiYmE2NGJjODczNGY2YjYwNDhkMjlmYWZhZTVlZTliNWIifQ==\" target=\"_blank\" rel=\"nofollow\"><img decoding=\"async\" class=\"thumbs\" width=\"16\" height=\"16\" src=\"https:\/\/patch.com\/img\/cdn\/assets\/layout\/thumb_up_16x16.png\" data-rel=\"penci-gallery-image-content\"  data-sizes=\"(min-width: 780px) 726px, 100vw\" srcset=\"https:\/\/patch.com\/img\/cdn\/assets\/layout\/thumb_up_16x16.png?width=640 640w, https:\/\/patch.com\/img\/cdn\/assets\/layout\/thumb_up_16x16.png?width=726 726w\"\/><\/a>   <a href=\"https:\/\/fort-myers-fl.patch.am\/rate-item?d=d&#038;h=eyJsb2MiOiI3NjkyIiwic291cmNlIjoid2lua25ld3MuY29tIiwidGl0bGUiOiJJbm5vdmF0aXZlIHRodW1iIGpvaW50IHJlcGxhY2VtZW50IHN1cmdlcnkiLCJ1cmwiOiJodHRwczpcL1wvd2lua25ld3MuY29tXC8yMDI0XC8xMlwvMjZcL2lubm92YXRpdmUtdGh1bWItam9pbnQtcmVwbGFjZW1lbnQtc3VyZ2VyeSIsImFydGlkIjoiYmE2NGJjODczNGY2YjYwNDhkMjlmYWZhZTVlZTliNWIifQ==\" target=\"_blank\" rel=\"nofollow\"><img decoding=\"async\" class=\"thumbs\" width=\"16\" height=\"16\" src=\"https:\/\/patch.com\/img\/cdn\/assets\/layout\/thumb_down_16x16.png\" data-sizes=\"(min-width: 780px) 726px, 100vw\" srcset=\"https:\/\/patch.com\/img\/cdn\/assets\/layout\/thumb_down_16x16.png?width=640 640w, https:\/\/patch.com\/img\/cdn\/assets\/layout\/thumb_down_16x16.png?width=726 726w\"\/><\/a><\/p>\n<p><b>3. Kwanzaa comemorado na cidade de Fort Myers por empresas e organiza\u00e7\u00f5es locais<\/b> (<a href=\"https:\/\/www.fox4now.com\/downtown-fort-myers\/kwanzaa-celebrated-in-the-city-of-fort-myers-by-local-businesses-organizations\" target=\"_blank\" rel=\"nofollow\">fox4now. com<\/a>) \u2013 As festividades do Kwanzaa est\u00e3o a todo vapor em Fort Myers, com empresas locais como a Veronica Shoemaker Florist desempenhando um papel fundamental nas celebra\u00e7\u00f5es. O evento enfatiza a unidade e o orgulho cultural, unindo os membros da comunidade para homenagear a heran\u00e7a afro-americana. <br \/><a href=\"https:\/\/fort-myers-fl.patch.am\/rate-item?d=u&#038;h=eyJsb2MiOiI3NjkyIiwic291cmNlIjoiZm94NG5vdy5jb20iLCJ0aXRsZSI6Ikt3YW56YWEgY2VsZWJyYXRlZCBpbiB0aGUgY2l0eSBvZiBGb3J0IE15ZXJzIGJ5IGxvY2FsIGJ1c2luZXNzZXMgJiBvcmdhbml6YXRpb25zIiwidXJsIjoiaHR0cHM6XC9cL3d3dy5mb3g0bm93LmNvbVwvZG93bnRvd24tZm9ydC1teWVyc1wva3dhbnphYS1jZWxlYnJhdGVkLWluLXRoZS1jaXR5LW9mLWZvcnQtbXllcnMtYnktbG9jYWwtYnVzaW5lc3Nlcy1vcmdhbml6YXRpb25zIiwiYXJ0aWQiOiJiMDU0ZThiMjM5ZjJlZTY0NzkzNWZlNmQ4YmFiNjIyMiJ9\" target=\"_blank\" rel=\"nofollow\"><img decoding=\"async\" class=\"thumbs\" width=\"16\" height=\"16\" src=\"https:\/\/patch.com\/img\/cdn\/assets\/layout\/thumb_up_16x16.png\" data-rel=\"penci-gallery-image-content\"  data-sizes=\"(min-width: 780px) 726px, 100vw\" srcset=\"https:\/\/patch.com\/img\/cdn\/assets\/layout\/thumb_up_16x16.png?width=640 640w, https:\/\/patch.com\/img\/cdn\/assets\/layout\/thumb_up_16x16.png?width=726 726w\"\/><\/a>   <a href=\"https:\/\/fort-myers-fl.patch.am\/rate-item?d=d&#038;h=eyJsb2MiOiI3NjkyIiwic291cmNlIjoiZm94NG5vdy5jb20iLCJ0aXRsZSI6Ikt3YW56YWEgY2VsZWJyYXRlZCBpbiB0aGUgY2l0eSBvZiBGb3J0IE15ZXJzIGJ5IGxvY2FsIGJ1c2luZXNzZXMgJiBvcmdhbml6YXRpb25zIiwidXJsIjoiaHR0cHM6XC9cL3d3dy5mb3g0bm93LmNvbVwvZG93bnRvd24tZm9ydC1teWVyc1wva3dhbnphYS1jZWxlYnJhdGVkLWluLXRoZS1jaXR5LW9mLWZvcnQtbXllcnMtYnktbG9jYWwtYnVzaW5lc3Nlcy1vcmdhbml6YXRpb25zIiwiYXJ0aWQiOiJiMDU0ZThiMjM5ZjJlZTY0NzkzNWZlNmQ4YmFiNjIyMiJ9\" target=\"_blank\" rel=\"nofollow\"><img decoding=\"async\" class=\"thumbs\" width=\"16\" height=\"16\" src=\"https:\/\/patch.com\/img\/cdn\/assets\/layout\/thumb_down_16x16.png\" data-sizes=\"(min-width: 780px) 726px, 100vw\" srcset=\"https:\/\/patch.com\/img\/cdn\/assets\/layout\/thumb_down_16x16.png?width=640 640w, https:\/\/patch.com\/img\/cdn\/assets\/layout\/thumb_down_16x16.png?width=726 726w\"\/><\/a><\/p>\n<\/div>\n<div>\n<p><b>4. Ferro-velho de Dunbar ser\u00e1 comprado com fundos da Ag\u00eancia de Desenvolvimento Comunit\u00e1rio de Fort Myers<\/b> (<a href=\"https:\/\/www.news-press.com\/picture-gallery\/news\/2024\/12\/26\/dunbar-junkyard-set-to-be-purchased-with-funds-from-fort-myers-community-redevelopment-agency\/77180933007\" target=\"_blank\" rel=\"nofollow\">news-press.com<\/a>) \u2013 Um desenvolvedor comprou um ferro-velho Dunbar com mais de US$ 1 milh\u00e3o da Ag\u00eancia de Desenvolvimento Comunit\u00e1rio de Fort Myers. Esta iniciativa visa transformar a \u00e1rea, destacando <b>Fort Myers<\/b>&#8216; compromisso com o desenvolvimento comunit\u00e1rio. <br \/><a href=\"https:\/\/fort-myers-fl.patch.am\/rate-item?d=u&#038;h=eyJsb2MiOiI3NjkyIiwic291cmNlIjoibmV3cy1wcmVzcy5jb20iLCJ0aXRsZSI6IkR1bmJhciBqdW5reWFyZCBzZXQgdG8gYmUgcHVyY2hhc2VkIHdpdGggZnVuZHMgZnJvbSBGb3J0IE15ZXJzIENvbW11bml0eSBSZWRldmVsb3BtZW50IEFnZW5jeSIsInVybCI6Imh0dHBzOlwvXC93d3cubmV3cy1wcmVzcy5jb21cL3BpY3R1cmUtZ2FsbGVyeVwvbmV3c1wvMjAyNFwvMTJcLzI2XC9kdW5iYXItanVua3lhcmQtc2V0LXRvLWJlLXB1cmNoYXNlZC13aXRoLWZ1bmRzLWZyb20tZm9ydC1teWVycy1jb21tdW5pdHktcmVkZXZlbG9wbWVudC1hZ2VuY3lcLzc3MTgwOTMzMDA3IiwiYXJ0aWQiOiJkNzUzMTJjMmU3YjllMDU0MWE0ZjhjZTg4NGY5YTU1MCJ9\" target=\"_blank\" rel=\"nofollow\"><img decoding=\"async\" class=\"thumbs\" width=\"16\" height=\"16\" src=\"https:\/\/patch.com\/img\/cdn\/assets\/layout\/thumb_up_16x16.png\" data-rel=\"penci-gallery-image-content\"  data-sizes=\"(min-width: 780px) 726px, 100vw\" srcset=\"https:\/\/patch.com\/img\/cdn\/assets\/layout\/thumb_up_16x16.png?width=640 640w, https:\/\/patch.com\/img\/cdn\/assets\/layout\/thumb_up_16x16.png?width=726 726w\"\/><\/a>   <a href=\"https:\/\/fort-myers-fl.patch.am\/rate-item?d=d&#038;h=eyJsb2MiOiI3NjkyIiwic291cmNlIjoibmV3cy1wcmVzcy5jb20iLCJ0aXRsZSI6IkR1bmJhciBqdW5reWFyZCBzZXQgdG8gYmUgcHVyY2hhc2VkIHdpdGggZnVuZHMgZnJvbSBGb3J0IE15ZXJzIENvbW11bml0eSBSZWRldmVsb3BtZW50IEFnZW5jeSIsInVybCI6Imh0dHBzOlwvXC93d3cubmV3cy1wcmVzcy5jb21cL3BpY3R1cmUtZ2FsbGVyeVwvbmV3c1wvMjAyNFwvMTJcLzI2XC9kdW5iYXItanVua3lhcmQtc2V0LXRvLWJlLXB1cmNoYXNlZC13aXRoLWZ1bmRzLWZyb20tZm9ydC1teWVycy1jb21tdW5pdHktcmVkZXZlbG9wbWVudC1hZ2VuY3lcLzc3MTgwOTMzMDA3IiwiYXJ0aWQiOiJkNzUzMTJjMmU3YjllMDU0MWE0ZjhjZTg4NGY5YTU1MCJ9\" target=\"_blank\" rel=\"nofollow\"><img decoding=\"async\" class=\"thumbs\" width=\"16\" height=\"16\" src=\"https:\/\/patch.com\/img\/cdn\/assets\/layout\/thumb_down_16x16.png\" data-sizes=\"(min-width: 780px) 726px, 100vw\" srcset=\"https:\/\/patch.com\/img\/cdn\/assets\/layout\/thumb_down_16x16.png?width=640 640w, https:\/\/patch.com\/img\/cdn\/assets\/layout\/thumb_down_16x16.png?width=726 726w\"\/><\/a><\/p>\n<p><b>5. Cartas para o Papai Noel &#8211; Charlotte County Florida Weekly<\/b> (<a href=\"https:\/\/charlottecounty.floridaweekly.com\/articles\/letters-to-santa\" target=\"_blank\" rel=\"nofollow\">floridaweekly.com<\/a>) \u2013 Crian\u00e7as em Fort Myers est\u00e3o enviando cartas sinceras ao Papai Noel por meio de pontos de entrega locais, como o escrit\u00f3rio da Fazenda Estadual de Fort Myers. Esta tradi\u00e7\u00e3o traz alegria e envolvimento comunit\u00e1rio, com as crian\u00e7as compartilhando seus desejos e sonhos. <br \/><a href=\"https:\/\/fort-myers-fl.patch.am\/rate-item?d=u&#038;h=eyJsb2MiOiI3NjkyIiwic291cmNlIjoiZmxvcmlkYXdlZWtseS5jb20iLCJ0aXRsZSI6IkxldHRlcnMgdG8gU2FudGEgLSBDaGFybG90dGUgQ291bnR5IEZsb3JpZGEgV2Vla2x5IiwidXJsIjoiaHR0cHM6XC9cL2NoYXJsb3R0ZWNvdW50eS5mbG9yaWRhd2Vla2x5LmNvbVwvYXJ0aWNsZXNcL2xldHRlcnMtdG8tc2FudGEiLCJhcnRpZCI6ImU2YmYwODU3MDE1NmU5NGZhMzhhMDZkNWYxZDc4N2RlIn0=\" target=\"_blank\" rel=\"nofollow\"><img decoding=\"async\" class=\"thumbs\" width=\"16\" height=\"16\" src=\"https:\/\/patch.com\/img\/cdn\/assets\/layout\/thumb_up_16x16.png\" data-rel=\"penci-gallery-image-content\"  data-sizes=\"(min-width: 780px) 726px, 100vw\" srcset=\"https:\/\/patch.com\/img\/cdn\/assets\/layout\/thumb_up_16x16.png?width=640 640w, https:\/\/patch.com\/img\/cdn\/assets\/layout\/thumb_up_16x16.png?width=726 726w\"\/><\/a>   <a href=\"https:\/\/fort-myers-fl.patch.am\/rate-item?d=d&#038;h=eyJsb2MiOiI3NjkyIiwic291cmNlIjoiZmxvcmlkYXdlZWtseS5jb20iLCJ0aXRsZSI6IkxldHRlcnMgdG8gU2FudGEgLSBDaGFybG90dGUgQ291bnR5IEZsb3JpZGEgV2Vla2x5IiwidXJsIjoiaHR0cHM6XC9cL2NoYXJsb3R0ZWNvdW50eS5mbG9yaWRhd2Vla2x5LmNvbVwvYXJ0aWNsZXNcL2xldHRlcnMtdG8tc2FudGEiLCJhcnRpZCI6ImU2YmYwODU3MDE1NmU5NGZhMzhhMDZkNWYxZDc4N2RlIn0=\" target=\"_blank\" rel=\"nofollow\"><img decoding=\"async\" class=\"thumbs\" width=\"16\" height=\"16\" src=\"https:\/\/patch.com\/img\/cdn\/assets\/layout\/thumb_down_16x16.png\" data-sizes=\"(min-width: 780px) 726px, 100vw\" srcset=\"https:\/\/patch.com\/img\/cdn\/assets\/layout\/thumb_down_16x16.png?width=640 640w, https:\/\/patch.com\/img\/cdn\/assets\/layout\/thumb_down_16x16.png?width=726 726w\"\/><\/a><\/p>\n<\/div>\n<div>\n<hr\/>\n<h4>\ud83d\udcac <strong>Conversa<\/strong><\/h4>\n<p>O que seus vizinhos est\u00e3o falando nas redes sociais<\/p>\n<ul>\n<li><b>Feliz Natal a TODOS e que o Deus de toda gra\u00e7a, miseric\u00f3rdia, paz e amor aben\u00e7oe voc\u00eas e suas fam\u00edlias abundantemente neste dia especial e todos os dias no novo ano de 2025!<\/b> <br \/>Espero que o Natal e o Ano Novo lhe tragam muitas b\u00ean\u00e7\u00e3os, boa sa\u00fade e prosperidade e, claro, paz e amor al\u00e9m da medida. Feliz\u2026 (<a href=\"https:\/\/nextdoor.com\/p\/ZZjThqR-9xp9\/?from_partner=patch&#038;share_id=ZZjThqR-9xp9&#038;utm_medium=public_api&#038;utm_source=patch&#038;utm_content=ZZjThqR-9xp9&#038;next_url=\/p\/ZZjThqR-9xp9&#038;utm_medium=email&#038;utm_campaign=pilot\" target=\"_blank\" rel=\"nofollow\">Ao lado<\/a> Whisky Creek) <\/li>\n<li><b>Isso colocou um grande sorriso no meu rosto.<\/b> <br \/>A melhor coisa que vi no dia de Natal. Quem fez isso, que fofo voc\u00ea \u00e9&#8230; (<a href=\"https:\/\/nextdoor.com\/p\/Crw5YmMKr3wj\/?from_partner=patch&#038;share_id=Crw5YmMKr3wj&#038;utm_medium=public_api&#038;utm_source=patch&#038;utm_content=Crw5YmMKr3wj&#038;next_url=\/p\/Crw5YmMKr3wj&#038;utm_medium=email&#038;utm_campaign=pilot\" target=\"_blank\" rel=\"nofollow\">Ao lado<\/a> Parque Ribeirinho) <\/li>\n<\/ul>\n<ul>\n<li>  O Corpo de Bombeiros 27 de Bonita Springs reabre dois meses ap\u00f3s os danos do furac\u00e3o Milton\/&#8230; (X: <a href=\"https:\/\/twitter.com\/TheNewsPress\/status\/1872402093081792777?ref_src=twsrc%5Egoogle%7Ctwcamp%5Eserp%7Ctwgr%5Etweet\" target=\"_blank\" rel=\"nofollow\">@TheNewsPress<\/a>) <\/li>\n<li>  \u00c0 medida que a emo\u00e7\u00e3o do feriado diminui, descarte as \u00e1rvores de Natal cortadas de maneira adequada. \u00c1rvores com todos os enfeites, luzes, enfeites e suporte retirados&#8230; (X: <a href=\"https:\/\/twitter.com\/LeeCountyFLBOCC\/status\/1872376889467154640?ref_src=twsrc%5Egoogle%7Ctwcamp%5Eserp%7Ctwgr%5Etweet\" target=\"_blank\" rel=\"nofollow\">@LeeCountyFLBOCC<\/a>) <\/li>\n<\/ul>\n<ul>\n<li>  Lee Health publicou uma vaga de emprego para <strong>Especialista em agendamento ambulatorial<\/strong> em Fort Myers, Fl\u00f3rida. Inscreva-se em <a href=\"https:\/\/jobs.leehealth.org\/job\/outpatient-scheduling-specialist-scheduling-us-fl-fort-myers-56166-1\/?utm_campaign=google_jobs_apply&#038;utm_source=google_jobs_apply&#038;utm_medium=organic\" target=\"_blank\" rel=\"nofollow\">Lee Sa\u00fade<\/a>. <\/li>\n<li>  DICK&#8217;S Sporting Goods publicou uma vaga de emprego para <strong>Caixa de varejo<\/strong> em Fort Myers, Fl\u00f3rida. Inscreva-se em <a href=\"https:\/\/www.dickssportinggoods.jobs\/job\/?Retail+Cashier-Fort+Myers-FL-j-202406649&#038;utm_campaign=google_jobs_apply&#038;utm_source=google_jobs_apply&#038;utm_medium=organic\" target=\"_blank\" rel=\"nofollow\">Vagas da Dick&#8217;s Sporting Goods<\/a>. <\/li>\n<\/ul>\n<hr\/>\n<p> <b>Ok Fort Myers!<\/b> Ent\u00e3o agora voc\u00ea est\u00e1 por dentro do que est\u00e1 acontecendo hoje. Obrigado pela leitura e at\u00e9 a pr\u00f3xima vez na sua caixa de entrada! <\/p>\n<p> <b>&#8211; A equipe do Patch AM<\/b> <\/p>\n<p> <em>PS A resposta para o enigma de hoje:<\/em> Porque ela j\u00e1 estava empanturrada. <\/p>\n<hr\/>\n<h4>\ud83d\udc49 <strong>Ajude a tornar o Patch AM melhor<\/strong><\/h4>\n<hr\/>\n<p> <a href=\"https:\/\/nextdoor.com\/sharekit\/?source=Fort%20Myers%20Patch%20AM&#038;body=Catch+up+on+what+you+need+to+know+from+the+Fort+Myers+Patch+AM+daily+update%3A+https%3A%2F%2Fpatch.com%2Fflorida%2Ffort-myers&#038;utm_source=patch&#038;utm_medium=email&#038;utm_campaign=pilot\" target=\"_blank\" class=\"text-weight-bold text-green-8 sans\">Compartilhar no NextDoor<\/a>     <a href=\"https:\/\/www.facebook.com\/share.php?u=https:\/\/patch.com\/florida\/fort-myers&#038;title=Catch+up+on+what+you+need+to+know+from+the+Fort+Myers+Patch+AM+daily+update%3A+https%3A%2F%2Fpatch.com%2Fflorida%2Ffort-myers\" target=\"_blank\" class=\"text-weight-bold text-light-blue-10 sans\">Compartilhar no Facebook<\/a><\/p>\n<\/div>\n<p><script async src=\"\/\/platform.twitter.com\/widgets.js\" charset=\"utf-8\"><\/script><br \/>\n<br \/><br \/>\n<br \/><a href=\"http:\/\/patch.com\/florida\/fort-myers\/santa-spreads-cheer-fort-myers-nodx-20241227?utm_source=article-mostrecent&#038;utm_medium=rss&#038;utm_term=community%20corner&#038;utm_campaign=recirc&#038;utm_content=aol\">Source link <\/a><\/p>","protected":false},"excerpt":{"rendered":"<p>\u2615\ufe0f\ufe0f Ei, ei, Fort Myers! Sua fonte completa de not\u00edcias locais est\u00e1 aqui. Continue lendo para todas as atualiza\u00e7\u00f5es. No boletim informativo de hoje: Papai Noel espalha alegria em Fort&hellip;<\/p>","protected":false},"author":1,"featured_media":71100,"comment_status":"closed","ping_status":"open","sticky":false,"template":"","format":"standard","meta":{"content-type":"","footnotes":""},"categories":[1],"tags":[],"class_list":["post-83296","post","type-post","status-publish","format-standard","has-post-thumbnail","hentry","category-uncategorized"],"_links":{"self":[{"href":"https:\/\/tvbrazilusa.com\/pt\/wp-json\/wp\/v2\/posts\/83296","targetHints":{"allow":["GET"]}}],"collection":[{"href":"https:\/\/tvbrazilusa.com\/pt\/wp-json\/wp\/v2\/posts"}],"about":[{"href":"https:\/\/tvbrazilusa.com\/pt\/wp-json\/wp\/v2\/types\/post"}],"author":[{"embeddable":true,"href":"https:\/\/tvbrazilusa.com\/pt\/wp-json\/wp\/v2\/users\/1"}],"replies":[{"embeddable":true,"href":"https:\/\/tvbrazilusa.com\/pt\/wp-json\/wp\/v2\/comments?post=83296"}],"version-history":[{"count":1,"href":"https:\/\/tvbrazilusa.com\/pt\/wp-json\/wp\/v2\/posts\/83296\/revisions"}],"predecessor-version":[{"id":83297,"href":"https:\/\/tvbrazilusa.com\/pt\/wp-json\/wp\/v2\/posts\/83296\/revisions\/83297"}],"wp:featuredmedia":[{"embeddable":true,"href":"https:\/\/tvbrazilusa.com\/pt\/wp-json\/wp\/v2\/media\/71100"}],"wp:attachment":[{"href":"https:\/\/tvbrazilusa.com\/pt\/wp-json\/wp\/v2\/media?parent=83296"}],"wp:term":[{"taxonomy":"category","embeddable":true,"href":"https:\/\/tvbrazilusa.com\/pt\/wp-json\/wp\/v2\/categories?post=83296"},{"taxonomy":"post_tag","embeddable":true,"href":"https:\/\/tvbrazilusa.com\/pt\/wp-json\/wp\/v2\/tags?post=83296"}],"curies":[{"name":"wp","href":"https:\/\/api.w.org\/{rel}","templated":true}]}}