{"id":83303,"date":"2024-12-27T09:53:34","date_gmt":"2024-12-27T09:53:34","guid":{"rendered":"https:\/\/tvbrazilusa.com\/2024\/12\/27\/superintendente-do-dnit-do-maranhao-e-um-psicologo-governo-lula-trocou-engenheiro-por-psicologo\/"},"modified":"2024-12-27T09:53:35","modified_gmt":"2024-12-27T09:53:35","slug":"superintendente-do-dnit-do-maranhao-e-um-psicologo-governo-lula-trocou-engenheiro-por-psicologo","status":"publish","type":"post","link":"https:\/\/tvbrazilusa.com\/pt\/2024\/12\/27\/superintendente-do-dnit-do-maranhao-e-um-psicologo-governo-lula-trocou-engenheiro-por-psicologo\/","title":{"rendered":"Superintendente do Dnit do Maranh\u00e3o \u00e9 um psic\u00f3logo; Governo Lula trocou engenheiro por Psic\u00f3logo"},"content":{"rendered":"<p> <script async src=\"https:\/\/pagead2.googlesyndication.com\/pagead\/js\/adsbygoogle.js?client=ca-pub-8864793242727901\"\r\n     crossorigin=\"anonymous\"><\/script><br \/>\n<\/p>\n<div id=\"taboola-read-more\" style=\"display:block; width:100%\">\n<p>O governo do presidente Lula trocou um engenheiro por um &#8220;psic\u00f3logo atuante na pol\u00edtica&#8221; para comandar o Dnit (Departamento Nacional de Infraestrutura de Transportes) no Maranh\u00e3o. O ex-deputado federal Jo\u00e3o Marcelo Souza foi indicado para a vaga pela fam\u00edlia Sarney.\n<\/p>\n<p>O \u00f3rg\u00e3o de engenharia \u00e9 respons\u00e1vel por fiscalizar, entre outras coisas, a situa\u00e7\u00e3o das pontes no pa\u00eds. No domingo (22), a estrutura que liga o Tocantins ao Maranh\u00e3o desabou matando 8 pessoas \u2014 h\u00e1 outras 5 est\u00e3o desaparecidas.<\/p>\n<p>O decreto 10.829\/21, que disciplina a gest\u00e3o de cargos em comiss\u00e3o e de fun\u00e7\u00f5es de confian\u00e7a na administra\u00e7\u00e3o p\u00fablica federal direta, aut\u00e1rquica (caso do Dnit), diz que essas vagas devem ser ocupadas por quem tenha &#8220;forma\u00e7\u00e3o acad\u00eamica ou perfil profissional compat\u00edvel com o cargo&#8221;.\n<\/p>\n<p>Em 2019, o Dnit do Maranh\u00e3o abriu um processo seletivo para o cargo e incluiu entre os requisitos &#8220;possuir diploma de gradua\u00e7\u00e3o de n\u00edvel superior preferencialmente em engenharia civil&#8221;, al\u00e9m de &#8220;experi\u00eancia m\u00ednima de quatro anos em atividades relacionadas \u00e0s \u00e1reas de atua\u00e7\u00e3o do Dnit&#8221;.\n<\/p>\n<p>Jo\u00e3o Marcelo foi nomeado em dezembro de 2023. Antes dele, a superintend\u00eancia era comandada pelo engenheiro Glauco Silva, funcion\u00e1rio de carreira do Dnit.\n<\/p>\n<p>No curr\u00edculo dispon\u00edvel na p\u00e1gina do Dnit, Jo\u00e3o Marcelo detalha sua experi\u00eancia profissional:\n<\/p>\n<p>&#8220;Um psic\u00f3logo atuante na pol\u00edtica h\u00e1 mais de uma d\u00e9cada, em prol do bem comum para a sociedade, buscando garantir que as pol\u00edticas p\u00fablicas sejam implementadas de forma justa e eficiente. Com uma trajet\u00f3ria marcada pelo trabalho, \u00e9tica e transpar\u00eancia, sempre se dedicou a defender os interesses e as demandas atinentes ao desenvolvimento do Estado do Maranh\u00e3o e do Brasil&#8221;.\n<\/p>\n<p>&#8220;Serra foi ministro da sa\u00fade&#8221;<br \/>Ao UOL Jo\u00e3o Marcelo afirmou que sua indica\u00e7\u00e3o partiu do MDB, por meio do presidente do partido, Baleia Rossi (SP), e que se o crit\u00e9rio da forma\u00e7\u00e3o universit\u00e1ria for aplicado n\u00e3o ficaria ningu\u00e9m no cargo.\n<\/p>\n<p>&#8220;[Jos\u00e9] Serra foi o melhor ministro da Sa\u00fade e n\u00e3o era m\u00e9dico&#8221;, comparou. &#8220;Eu fui deputado federal por oito anos e sempre atuei em todas as \u00e1reas no mandato, o que me qualifica&#8221;, disse.\n<\/p>\n<p>A assessoria do MDB afirmou que a indica\u00e7\u00e3o \u00e9 do MDB do Maranh\u00e3o. A nomea\u00e7\u00e3o foi assinada pelo ministro Renan Filho (Transportes), tamb\u00e9m do MDB.\n<\/p>\n<p>O ex-deputado \u00e9 filho do ex-senador Jo\u00e3o Alberto Souza, que tem fortes rela\u00e7\u00f5es com a fam\u00edlia Sarney (MA).\n<\/p>\n<p>A queda da ponte<br \/>Segundo Jo\u00e3o Marcelo, a responsabilidade pela fiscaliza\u00e7\u00e3o da ponte Juscelino Kubitschek de Oliveira, que liga as cidades de Estreito (MA) e Aguiarn\u00f3polis (TO), pela BR-226, \u00e9 do Dnit do Tocantins.\n<\/p>\n<p>As investiga\u00e7\u00f5es da Pol\u00edcia Federal, contudo, ser\u00e3o conduzidas pelas Superintend\u00eancias Regionais no Maranh\u00e3o e no Tocantins.\n<\/p>\n<p>O superintendente do Dnit-TO, Renan Bezerra de Melo Pereira, \u00e9 engenheiro civil. Um dos requisitos legais para nomea\u00e7\u00e3o \u00e9 &#8220;reputa\u00e7\u00e3o ilibada&#8221;. A Gazeta do Povo revelou hoje que ele \u00e9 r\u00e9u em processo no Tribunal Regional Eleitoral do Tocantins por suspeita de desvio de dinheiro p\u00fablico para financiar campanha no estado em 2017. A coluna n\u00e3o conseguiu contato com Pereira.<\/p>\n<p>Fonte: UOL              <\/p>\n<\/div>\n<p><br \/>\n<br \/><a href=\"https:\/\/diariodobrasilnoticias.com.br\/noticia\/superintendente-do-dnit-do-maranhao-e-um-psicologo-governo-lula-trocou-engenheiro-por-psicologo-676e78754f51d\">Source link <\/a><\/p>","protected":false},"excerpt":{"rendered":"<p>O governo do presidente Lula trocou um engenheiro por um &#8220;psic\u00f3logo atuante na pol\u00edtica&#8221; para comandar o Dnit (Departamento Nacional de Infraestrutura de Transportes) no Maranh\u00e3o. O ex-deputado federal Jo\u00e3o&hellip;<\/p>","protected":false},"author":1,"featured_media":83304,"comment_status":"closed","ping_status":"open","sticky":false,"template":"","format":"standard","meta":{"content-type":"","footnotes":""},"categories":[16],"tags":[123,2448,5313,1267],"class_list":["post-83303","post","type-post","status-publish","format-standard","has-post-thumbnail","hentry","category-noticias","tag-brasil","tag-diario","tag-noticia","tag-noticias"],"_links":{"self":[{"href":"https:\/\/tvbrazilusa.com\/pt\/wp-json\/wp\/v2\/posts\/83303","targetHints":{"allow":["GET"]}}],"collection":[{"href":"https:\/\/tvbrazilusa.com\/pt\/wp-json\/wp\/v2\/posts"}],"about":[{"href":"https:\/\/tvbrazilusa.com\/pt\/wp-json\/wp\/v2\/types\/post"}],"author":[{"embeddable":true,"href":"https:\/\/tvbrazilusa.com\/pt\/wp-json\/wp\/v2\/users\/1"}],"replies":[{"embeddable":true,"href":"https:\/\/tvbrazilusa.com\/pt\/wp-json\/wp\/v2\/comments?post=83303"}],"version-history":[{"count":1,"href":"https:\/\/tvbrazilusa.com\/pt\/wp-json\/wp\/v2\/posts\/83303\/revisions"}],"predecessor-version":[{"id":83305,"href":"https:\/\/tvbrazilusa.com\/pt\/wp-json\/wp\/v2\/posts\/83303\/revisions\/83305"}],"wp:featuredmedia":[{"embeddable":true,"href":"https:\/\/tvbrazilusa.com\/pt\/wp-json\/wp\/v2\/media\/83304"}],"wp:attachment":[{"href":"https:\/\/tvbrazilusa.com\/pt\/wp-json\/wp\/v2\/media?parent=83303"}],"wp:term":[{"taxonomy":"category","embeddable":true,"href":"https:\/\/tvbrazilusa.com\/pt\/wp-json\/wp\/v2\/categories?post=83303"},{"taxonomy":"post_tag","embeddable":true,"href":"https:\/\/tvbrazilusa.com\/pt\/wp-json\/wp\/v2\/tags?post=83303"}],"curies":[{"name":"wp","href":"https:\/\/api.w.org\/{rel}","templated":true}]}}