{"id":83312,"date":"2024-12-27T10:18:36","date_gmt":"2024-12-27T10:18:36","guid":{"rendered":"https:\/\/tvbrazilusa.com\/2024\/12\/27\/medica-descobre-cancer-agressivo-apos-minimizar-dores-nas-costas\/"},"modified":"2024-12-27T10:18:38","modified_gmt":"2024-12-27T10:18:38","slug":"medica-descobre-cancer-agressivo-apos-minimizar-dores-nas-costas","status":"publish","type":"post","link":"https:\/\/tvbrazilusa.com\/pt\/2024\/12\/27\/medica-descobre-cancer-agressivo-apos-minimizar-dores-nas-costas\/","title":{"rendered":"M\u00e9dica descobre c\u00e2ncer agressivo ap\u00f3s minimizar dores nas costas"},"content":{"rendered":"<p> <script async src=\"https:\/\/pagead2.googlesyndication.com\/pagead\/js\/adsbygoogle.js?client=ca-pub-8864793242727901\"\r\n     crossorigin=\"anonymous\"><\/script><br \/>\n<\/p>\n<div>Descoberta de outro c\u00e2ncer e tratamento<br \/>Dezoito meses depois do primeiro tratamento, ela percebeu um caro\u00e7o no seio. Ap\u00f3s exames, foi diagnosticada com sarcoma mieloide, um tumor raro relacionado \u00e0 leucemia.<\/p>\n<p>\u201cOlhando para a literatura, n\u00e3o h\u00e1 cura para o sarcoma mieloide. No mesmo dia que recebi o diagn\u00f3stico, comecei a pesquisar sobre cuidados paliativos e pensei que era o fim da linha. Mas os m\u00e9dicos me perguntaram quanta for\u00e7a eu ainda tinha, e disse a eles: \u2018S\u00f3 estou interessado na cura.\u2019 Eles explicaram que havia uma pequena chance com outro transplante de c\u00e9lulas-tronco\u201d, contou Ellissa.<\/p>\n<p>Ela passou pelo segundo transplante em 2022, seguido por duas rodadas adicionais de quimioterapia. Contra todas as probabilidades, o tratamento teve sucesso, e agora, cinco anos depois, Ellissa est\u00e1 comemorando sua sa\u00fade restaurada.<\/p>\n<p>\u201cEstou com a melhor sa\u00fade que j\u00e1 tive. Esse marco de cinco anos \u00e9 enorme, e me sinto muito sortuda por estar viva. Ter sido paciente mudou a maneira como abordo as pessoas aqui no hostpital\u201d, compartilhou.<\/p>\n<p>A hist\u00f3ria de Ellissa serve de alerta para que as pessoas n\u00e3o ignorem mudan\u00e7as repentinas em seus corpos. \u201cOlho para tr\u00e1s e percebo o qu\u00e3o facilmente poderia ter ignorado os sinais. Por favor, ou\u00e7am o corpo de voc\u00eas, n\u00e3o ignorem os sintomas e perseverem at\u00e9 saber o que est\u00e1 acontecendo\u201d, diz.<\/p>\n<\/div>\n<p><br \/>\n<br \/><a href=\"https:\/\/diariodobrasilnoticias.com.br\/noticia\/medica-descobre-cancer-agressivo-apos-minimizar-dores-nas-costas-676e79605668b\">Source link <\/a><\/p>","protected":false},"excerpt":{"rendered":"<p>Descoberta de outro c\u00e2ncer e tratamentoDezoito meses depois do primeiro tratamento, ela percebeu um caro\u00e7o no seio. Ap\u00f3s exames, foi diagnosticada com sarcoma mieloide, um tumor raro relacionado \u00e0 leucemia.&hellip;<\/p>","protected":false},"author":1,"featured_media":83313,"comment_status":"closed","ping_status":"open","sticky":false,"template":"","format":"standard","meta":{"content-type":"","footnotes":""},"categories":[16],"tags":[123,2448,5313,1267],"class_list":["post-83312","post","type-post","status-publish","format-standard","has-post-thumbnail","hentry","category-noticias","tag-brasil","tag-diario","tag-noticia","tag-noticias"],"_links":{"self":[{"href":"https:\/\/tvbrazilusa.com\/pt\/wp-json\/wp\/v2\/posts\/83312","targetHints":{"allow":["GET"]}}],"collection":[{"href":"https:\/\/tvbrazilusa.com\/pt\/wp-json\/wp\/v2\/posts"}],"about":[{"href":"https:\/\/tvbrazilusa.com\/pt\/wp-json\/wp\/v2\/types\/post"}],"author":[{"embeddable":true,"href":"https:\/\/tvbrazilusa.com\/pt\/wp-json\/wp\/v2\/users\/1"}],"replies":[{"embeddable":true,"href":"https:\/\/tvbrazilusa.com\/pt\/wp-json\/wp\/v2\/comments?post=83312"}],"version-history":[{"count":1,"href":"https:\/\/tvbrazilusa.com\/pt\/wp-json\/wp\/v2\/posts\/83312\/revisions"}],"predecessor-version":[{"id":83314,"href":"https:\/\/tvbrazilusa.com\/pt\/wp-json\/wp\/v2\/posts\/83312\/revisions\/83314"}],"wp:featuredmedia":[{"embeddable":true,"href":"https:\/\/tvbrazilusa.com\/pt\/wp-json\/wp\/v2\/media\/83313"}],"wp:attachment":[{"href":"https:\/\/tvbrazilusa.com\/pt\/wp-json\/wp\/v2\/media?parent=83312"}],"wp:term":[{"taxonomy":"category","embeddable":true,"href":"https:\/\/tvbrazilusa.com\/pt\/wp-json\/wp\/v2\/categories?post=83312"},{"taxonomy":"post_tag","embeddable":true,"href":"https:\/\/tvbrazilusa.com\/pt\/wp-json\/wp\/v2\/tags?post=83312"}],"curies":[{"name":"wp","href":"https:\/\/api.w.org\/{rel}","templated":true}]}}