{"id":83398,"date":"2024-12-27T14:13:11","date_gmt":"2024-12-27T14:13:11","guid":{"rendered":"https:\/\/tvbrazilusa.com\/2024\/12\/27\/rodrigo-faro-perde-acao-contra-globo-apos-polemica-com-morte-de-gugu\/"},"modified":"2024-12-27T14:13:13","modified_gmt":"2024-12-27T14:13:13","slug":"rodrigo-faro-perde-acao-contra-globo-apos-polemica-com-morte-de-gugu","status":"publish","type":"post","link":"https:\/\/tvbrazilusa.com\/pt\/2024\/12\/27\/rodrigo-faro-perde-acao-contra-globo-apos-polemica-com-morte-de-gugu\/","title":{"rendered":"Rodrigo Faro perde a\u00e7\u00e3o contra Globo ap\u00f3s pol\u00eamica com morte de Gugu"},"content":{"rendered":"<p> <script async src=\"https:\/\/pagead2.googlesyndication.com\/pagead\/js\/adsbygoogle.js?client=ca-pub-8864793242727901\"\r\n     crossorigin=\"anonymous\"><\/script><br \/>\n<\/p>\n<div id=\"taboola-read-more\" style=\"display:block; width:100%\">\n<p>A sa\u00edda de Rodrigo Faro da Record pegou muitos f\u00e3s de surpresa. Para al\u00e9m do fim do programa Hora do Faro da grade da emissora, a coluna F\u00e1bia Oliveira descobriu uma outra situa\u00e7\u00e3o dif\u00edcil na vida do apresentador: uma derrota judicial para o Grupo Globo.\n<\/p>\n<p>A trama de Faro com a Justi\u00e7a guarda rela\u00e7\u00e3o com outra partida, de natureza diversa: a de Gugu Liberato. Para quem n\u00e3o lembra, em 2019, logo ap\u00f3s a morte do apresentador, Rodrigo foi capturado pelas c\u00e2meras questionando n\u00fameros do ibope do programa especial em homenagem ao colega. O epis\u00f3dio gerou duras cr\u00edticas.<\/p>\n<p>Ap\u00f3s o programa, o Extra publicou uma mat\u00e9ria que narrava a pol\u00eamica sobre a morte. O apresentador, por sua vez, decidiu processar o Grupo Globo, alegando que esse seria a detentora do site. Na a\u00e7\u00e3o, Rodrigo Faro pediu a exclus\u00e3o imediata do texto, al\u00e9m de R$ 15 mil em indeniza\u00e7\u00f5es.\n<\/p>\n<p>O caso, que j\u00e1 nasceu pol\u00eamico, desandou por completo no \u00faltimo dia 17 de dezembro com a derrota de Rodrigo Faro. O Grupo Globo deixou a a\u00e7\u00e3o ao comprovar que, desde o princ\u00edpio, o apresentador j\u00e1 incorreu em erros. Isso porque, na verdade, a Editora Globo \u00e9 quem \u00e9 a detentora do Extra.\n<\/p>\n<p>Sob o argumento de prote\u00e7\u00e3o \u00e0 liberdade de imprensa, a ju\u00edza do caso associou a atua\u00e7\u00e3o da Editora Globo ao respeito a um Estado Democr\u00e1tico de Direito. Al\u00e9m disso, a magistrada disse n\u00e3o reconhecer abuso ou descuido na not\u00edcia veiculada. A mat\u00e9ria, nesse sentido, seria uma simples reprodu\u00e7\u00e3o dos fatos que realmente ocorreram com Faro.\n<\/p>\n<p>Considerando todas as an\u00e1lises do caso, Rodrigo Faro teve todos os seus pedidos negados. Apesar da perda da a\u00e7\u00e3o, o apresentador ainda est\u00e1 no prazo para recorrer da decis\u00e3o. S\u00f3 nos resta aguardar para saber se o caso seguir\u00e1 caminhando ou se o famoso aceitar\u00e1 a derrota.\n<\/p>\n<p>Com informa\u00e7\u00f5es de Metr\u00f3poles              <\/p>\n<\/div>\n<p><br \/>\n<br \/><a href=\"https:\/\/diariodobrasilnoticias.com.br\/noticia\/rodrigo-faro-perde-acao-contra-globo-apos-polemica-com-morte-de-gugu-676e9b93971ea\">Source link <\/a><\/p>","protected":false},"excerpt":{"rendered":"<p>A sa\u00edda de Rodrigo Faro da Record pegou muitos f\u00e3s de surpresa. Para al\u00e9m do fim do programa Hora do Faro da grade da emissora, a coluna F\u00e1bia Oliveira descobriu&hellip;<\/p>","protected":false},"author":1,"featured_media":83399,"comment_status":"closed","ping_status":"open","sticky":false,"template":"","format":"standard","meta":{"content-type":"","footnotes":""},"categories":[16],"tags":[123,2448,5313,1267],"class_list":["post-83398","post","type-post","status-publish","format-standard","has-post-thumbnail","hentry","category-noticias","tag-brasil","tag-diario","tag-noticia","tag-noticias"],"_links":{"self":[{"href":"https:\/\/tvbrazilusa.com\/pt\/wp-json\/wp\/v2\/posts\/83398","targetHints":{"allow":["GET"]}}],"collection":[{"href":"https:\/\/tvbrazilusa.com\/pt\/wp-json\/wp\/v2\/posts"}],"about":[{"href":"https:\/\/tvbrazilusa.com\/pt\/wp-json\/wp\/v2\/types\/post"}],"author":[{"embeddable":true,"href":"https:\/\/tvbrazilusa.com\/pt\/wp-json\/wp\/v2\/users\/1"}],"replies":[{"embeddable":true,"href":"https:\/\/tvbrazilusa.com\/pt\/wp-json\/wp\/v2\/comments?post=83398"}],"version-history":[{"count":1,"href":"https:\/\/tvbrazilusa.com\/pt\/wp-json\/wp\/v2\/posts\/83398\/revisions"}],"predecessor-version":[{"id":83400,"href":"https:\/\/tvbrazilusa.com\/pt\/wp-json\/wp\/v2\/posts\/83398\/revisions\/83400"}],"wp:featuredmedia":[{"embeddable":true,"href":"https:\/\/tvbrazilusa.com\/pt\/wp-json\/wp\/v2\/media\/83399"}],"wp:attachment":[{"href":"https:\/\/tvbrazilusa.com\/pt\/wp-json\/wp\/v2\/media?parent=83398"}],"wp:term":[{"taxonomy":"category","embeddable":true,"href":"https:\/\/tvbrazilusa.com\/pt\/wp-json\/wp\/v2\/categories?post=83398"},{"taxonomy":"post_tag","embeddable":true,"href":"https:\/\/tvbrazilusa.com\/pt\/wp-json\/wp\/v2\/tags?post=83398"}],"curies":[{"name":"wp","href":"https:\/\/api.w.org\/{rel}","templated":true}]}}