{"id":83407,"date":"2024-12-27T14:25:53","date_gmt":"2024-12-27T14:25:53","guid":{"rendered":"https:\/\/tvbrazilusa.com\/2024\/12\/27\/aviao-declara-emergencia-apos-decolar-e-faz-pouso-forcado\/"},"modified":"2024-12-27T14:25:54","modified_gmt":"2024-12-27T14:25:54","slug":"aviao-declara-emergencia-apos-decolar-e-faz-pouso-forcado","status":"publish","type":"post","link":"https:\/\/tvbrazilusa.com\/pt\/2024\/12\/27\/aviao-declara-emergencia-apos-decolar-e-faz-pouso-forcado\/","title":{"rendered":"Avi\u00e3o declara emerg\u00eancia ap\u00f3s decolar e faz pouso for\u00e7ado"},"content":{"rendered":"<p> <script async src=\"https:\/\/pagead2.googlesyndication.com\/pagead\/js\/adsbygoogle.js?client=ca-pub-8864793242727901\"\r\n     crossorigin=\"anonymous\"><\/script><br \/>\n<\/p>\n<div id=\"taboola-read-more\" style=\"display:block; width:100%\">\n<p>Na noite de quinta-feira, um avi\u00e3o que seguia para Teresina, no Piau\u00ed, precisou retornar ao Aeroporto Internacional de Bras\u00edlia para efetuar um pouso de emerg\u00eancia. Este retorno inesperado foi necess\u00e1rio devido a uma manuten\u00e7\u00e3o corretiva n\u00e3o programada na aeronave, de acordo com informa\u00e7\u00f5es fornecidas pela Latam. Felizmente, o pouso ocorreu sem maiores intercorr\u00eancias, e todos os passageiros desembarcaram em seguran\u00e7a.\n<\/p>\n<p>O incidente ocorreu cerca de 20 minutos ap\u00f3s a decolagem, levando o voo operado pela Latam a solicitar a volta ao aeroporto de origem. Conforme o protocolo de seguran\u00e7a padr\u00e3o, as opera\u00e7\u00f5es a\u00e9reas no terminal foram interrompidas at\u00e9 que a aeronave pudesse pousar com seguran\u00e7a, o que se deu \u00e0s 22h27, ap\u00f3s um breve per\u00edodo de suspens\u00e3o das atividades.<\/p>\n<p>Quais Medidas de Seguran\u00e7a Foram Tomadas?<br \/>Na noite de quinta-feira, um avi\u00e3o que seguia para Teresina, no Piau\u00ed, precisou retornar ao Aeroporto Internacional de Bras\u00edlia para efetuar um pouso de emerg\u00eancia. Este retorno inesperado foi necess\u00e1rio devido a uma manuten\u00e7\u00e3o corretiva n\u00e3o programada na aeronave, de acordo com informa\u00e7\u00f5es fornecidas pela Latam. Felizmente, o pouso ocorreu sem maiores intercorr\u00eancias, e todos os passageiros desembarcaram em seguran\u00e7a.\n<\/p>\n<p>O incidente ocorreu cerca de 20 minutos ap\u00f3s a decolagem, levando o voo operado pela Latam a solicitar a volta ao aeroporto de origem. Conforme o protocolo de seguran\u00e7a padr\u00e3o, as opera\u00e7\u00f5es a\u00e9reas no terminal foram interrompidas at\u00e9 que a aeronave pudesse pousar com seguran\u00e7a, o que se deu \u00e0s 22h27, ap\u00f3s um breve per\u00edodo de suspens\u00e3o das atividades.\n<\/p>\n<p>Quais Medidas de Seguran\u00e7a Foram Tomadas?<br \/>Pr\u00f3ximo v\u00eddeo em 1Cancelar<br \/>A Inframerica, empresa administradora do Aeroporto de Bras\u00edlia, informou que tomou as precau\u00e7\u00f5es necess\u00e1rias para assegurar que o pouso ocorresse de forma segura e sem contratempos. Durante o tempo em que o voo da Latam se preparava para retornar, as opera\u00e7\u00f5es a\u00e9reas em torno do terminal foram temporariamente paralisadas.\n<\/p>\n<p>Tais medidas visam garantir que qualquer situa\u00e7\u00e3o de emerg\u00eancia seja tratada com a m\u00e1xima prioridade, minimizando riscos para passageiros e tripula\u00e7\u00e3o, al\u00e9m de evitar poss\u00edveis incidentes na \u00e1rea do aeroporto. A r\u00e1pida resposta da companhia a\u00e9rea e das autoridades aeroportu\u00e1rias foi crucial para esse desfecho seguro.\n<\/p>\n<p>O Que Acontece Com os Passageiros Atrasados?<br \/>Ap\u00f3s o incidente, a Latam anunciou que todos os passageiros afetados seriam reacomodados em um novo voo. A companhia a\u00e9rea expressou pesar pelos transtornos causados e reafirmou seu compromisso com a seguran\u00e7a como prioridade m\u00e1xima em suas opera\u00e7\u00f5es.\n<\/p>\n<p>As interrup\u00e7\u00f5es de \u00faltima hora e os ajustes necess\u00e1rios s\u00e3o comuns na avia\u00e7\u00e3o, especialmente quando quest\u00f5es de manuten\u00e7\u00e3o est\u00e3o em jogo. A Latam destacou que todas as medidas t\u00e9cnicas e operacionais s\u00e3o implementadas de acordo com rigorosos padr\u00f5es de seguran\u00e7a para assegurar o bem-estar de todos a bordo.\n<\/p>\n<p>Como Funciona a Seguran\u00e7a nos Aeroportos?<br \/>Os aeroportos, como o de Bras\u00edlia, seguem normas r\u00edgidas de seguran\u00e7a que envolvem uma coordena\u00e7\u00e3o eficaz entre diversas autoridades, incluindo a administra\u00e7\u00e3o aeroportu\u00e1ria, companhias a\u00e9reas e controladores de tr\u00e1fego a\u00e9reo. Em situa\u00e7\u00f5es de emerg\u00eancia, como o ocorrido com o avi\u00e3o da Latam, todos esses atores trabalham em conson\u00e2ncia para garantir que as opera\u00e7\u00f5es sejam retomadas com rapidez e seguran\u00e7a.\n<\/p>\n<p>Os protocolos incluem a prepara\u00e7\u00e3o das equipes de emerg\u00eancia no solo, a comunica\u00e7\u00e3o constante entre a aeronave e a torre de controle, e a colabora\u00e7\u00e3o com servi\u00e7os externos, caso necess\u00e1rio. Estas pr\u00e1ticas s\u00e3o fundamentais para evitar incidentes mais graves e s\u00e3o constantemente aprimoradas.\n<\/p>\n<p>Fonte: O antagonista              <\/p>\n<\/div>\n<p><br \/>\n<br \/><a href=\"https:\/\/diariodobrasilnoticias.com.br\/noticia\/aviao-da-latam-faz-pouso-de-emergencia-676ea17523f37\">Source link <\/a><\/p>","protected":false},"excerpt":{"rendered":"<p>Na noite de quinta-feira, um avi\u00e3o que seguia para Teresina, no Piau\u00ed, precisou retornar ao Aeroporto Internacional de Bras\u00edlia para efetuar um pouso de emerg\u00eancia. Este retorno inesperado foi necess\u00e1rio&hellip;<\/p>","protected":false},"author":1,"featured_media":83408,"comment_status":"closed","ping_status":"open","sticky":false,"template":"","format":"standard","meta":{"content-type":"","footnotes":""},"categories":[16],"tags":[123,2448,5313,1267],"class_list":["post-83407","post","type-post","status-publish","format-standard","has-post-thumbnail","hentry","category-noticias","tag-brasil","tag-diario","tag-noticia","tag-noticias"],"_links":{"self":[{"href":"https:\/\/tvbrazilusa.com\/pt\/wp-json\/wp\/v2\/posts\/83407","targetHints":{"allow":["GET"]}}],"collection":[{"href":"https:\/\/tvbrazilusa.com\/pt\/wp-json\/wp\/v2\/posts"}],"about":[{"href":"https:\/\/tvbrazilusa.com\/pt\/wp-json\/wp\/v2\/types\/post"}],"author":[{"embeddable":true,"href":"https:\/\/tvbrazilusa.com\/pt\/wp-json\/wp\/v2\/users\/1"}],"replies":[{"embeddable":true,"href":"https:\/\/tvbrazilusa.com\/pt\/wp-json\/wp\/v2\/comments?post=83407"}],"version-history":[{"count":1,"href":"https:\/\/tvbrazilusa.com\/pt\/wp-json\/wp\/v2\/posts\/83407\/revisions"}],"predecessor-version":[{"id":83409,"href":"https:\/\/tvbrazilusa.com\/pt\/wp-json\/wp\/v2\/posts\/83407\/revisions\/83409"}],"wp:featuredmedia":[{"embeddable":true,"href":"https:\/\/tvbrazilusa.com\/pt\/wp-json\/wp\/v2\/media\/83408"}],"wp:attachment":[{"href":"https:\/\/tvbrazilusa.com\/pt\/wp-json\/wp\/v2\/media?parent=83407"}],"wp:term":[{"taxonomy":"category","embeddable":true,"href":"https:\/\/tvbrazilusa.com\/pt\/wp-json\/wp\/v2\/categories?post=83407"},{"taxonomy":"post_tag","embeddable":true,"href":"https:\/\/tvbrazilusa.com\/pt\/wp-json\/wp\/v2\/tags?post=83407"}],"curies":[{"name":"wp","href":"https:\/\/api.w.org\/{rel}","templated":true}]}}