{"id":83439,"date":"2024-12-27T15:18:45","date_gmt":"2024-12-27T15:18:45","guid":{"rendered":"https:\/\/tvbrazilusa.com\/2024\/12\/27\/saiba-quanto-a-pf-retirou-em-bens-do-crime-organizado-em-2024\/"},"modified":"2024-12-27T15:18:46","modified_gmt":"2024-12-27T15:18:46","slug":"saiba-quanto-a-pf-retirou-em-bens-do-crime-organizado-em-2024","status":"publish","type":"post","link":"https:\/\/tvbrazilusa.com\/pt\/2024\/12\/27\/saiba-quanto-a-pf-retirou-em-bens-do-crime-organizado-em-2024\/","title":{"rendered":"Saiba quanto a PF retirou em bens do crime organizado em 2024"},"content":{"rendered":"<p> <script async src=\"https:\/\/pagead2.googlesyndication.com\/pagead\/js\/adsbygoogle.js?client=ca-pub-8864793242727901\"\r\n     crossorigin=\"anonymous\"><\/script><br \/>\n<\/p>\n<div id=\"taboola-read-more\" style=\"display:block; width:100%\">\n<p>O diretor-geral da Pol\u00edcia Federal, Andrei Passos Rodrigues, afirmou nesta sexta-feira (27) que a corpora\u00e7\u00e3o retirou mais de R$ 4 bilh\u00f5es em bens do crime organizado ao longo de 2024. A declara\u00e7\u00e3o foi feita durante entrevista ao programa\u00a0<em>Em Ponto<\/em>\u00a0da GloboNews. Rodrigues destacou que o n\u00famero de apreens\u00f5es ainda n\u00e3o est\u00e1 fechado, j\u00e1 que h\u00e1 opera\u00e7\u00f5es em andamento, e que, at\u00e9 o momento, foram realizadas mais de 2,5 mil opera\u00e7\u00f5es.\n<\/p>\n<p>Em compara\u00e7\u00e3o com 2022, antes de sua gest\u00e3o, o valor apreendido anualmente era inferior a R$ 700 milh\u00f5es, o que representa um crescimento superior a 60%. O diretor-geral ressaltou que a PF passou de apreens\u00f5es de R$ 600 milh\u00f5es ou R$ 700 milh\u00f5es para mais de R$ 4 bilh\u00f5es em 2024.<\/p>\n<p>Rodrigues tamb\u00e9m mencionou a cria\u00e7\u00e3o das 33 for\u00e7as integradas de combate ao crime organizado, com atua\u00e7\u00e3o em todos os estados, incluindo capitais e cidades do interior. Nesse esfor\u00e7o, mais de 300 opera\u00e7\u00f5es foram realizadas, resultando na pris\u00e3o de mais de 1.000 pessoas em colabora\u00e7\u00e3o com as pol\u00edcias estaduais.\n<\/p>\n<p>Al\u00e9m disso, o diretor anunciou que a Pol\u00edcia Federal solicitou o adiamento por seis meses da sua responsabilidade na fiscaliza\u00e7\u00e3o das licen\u00e7as para Colecionadores de Armas de Fogo, Tiro Desportivo e Ca\u00e7a (CACs). Um novo acordo entre o Minist\u00e9rio da Defesa e o Minist\u00e9rio da Justi\u00e7a, que ser\u00e1 formalizado ainda nesta sexta-feira, vai garantir a prorroga\u00e7\u00e3o da transi\u00e7\u00e3o at\u00e9 2025. A falta de recursos e pessoal foi apontada como um dos motivos para o pedido de adiamento.\n<\/p>\n<p>A fiscaliza\u00e7\u00e3o, que estava prevista para come\u00e7ar em janeiro de 2025, passar\u00e1 a ser de responsabilidade da Pol\u00edcia Federal, conforme decreto assinado pelo presidente Luiz In\u00e1cio Lula da Silva (PT) em julho de 2023. Com isso, a concess\u00e3o, controle e fiscaliza\u00e7\u00e3o dos CACs deixar\u00e3o de ser realizadas pelo Ex\u00e9rcito Brasileiro.<\/p>\n<p>Fonte: Gazeta Brasil              <\/p>\n<\/div>\n<p><br \/>\n<br \/><a href=\"https:\/\/diariodobrasilnoticias.com.br\/noticia\/saiba-quanto-a-pf-retirou-em-bens-do-crime-organizado-em-2024-676ea783b1a7f\">Source link <\/a><\/p>","protected":false},"excerpt":{"rendered":"<p>O diretor-geral da Pol\u00edcia Federal, Andrei Passos Rodrigues, afirmou nesta sexta-feira (27) que a corpora\u00e7\u00e3o retirou mais de R$ 4 bilh\u00f5es em bens do crime organizado ao longo de 2024.&hellip;<\/p>","protected":false},"author":1,"featured_media":83440,"comment_status":"closed","ping_status":"open","sticky":false,"template":"","format":"standard","meta":{"content-type":"","footnotes":""},"categories":[16],"tags":[123,2448,5313,1267],"class_list":["post-83439","post","type-post","status-publish","format-standard","has-post-thumbnail","hentry","category-noticias","tag-brasil","tag-diario","tag-noticia","tag-noticias"],"_links":{"self":[{"href":"https:\/\/tvbrazilusa.com\/pt\/wp-json\/wp\/v2\/posts\/83439","targetHints":{"allow":["GET"]}}],"collection":[{"href":"https:\/\/tvbrazilusa.com\/pt\/wp-json\/wp\/v2\/posts"}],"about":[{"href":"https:\/\/tvbrazilusa.com\/pt\/wp-json\/wp\/v2\/types\/post"}],"author":[{"embeddable":true,"href":"https:\/\/tvbrazilusa.com\/pt\/wp-json\/wp\/v2\/users\/1"}],"replies":[{"embeddable":true,"href":"https:\/\/tvbrazilusa.com\/pt\/wp-json\/wp\/v2\/comments?post=83439"}],"version-history":[{"count":1,"href":"https:\/\/tvbrazilusa.com\/pt\/wp-json\/wp\/v2\/posts\/83439\/revisions"}],"predecessor-version":[{"id":83441,"href":"https:\/\/tvbrazilusa.com\/pt\/wp-json\/wp\/v2\/posts\/83439\/revisions\/83441"}],"wp:featuredmedia":[{"embeddable":true,"href":"https:\/\/tvbrazilusa.com\/pt\/wp-json\/wp\/v2\/media\/83440"}],"wp:attachment":[{"href":"https:\/\/tvbrazilusa.com\/pt\/wp-json\/wp\/v2\/media?parent=83439"}],"wp:term":[{"taxonomy":"category","embeddable":true,"href":"https:\/\/tvbrazilusa.com\/pt\/wp-json\/wp\/v2\/categories?post=83439"},{"taxonomy":"post_tag","embeddable":true,"href":"https:\/\/tvbrazilusa.com\/pt\/wp-json\/wp\/v2\/tags?post=83439"}],"curies":[{"name":"wp","href":"https:\/\/api.w.org\/{rel}","templated":true}]}}