{"id":83457,"date":"2024-12-27T16:06:51","date_gmt":"2024-12-27T16:06:51","guid":{"rendered":"https:\/\/tvbrazilusa.com\/2024\/12\/27\/social-e-de-servico-separacao-de-elevadores-fica-proibida-entenda\/"},"modified":"2024-12-27T16:06:53","modified_gmt":"2024-12-27T16:06:53","slug":"social-e-de-servico-separacao-de-elevadores-fica-proibida-entenda","status":"publish","type":"post","link":"https:\/\/tvbrazilusa.com\/pt\/2024\/12\/27\/social-e-de-servico-separacao-de-elevadores-fica-proibida-entenda\/","title":{"rendered":"&#8216;Social&#8217; e &#8216;de servi\u00e7o&#8217;: separa\u00e7\u00e3o de elevadores fica proibida; ENTENDA"},"content":{"rendered":"<p> <script async src=\"https:\/\/pagead2.googlesyndication.com\/pagead\/js\/adsbygoogle.js?client=ca-pub-8864793242727901\"\r\n     crossorigin=\"anonymous\"><\/script><br \/>\n<br \/>Lei publicada nessa 5\u00aa pro\u00edbe uso das denomina\u00e7\u00f5es \u201csocial\u201d e \u201cde servi\u00e7o\u201d para elevadores em pr\u00e9dios p\u00fablicos e privados da capital federal<br \/>\n<br \/><br \/>\n<br \/><a href=\"https:\/\/diariodobrasilnoticias.com.br\/noticia\/-social-e-de-servico-separacao-de-elevadores-fica-proibida-entenda-676ead37b92a0\">Source link <\/a><\/p>","protected":false},"excerpt":{"rendered":"<p>Lei publicada nessa 5\u00aa pro\u00edbe uso das denomina\u00e7\u00f5es \u201csocial\u201d e \u201cde servi\u00e7o\u201d para elevadores em pr\u00e9dios p\u00fablicos e privados da capital federal Source link<\/p>","protected":false},"author":1,"featured_media":83458,"comment_status":"closed","ping_status":"open","sticky":false,"template":"","format":"standard","meta":{"content-type":"","footnotes":""},"categories":[16],"tags":[123,2448,5313,1267],"class_list":["post-83457","post","type-post","status-publish","format-standard","has-post-thumbnail","hentry","category-noticias","tag-brasil","tag-diario","tag-noticia","tag-noticias"],"_links":{"self":[{"href":"https:\/\/tvbrazilusa.com\/pt\/wp-json\/wp\/v2\/posts\/83457","targetHints":{"allow":["GET"]}}],"collection":[{"href":"https:\/\/tvbrazilusa.com\/pt\/wp-json\/wp\/v2\/posts"}],"about":[{"href":"https:\/\/tvbrazilusa.com\/pt\/wp-json\/wp\/v2\/types\/post"}],"author":[{"embeddable":true,"href":"https:\/\/tvbrazilusa.com\/pt\/wp-json\/wp\/v2\/users\/1"}],"replies":[{"embeddable":true,"href":"https:\/\/tvbrazilusa.com\/pt\/wp-json\/wp\/v2\/comments?post=83457"}],"version-history":[{"count":1,"href":"https:\/\/tvbrazilusa.com\/pt\/wp-json\/wp\/v2\/posts\/83457\/revisions"}],"predecessor-version":[{"id":83459,"href":"https:\/\/tvbrazilusa.com\/pt\/wp-json\/wp\/v2\/posts\/83457\/revisions\/83459"}],"wp:featuredmedia":[{"embeddable":true,"href":"https:\/\/tvbrazilusa.com\/pt\/wp-json\/wp\/v2\/media\/83458"}],"wp:attachment":[{"href":"https:\/\/tvbrazilusa.com\/pt\/wp-json\/wp\/v2\/media?parent=83457"}],"wp:term":[{"taxonomy":"category","embeddable":true,"href":"https:\/\/tvbrazilusa.com\/pt\/wp-json\/wp\/v2\/categories?post=83457"},{"taxonomy":"post_tag","embeddable":true,"href":"https:\/\/tvbrazilusa.com\/pt\/wp-json\/wp\/v2\/tags?post=83457"}],"curies":[{"name":"wp","href":"https:\/\/api.w.org\/{rel}","templated":true}]}}