{"id":83466,"date":"2024-12-27T16:24:03","date_gmt":"2024-12-27T16:24:03","guid":{"rendered":"https:\/\/tvbrazilusa.com\/2024\/12\/27\/emendas-lira-refuta-irregularidades-em-resposta-encaminhada-a-dino\/"},"modified":"2024-12-27T16:24:05","modified_gmt":"2024-12-27T16:24:05","slug":"emendas-lira-refuta-irregularidades-em-resposta-encaminhada-a-dino","status":"publish","type":"post","link":"https:\/\/tvbrazilusa.com\/pt\/2024\/12\/27\/emendas-lira-refuta-irregularidades-em-resposta-encaminhada-a-dino\/","title":{"rendered":"Emendas: Lira refuta irregularidades em resposta encaminhada a Dino"},"content":{"rendered":"<p> <script async src=\"https:\/\/pagead2.googlesyndication.com\/pagead\/js\/adsbygoogle.js?client=ca-pub-8864793242727901\"\r\n     crossorigin=\"anonymous\"><\/script><br \/>\n<\/p>\n<div id=\"taboola-read-more\" style=\"display:block; width:100%\">\n<p>O presidente da C\u00e2mara dos Deputados, Arthur Lira (PP-AL), negou qualquer irregularidade no uso das emendas de comiss\u00e3o que foram bloqueadas neste fim de ano pelo ministro Fl\u00e1vio Dino, do Supremo Tribunal Federal (STF).\n<\/p>\n<p>Nesta quinta-feira, 26, Lira realizou duas reuni\u00f5es para tratar do bloqueio de R$ 4,2 bilh\u00f5es das emendas de comiss\u00e3o. A primeira ocorreu na resid\u00eancia oficial, com l\u00edderes partid\u00e1rios e, a segunda, com o presidente Lula, no Pal\u00e1cio da Alvorada.<\/p>\n<p>Depois das reuni\u00f5es, o alagoano anunciou que iria peticionar, nesta sexta-feira, 27, um documento com os esclarecimentos sobre o uso do recurso. Lira afirmou que o documento visa a sanar \u201ctodos os pontos da decis\u00e3o dele para que tirem todas as d\u00favidas com rela\u00e7\u00e3o a todos os assuntos por todos levantados\u201d.\n<\/p>\n<p>\u201cO procedimento de encaminhamento da rela\u00e7\u00e3o de apadrinhamento obedeceu crit\u00e9rios rigorosos de an\u00e1lise da SAJ [Secretaria Especial para Assuntos Jur\u00eddicos], do Minist\u00e9rio da Fazenda, Planejamento e AGU [Advocacia-Geral da Uni\u00e3o]\u201d, acrescentou o progressista.\n<\/p>\n<p>Emendas n\u00e3o desobedeceram decis\u00f5es judiciais<br \/>O presidente da C\u00e2mara prestou os esclarecimentos por meio de documento produzido pela Advocacia da C\u00e2mara dos Deputados, enviado nesta manh\u00e3 ao STF. No documento, Lira tamb\u00e9m pede a libera\u00e7\u00e3o de pagamento do recurso.\n<\/p>\n<p>\u201cOcorre que, como uma emenda de comiss\u00e3o \u00e9 feita em face de uma a\u00e7\u00e3o or\u00e7ament\u00e1ria nacional, pode ser direcionada a diversos benefici\u00e1rios\u201d, informou a peti\u00e7\u00e3o. \u201cAs emendas s\u00e3o aprovadas durante o processo de aprecia\u00e7\u00e3o da Lei Or\u00e7ament\u00e1ria Anual. Assim, a aprova\u00e7\u00e3o das emendas referidas se deu no ciclo legislativo or\u00e7ament\u00e1rio do ano de 2023. N\u00e3o h\u00e1 de se confundir a aprova\u00e7\u00e3o das emendas com a indica\u00e7\u00e3o dos projetos destinat\u00e1rios, o que ocorre no momento do acompanhamento pelo Legislativo da Execu\u00e7\u00e3o do Or\u00e7amento.\u201d\n<\/p>\n<p>Al\u00e9m disso, o documento destacou que a \u201caprova\u00e7\u00e3o das emendas pelas Comiss\u00f5es se d\u00e1 a partir de sugest\u00f5es feitas por parlamentares e aprovadas formalmente pelos colegiados\u201d. Nesse sentido, depois de sua aprova\u00e7\u00e3o e san\u00e7\u00e3o, \u201cocorrem as indica\u00e7\u00f5es ao Poder Executivo que, de acordo com a LDO para o exerc\u00edcio de 2024, n\u00e3o t\u00eam car\u00e1ter vinculante\u201d.\n<\/p>\n<p>O \u00f3rg\u00e3o tamb\u00e9m afirmou que a suspens\u00e3o das comiss\u00f5es teve como objetivo priorizar a pauta de vota\u00e7\u00f5es e garantiu que as indica\u00e7\u00f5es dos recursos ocorreram dentro da legalidade. O documento tamb\u00e9m seguiu para a Secretaria de Rela\u00e7\u00f5es Institucionais do governo do presidente Lula.\n<\/p>\n<p>A C\u00e2mara ressaltou que n\u00e3o desobedeceu \u00e0s decis\u00f5es judiciais. O texto afirmou que a institui\u00e7\u00e3o mant\u00e9m di\u00e1logo institucional com os Poderes Executivo e Judici\u00e1rio. O objetivo \u00e9 melhorar a transpar\u00eancia e a efici\u00eancia no processo de elabora\u00e7\u00e3o e execu\u00e7\u00e3o do or\u00e7amento.\n<\/p>\n<p>Na segunda-feira 23, o ministro Fl\u00e1vio Dino determinou a suspens\u00e3o dos pagamentos pela segunda vez neste ano. Dessa vez, a decis\u00e3o ocorreu logo depois da aprova\u00e7\u00e3o do pacote de corte de gastos e atendeu a um pedido do Psol.\n<\/p>\n<p>Al\u00e9m da suspens\u00e3o, o ministro autorizou uma investiga\u00e7\u00e3o pela Pol\u00edcia Federal (PF) depois de Lira ter cancelado a \u00faltima semana de reuni\u00f5es das comiss\u00f5es para aprovar os \u00faltimos projetos em plen\u00e1rio. Entre eles, estavam as tr\u00eas propostas do governo Lula sobre o chamado \u201cpacote do corte de gastos\u201d.\n<\/p>\n<p>Fonte: Revista Oeste              <\/p>\n<\/div>\n<p><br \/>\n<br \/><a href=\"https:\/\/diariodobrasilnoticias.com.br\/noticia\/emendas-lira-refuta-irregularidades-em-resposta-encaminhada-a-dino-676eb164c92c7\">Source link <\/a><\/p>","protected":false},"excerpt":{"rendered":"<p>O presidente da C\u00e2mara dos Deputados, Arthur Lira (PP-AL), negou qualquer irregularidade no uso das emendas de comiss\u00e3o que foram bloqueadas neste fim de ano pelo ministro Fl\u00e1vio Dino, do&hellip;<\/p>","protected":false},"author":1,"featured_media":83467,"comment_status":"closed","ping_status":"open","sticky":false,"template":"","format":"standard","meta":{"content-type":"","footnotes":""},"categories":[16],"tags":[123,2448,5313,1267],"class_list":["post-83466","post","type-post","status-publish","format-standard","has-post-thumbnail","hentry","category-noticias","tag-brasil","tag-diario","tag-noticia","tag-noticias"],"_links":{"self":[{"href":"https:\/\/tvbrazilusa.com\/pt\/wp-json\/wp\/v2\/posts\/83466","targetHints":{"allow":["GET"]}}],"collection":[{"href":"https:\/\/tvbrazilusa.com\/pt\/wp-json\/wp\/v2\/posts"}],"about":[{"href":"https:\/\/tvbrazilusa.com\/pt\/wp-json\/wp\/v2\/types\/post"}],"author":[{"embeddable":true,"href":"https:\/\/tvbrazilusa.com\/pt\/wp-json\/wp\/v2\/users\/1"}],"replies":[{"embeddable":true,"href":"https:\/\/tvbrazilusa.com\/pt\/wp-json\/wp\/v2\/comments?post=83466"}],"version-history":[{"count":1,"href":"https:\/\/tvbrazilusa.com\/pt\/wp-json\/wp\/v2\/posts\/83466\/revisions"}],"predecessor-version":[{"id":83468,"href":"https:\/\/tvbrazilusa.com\/pt\/wp-json\/wp\/v2\/posts\/83466\/revisions\/83468"}],"wp:featuredmedia":[{"embeddable":true,"href":"https:\/\/tvbrazilusa.com\/pt\/wp-json\/wp\/v2\/media\/83467"}],"wp:attachment":[{"href":"https:\/\/tvbrazilusa.com\/pt\/wp-json\/wp\/v2\/media?parent=83466"}],"wp:term":[{"taxonomy":"category","embeddable":true,"href":"https:\/\/tvbrazilusa.com\/pt\/wp-json\/wp\/v2\/categories?post=83466"},{"taxonomy":"post_tag","embeddable":true,"href":"https:\/\/tvbrazilusa.com\/pt\/wp-json\/wp\/v2\/tags?post=83466"}],"curies":[{"name":"wp","href":"https:\/\/api.w.org\/{rel}","templated":true}]}}