{"id":83478,"date":"2024-12-27T16:46:43","date_gmt":"2024-12-27T16:46:43","guid":{"rendered":"https:\/\/tvbrazilusa.com\/2024\/12\/27\/drone-equipado-com-camera-termica-localiza-idoso-desaparecido-ha-dois-dias-em-mata\/"},"modified":"2024-12-27T16:46:45","modified_gmt":"2024-12-27T16:46:45","slug":"drone-equipado-com-camera-termica-localiza-idoso-desaparecido-ha-dois-dias-em-mata","status":"publish","type":"post","link":"https:\/\/tvbrazilusa.com\/pt\/2024\/12\/27\/drone-equipado-com-camera-termica-localiza-idoso-desaparecido-ha-dois-dias-em-mata\/","title":{"rendered":"Drone equipado com c\u00e2mera t\u00e9rmica localiza idoso desaparecido h\u00e1 dois dias em mata"},"content":{"rendered":"<p> <script async src=\"https:\/\/pagead2.googlesyndication.com\/pagead\/js\/adsbygoogle.js?client=ca-pub-8864793242727901\"\r\n     crossorigin=\"anonymous\"><\/script><br \/>\n<\/p>\n<div>\n<figure class=\"post-image\">\n<\/figure>\n<p>            <span style=\"font-size: 12px\">Reprodu\u00e7\u00e3o\/X<\/span><\/p>\n<p>            <!-- end metas --><br \/>\n            <!-- ADS --><\/p>\n<div id=\"taboola-read-more\" style=\"display:block; width:100%\">\n<p>As equipes de resgate j\u00e1 come\u00e7avam a perder as esperan\u00e7as de encontrar um homem de 78 anos, com quadro de dem\u00eancia, que havia sumido dois dias antes, na noite de 23 de dezembro, numa \u00e1rea de floresta em Malibu (Calif\u00f3rnia, EUA), cidade a oeste de Los Angeles. Ele havia desaparecido ap\u00f3s sair de casa para pegar correspond\u00eancia\n<\/p>\n<p>Foi quando os socorrista decidiram usar um equipamento novo: um drone equipado com c\u00e2mera de imagem t\u00e9rmica.<\/p>\n<p>Na noite do dia 25, o idoso foi finalmente encontrado gra\u00e7as \u00e0 tecnologia empregada na miss\u00e3o de resgate.\n<\/p>\n<p>Na rede X, a Equipe de Busca e Resgate de Malibu compartilhou fotos da opera\u00e7\u00e3o. Entre elas, havia uma tela cinza granulada com uma imagem vermelha do homem ca\u00eddo no mato. Era o desaparecido, identificado pelo calor corporal.\n<\/p>\n<p>&#8220;Ao chegar ao local, os socorristas observaram o homem desaparecido sofrendo de resfriado, confuso e incapaz de andar. Ele foi avaliado, enrolado em um cobertor e colocado em uma cesta de resgate&#8221;, acrescentou a postagem.\n<\/p>\n<div class=\"cropped-block\">\n<div class=\"mc-column content-text active-extra-styles\" data-block-type=\"unstyled\" data-block-weight=\"20\" data-block-id=\"8\">\n<p class=\"content-text__container\" data-track-category=\"Link no Texto\" data-track-links=\"\" data-mrf-recirculation=\"Article links\">O Departamento do Xerife do Condado de Los Angeles mostrou que drones, bem utilizados, t\u00eam grande serventia para a sociedade.\n<\/p>\n<\/div>\n<\/div>\n<div class=\"cropped-block\" data-track-category=\"multicontent\" data-track-action=\"ultimo chunk conteudo\" data-track-noninteraction=\"false\" data-track-scroll=\"view\">\n<div class=\"mc-column content-text active-extra-styles\" data-block-type=\"unstyled\" data-block-weight=\"12\" data-block-id=\"9\">\n<p class=\"content-text__container\" data-track-category=\"Link no Texto\" data-track-links=\"\" data-mrf-recirculation=\"Article links\">&#8220;Foi um milagre de fim de ano&#8221;, escreveu o departamento no X.\n<\/p>\n<p class=\"content-text__container\" data-track-category=\"Link no Texto\" data-track-links=\"\" data-mrf-recirculation=\"Article links\">\u00a0\n<\/p>\n<p class=\"content-text__container\" data-track-category=\"Link no Texto\" data-track-links=\"\" data-mrf-recirculation=\"Article links\">Fonte: Extra\n<\/p>\n<\/div>\n<\/div><\/div>\n<p>                        <!-- Scripts para conteudo --><\/p>\n<p>            <!-- .\/Scripts para conteudo --><br \/>\n            <!-- .\/Mat\u00e9ria --><\/p>\n<div class=\"row mt-3\">\n<div class=\"col-sm-6\">\n                <!-- Whatsapp channel 3--><br \/>\n                <a href=\"https:\/\/chat.whatsapp.com\/B8Qy6Erx4kb6yTzj3kaDco\" target=\"_blank\"><br \/>\n                  <img decoding=\"async\" src=\"https:\/\/diariodobrasilnoticias.com.br\/assets-site\/images\/bot_whatsapp.png\"\/><\/a>\n              <\/div>\n<div class=\"col-sm-6\">\n                <a href=\"https:\/\/t.me\/+_4gTmi5LKo03OTM5\" target=\"_blank\"><br \/>\n                  <img decoding=\"async\" src=\"https:\/\/diariodobrasilnoticias.com.br\/assets-site\/images\/bot_telegram.png\"\/><\/a>\n              <\/div>\n<\/p><\/div>\n<p>            <!-- end post-navigation --><\/p>\n<p>              <!-- end row --><\/p>\n<p>              <!-- end col-12-->\n                      <\/div>\n<p><br \/>\n<br \/><a href=\"https:\/\/diariodobrasilnoticias.com.br\/noticia\/drone-equipado-com-camera-termica-localiza-idoso-desaparecido-ha-dois-dias-em-mata-676eb65873c5e\">Source link <\/a><\/p>","protected":false},"excerpt":{"rendered":"<p>Reprodu\u00e7\u00e3o\/X As equipes de resgate j\u00e1 come\u00e7avam a perder as esperan\u00e7as de encontrar um homem de 78 anos, com quadro de dem\u00eancia, que havia sumido dois dias antes, na noite&hellip;<\/p>","protected":false},"author":1,"featured_media":83479,"comment_status":"closed","ping_status":"open","sticky":false,"template":"","format":"standard","meta":{"content-type":"","footnotes":""},"categories":[16],"tags":[123,2448,5313,1267],"class_list":["post-83478","post","type-post","status-publish","format-standard","has-post-thumbnail","hentry","category-noticias","tag-brasil","tag-diario","tag-noticia","tag-noticias"],"_links":{"self":[{"href":"https:\/\/tvbrazilusa.com\/pt\/wp-json\/wp\/v2\/posts\/83478","targetHints":{"allow":["GET"]}}],"collection":[{"href":"https:\/\/tvbrazilusa.com\/pt\/wp-json\/wp\/v2\/posts"}],"about":[{"href":"https:\/\/tvbrazilusa.com\/pt\/wp-json\/wp\/v2\/types\/post"}],"author":[{"embeddable":true,"href":"https:\/\/tvbrazilusa.com\/pt\/wp-json\/wp\/v2\/users\/1"}],"replies":[{"embeddable":true,"href":"https:\/\/tvbrazilusa.com\/pt\/wp-json\/wp\/v2\/comments?post=83478"}],"version-history":[{"count":1,"href":"https:\/\/tvbrazilusa.com\/pt\/wp-json\/wp\/v2\/posts\/83478\/revisions"}],"predecessor-version":[{"id":83480,"href":"https:\/\/tvbrazilusa.com\/pt\/wp-json\/wp\/v2\/posts\/83478\/revisions\/83480"}],"wp:featuredmedia":[{"embeddable":true,"href":"https:\/\/tvbrazilusa.com\/pt\/wp-json\/wp\/v2\/media\/83479"}],"wp:attachment":[{"href":"https:\/\/tvbrazilusa.com\/pt\/wp-json\/wp\/v2\/media?parent=83478"}],"wp:term":[{"taxonomy":"category","embeddable":true,"href":"https:\/\/tvbrazilusa.com\/pt\/wp-json\/wp\/v2\/categories?post=83478"},{"taxonomy":"post_tag","embeddable":true,"href":"https:\/\/tvbrazilusa.com\/pt\/wp-json\/wp\/v2\/tags?post=83478"}],"curies":[{"name":"wp","href":"https:\/\/api.w.org\/{rel}","templated":true}]}}