{"id":83493,"date":"2024-12-27T17:12:58","date_gmt":"2024-12-27T17:12:58","guid":{"rendered":"https:\/\/tvbrazilusa.com\/2024\/12\/27\/crianca-e-expulsa-de-casa-por-denunciar-abuso-do-padrasto\/"},"modified":"2024-12-27T17:13:00","modified_gmt":"2024-12-27T17:13:00","slug":"crianca-e-expulsa-de-casa-por-denunciar-abuso-do-padrasto","status":"publish","type":"post","link":"https:\/\/tvbrazilusa.com\/pt\/2024\/12\/27\/crianca-e-expulsa-de-casa-por-denunciar-abuso-do-padrasto\/","title":{"rendered":"Crian\u00e7a \u00e9 expulsa de casa por denunciar abuso do padrasto"},"content":{"rendered":"<p> <script async src=\"https:\/\/pagead2.googlesyndication.com\/pagead\/js\/adsbygoogle.js?client=ca-pub-8864793242727901\"\r\n     crossorigin=\"anonymous\"><\/script><br \/>\n<\/p>\n<div id=\"taboola-read-more\" style=\"display:block; width:100%\">\n<p>Em um epis\u00f3dio alarmante de abuso e neglig\u00eancia, a cidade de Caldas Novas, localizada na regi\u00e3o sul de Goi\u00e1s, testemunhou um caso perturbador envolvendo uma crian\u00e7a de apenas 9 anos. A Pol\u00edcia Civil de Goi\u00e1s (PC-GO) foi notificada ap\u00f3s a den\u00fancia de que a crian\u00e7a estava sendo v\u00edtima de abuso sexual pelo padrasto. Este caso ganha ainda mais gravidade pelo fato de a m\u00e3e da crian\u00e7a ter optado por expuls\u00e1-la de casa ao saber das acusa\u00e7\u00f5es.\n<\/p>\n<p>Conforme informa\u00e7\u00f5es prestadas pelo delegado Andr\u00e9 Barbosa, autoridade \u00e0 frente da investiga\u00e7\u00e3o, a m\u00e3e da crian\u00e7a, que possui 27 anos, chegou a ser detida. No entanto, ela foi liberada posteriormente durante a audi\u00eancia de cust\u00f3dia. O padrasto, apontado como autor dos abusos e que tem 23 anos, ainda n\u00e3o foi localizado pelas autoridades e segue foragido.<\/p>\n<p>Qual \u00e9 a situa\u00e7\u00e3o das crian\u00e7as envolvidas?\n<\/p>\n<p>Os fatos vieram \u00e0 tona quando uma vizinha, que abrigou a crian\u00e7a de 9 anos ap\u00f3s a expuls\u00e3o, acionou a pol\u00edcia. Durante a abordagem, os policiais constataram uma cena preocupante: outras tr\u00eas crian\u00e7as estavam sozinhas na resid\u00eancia, incluindo um beb\u00ea de sete meses e duas crian\u00e7as com idades entre dois e cinco anos. A m\u00e3e justificou sua aus\u00eancia ao afirmar que estaria procurando a filha que havia sa\u00eddo de casa.\n<\/p>\n<p>As crian\u00e7as foram, ent\u00e3o, colocadas sob a prote\u00e7\u00e3o do Conselho Tutelar e, subsequentemente, entregues aos cuidados da av\u00f3 materna. A pr\u00f3xima etapa do procedimento legal ser\u00e1 a decis\u00e3o sobre a guarda dessas crian\u00e7as, que ficar\u00e1 a cargo da vara de inf\u00e2ncia e juventude.\n<\/p>\n<p>Investiga\u00e7\u00f5es e Exames<br \/>A investiga\u00e7\u00e3o aprofundada revelou que a menina de 9 anos relatou os abusos do padrasto como \u201ctoques\u201d, atos que, de acordo com seu testemunho, vinham se repetindo. Esses relatos foram cruciais para a ativa\u00e7\u00e3o de medidas policiais e a continuidade das investiga\u00e7\u00f5es. Ainda que os detalhes dos exames periciais n\u00e3o tenham sido totalmente divulgados, o delegado Barbosa destacou a relev\u00e2ncia do relato da crian\u00e7a como parte central das apura\u00e7\u00f5es.\n<\/p>\n<p>Quest\u00f5es Legais e Prote\u00e7\u00e3o Infantil<br \/>Essa situa\u00e7\u00e3o desperta aten\u00e7\u00e3o para a import\u00e2ncia de mecanismos legais e sociais de prote\u00e7\u00e3o infantil. Casos como esse evidenciam a necessidade de uma resposta r\u00e1pida e eficaz das autoridades, n\u00e3o s\u00f3 para garantir a seguran\u00e7a das crian\u00e7as envolvidas, mas tamb\u00e9m para promover a responsabiliza\u00e7\u00e3o dos agressores. A atua\u00e7\u00e3o do Conselho Tutelar e a interven\u00e7\u00e3o judicial s\u00e3o componentes essenciais nesse contexto.\n<\/p>\n<p>Desdobramentos Futuros<br \/>Espera-se que, com o andamento das investiga\u00e7\u00f5es e o julgamento adequado, as crian\u00e7as recebam o suporte necess\u00e1rio para superar esse trauma. O caso segue em investiga\u00e7\u00e3o e busca resolver tanto a situa\u00e7\u00e3o imediata das v\u00edtimas quanto impedir a repeti\u00e7\u00e3o de tais eventos no futuro. A comunidade local e as institui\u00e7\u00f5es de prote\u00e7\u00e3o \u00e0 crian\u00e7a estar\u00e3o sob vigil\u00e2ncia para assegurar que medidas adequadas sejam tomadas em apoio \u00e0s v\u00edtimas e na preven\u00e7\u00e3o de novos casos.<\/p>\n<p>Fonte: O antagonista              <\/p>\n<\/div>\n<p><br \/>\n<br \/><a href=\"https:\/\/diariodobrasilnoticias.com.br\/noticia\/crianca-e-expulsa-de-casa-por-denunciar-abuso-do-padrasto-676eb86409304\">Source link <\/a><\/p>","protected":false},"excerpt":{"rendered":"<p>Em um epis\u00f3dio alarmante de abuso e neglig\u00eancia, a cidade de Caldas Novas, localizada na regi\u00e3o sul de Goi\u00e1s, testemunhou um caso perturbador envolvendo uma crian\u00e7a de apenas 9 anos.&hellip;<\/p>","protected":false},"author":1,"featured_media":83494,"comment_status":"closed","ping_status":"open","sticky":false,"template":"","format":"standard","meta":{"content-type":"","footnotes":""},"categories":[16],"tags":[123,2448,5313,1267],"class_list":["post-83493","post","type-post","status-publish","format-standard","has-post-thumbnail","hentry","category-noticias","tag-brasil","tag-diario","tag-noticia","tag-noticias"],"_links":{"self":[{"href":"https:\/\/tvbrazilusa.com\/pt\/wp-json\/wp\/v2\/posts\/83493","targetHints":{"allow":["GET"]}}],"collection":[{"href":"https:\/\/tvbrazilusa.com\/pt\/wp-json\/wp\/v2\/posts"}],"about":[{"href":"https:\/\/tvbrazilusa.com\/pt\/wp-json\/wp\/v2\/types\/post"}],"author":[{"embeddable":true,"href":"https:\/\/tvbrazilusa.com\/pt\/wp-json\/wp\/v2\/users\/1"}],"replies":[{"embeddable":true,"href":"https:\/\/tvbrazilusa.com\/pt\/wp-json\/wp\/v2\/comments?post=83493"}],"version-history":[{"count":1,"href":"https:\/\/tvbrazilusa.com\/pt\/wp-json\/wp\/v2\/posts\/83493\/revisions"}],"predecessor-version":[{"id":83495,"href":"https:\/\/tvbrazilusa.com\/pt\/wp-json\/wp\/v2\/posts\/83493\/revisions\/83495"}],"wp:featuredmedia":[{"embeddable":true,"href":"https:\/\/tvbrazilusa.com\/pt\/wp-json\/wp\/v2\/media\/83494"}],"wp:attachment":[{"href":"https:\/\/tvbrazilusa.com\/pt\/wp-json\/wp\/v2\/media?parent=83493"}],"wp:term":[{"taxonomy":"category","embeddable":true,"href":"https:\/\/tvbrazilusa.com\/pt\/wp-json\/wp\/v2\/categories?post=83493"},{"taxonomy":"post_tag","embeddable":true,"href":"https:\/\/tvbrazilusa.com\/pt\/wp-json\/wp\/v2\/tags?post=83493"}],"curies":[{"name":"wp","href":"https:\/\/api.w.org\/{rel}","templated":true}]}}