{"id":83499,"date":"2024-12-27T17:11:12","date_gmt":"2024-12-27T17:11:12","guid":{"rendered":"https:\/\/tvbrazilusa.com\/2024\/12\/27\/o-numero-de-sem-abrigo-nos-eua-aumentou-18-uma-vez-que-a-habitacao-acessivel-continua-fora-do-alcance-de-muitas-pessoas\/"},"modified":"2024-12-27T17:18:19","modified_gmt":"2024-12-27T17:18:19","slug":"o-numero-de-sem-abrigo-nos-eua-aumentou-18-uma-vez-que-a-habitacao-acessivel-continua-fora-do-alcance-de-muitas-pessoas","status":"publish","type":"post","link":"https:\/\/tvbrazilusa.com\/pt\/2024\/12\/27\/o-numero-de-sem-abrigo-nos-eua-aumentou-18-uma-vez-que-a-habitacao-acessivel-continua-fora-do-alcance-de-muitas-pessoas\/","title":{"rendered":"O n\u00famero de sem-abrigo nos EUA aumentou 18%, uma vez que a habita\u00e7\u00e3o acess\u00edvel continua fora do alcance de muitas pessoas"},"content":{"rendered":"<p> <script async src=\"https:\/\/pagead2.googlesyndication.com\/pagead\/js\/adsbygoogle.js?client=ca-pub-8864793242727901\"\r\n     crossorigin=\"anonymous\"><\/script><br \/>\n<\/p>\n<div id=\"\">\n<header class=\"m-article-header m-article-header--standard\">\n\t\t\t\t\t\t\t\t\t\t\t\t<span id=\"article-header-primary-term\"><br \/>\n\t\t\t\t\t\t\t\t<a class=\"a-term a-term--primary\" href=\"https:\/\/www.boston.com\/tag\/national-news\/\"><\/p>\n<p>\t\t\t\t\t\t\t\tNot\u00edcias Nacionais\t\t\t\t\t\t\t\t<\/a><br \/>\n\t\t\t\t\t\t\t<\/span><\/p>\n<h2 class=\"m-article-header__sub-headline\">A Calif\u00f3rnia continuou a ter a maior popula\u00e7\u00e3o de sem-abrigo do pa\u00eds, seguida por Nova Iorque, Washington, Florida e Massachusetts.<\/h2>\n<figure class=\"a-photo m-article-header__photo\"><figcaption class=\"a-photo__caption\">\n<p>\tUm homem passa por um acampamento de moradores de rua no centro de Los Angeles, quarta-feira, 25 de outubro de 2023. <em> Foto AP\/Jae C. Hong, Arquivo<\/em>\t<\/figcaption><\/figure>\n<div class=\"m-article-header__meta\">\n<div class=\"m-article-header__byline\">\n<p class=\"m-article-header__author\">\n<p>\t\t\t\t\t\t\t\tPor MICHAEL CASEY, Associated Press\t\t\t\t\t\t\t<\/p>\n<p>\t\t\t\t\t\t\t\t\t\t\t\t\t\t\t<time class=\"m-article-header__date\"><\/p>\n<p>\t\t\t\t\t\t\t\t\t27 de dezembro de 2024 | 12h11\t\t\t\t\t\t\t\t<\/time><\/p>\n<p><span>3 minutos para ler<\/span><\/p>\n<\/p><\/div>\n<\/p><\/div>\n<\/header>\n<p>Os Estados Unidos registaram um aumento de 18,1% no n\u00famero de sem-abrigo este ano, um aumento dram\u00e1tico impulsionado principalmente pela falta de habita\u00e7\u00e3o a pre\u00e7os acess\u00edveis, bem como por desastres naturais devastadores e um aumento de migrantes em v\u00e1rias partes do pa\u00eds, disseram autoridades federais na sexta-feira.<\/p>\n<p>O Departamento de Habita\u00e7\u00e3o e Desenvolvimento Urbano dos EUA disse que as contagens exigidas pelo governo federal, feitas em todo o pa\u00eds em janeiro, revelaram que mais de 770 mil pessoas foram contadas como desabrigadas \u2013 um n\u00famero que n\u00e3o inclui algumas pessoas e n\u00e3o inclui aqueles que ficam com amigos ou familiares porque n\u00e3o t\u00eam um lugar pr\u00f3prio.<\/p>\n<p>Esse aumento se soma a um aumento de 12% em 2023, que o HUD atribuiu ao aumento dos alugu\u00e9is e ao fim da assist\u00eancia pand\u00eamica. O aumento de 2023 tamb\u00e9m foi impulsionado por pessoas que ficaram sem-abrigo pela primeira vez. Os n\u00fameros globais representam 23 em cada 10.000 pessoas nos EUA, com os negros sobrerrepresentados entre a popula\u00e7\u00e3o sem-abrigo.<\/p>\n<p>\u201cNenhum americano deveria enfrentar a falta de moradia, e a administra\u00e7\u00e3o Biden-Harris est\u00e1 empenhada em garantir que todas as fam\u00edlias tenham acesso \u00e0 moradia acess\u00edvel, segura e de qualidade que merecem\u201d, disse a chefe da ag\u00eancia HUD, Adrianne Todman, em um comunicado, acrescentando que o foco deve permanecer em \u201cesfor\u00e7os baseados em evid\u00eancias para prevenir e acabar com os sem-abrigo\u201d.<\/p>\n<p>Entre as tend\u00eancias mais preocupantes estava o aumento de quase 40% no n\u00famero de fam\u00edlias sem-abrigo \u2013 uma das \u00e1reas mais afetadas pela chegada de migrantes \u00e0s grandes cidades. O n\u00famero de sem-abrigo familiar mais do que duplicou em 13 comunidades afetadas por migrantes, incluindo Denver, Chicago e Nova Iorque, de acordo com o HUD, enquanto aumentou menos de 8% nas restantes 373 comunidades. Quase 150.000 crian\u00e7as ficaram sem abrigo numa \u00fanica noite em 2024, reflectindo um salto de 33% em rela\u00e7\u00e3o ao ano passado.<\/p>\n<p>Os desastres tamb\u00e9m desempenharam um papel no aumento da contagem, especialmente o catastr\u00f3fico inc\u00eandio florestal de Maui, no ano passado, o inc\u00eandio florestal mais mort\u00edfero nos EUA em mais de um s\u00e9culo. Mais de 5.200 pessoas estavam em abrigos de emerg\u00eancia no Hava\u00ed na noite da contagem.<\/p>\n<p>\u201cO aumento dos sem-abrigo \u00e9 a consequ\u00eancia tr\u00e1gica, mas previs\u00edvel, do subinvestimento nos recursos e prote\u00e7\u00f5es que ajudam as pessoas a encontrar e manter habita\u00e7\u00f5es seguras e acess\u00edveis\u201d, disse Renee Willis, futura CEO interina da National Low Income Housing Coalition, num comunicado. \u201cComo alertaram defensores, investigadores e pessoas com experi\u00eancia de vida, o n\u00famero de pessoas em situa\u00e7\u00e3o de sem-abrigo continua a aumentar \u00e0 medida que mais pessoas lutam para arcar com custos de habita\u00e7\u00e3o alt\u00edssimos.\u201d<\/p>\n<p>Os n\u00fameros tamb\u00e9m surgem num momento em que um n\u00famero crescente de comunidades est\u00e1 a adoptar uma linha dura contra os sem-abrigo.<\/p>\n<p>Irritadas com os acampamentos de tendas muitas vezes perigosos e sujos, as comunidades \u2013 especialmente nos estados ocidentais \u2013 t\u00eam imposto a proibi\u00e7\u00e3o de acampar. Isso segue uma decis\u00e3o de 6-3 no ano passado da Suprema Corte que concluiu que a proibi\u00e7\u00e3o de dormir ao ar livre n\u00e3o viola a Oitava Emenda. Os defensores dos sem-abrigo argumentaram que punir as pessoas que precisam de um lugar para dormir criminalizaria os sem-abrigo.<\/p>\n<p>Houve algumas not\u00edcias positivas na contagem, uma vez que o n\u00famero de sem-abrigo entre os veteranos continuou a registar uma tend\u00eancia decrescente. O n\u00famero de sem-abrigo entre os veteranos caiu 8%, para 32.882 em 2024. Foi uma diminui\u00e7\u00e3o ainda maior para os veteranos desabrigados, diminuindo 11%, para 13.851 em 2024.<\/p>\n<p>\u201cA redu\u00e7\u00e3o do n\u00famero de veteranos sem-abrigo oferece-nos um roteiro claro para abordar o problema dos sem-abrigo numa escala maior\u201d, disse Ann Oliva, CEO da Alian\u00e7a Nacional para Acabar com o Sem-Abrigo, num comunicado. \u201cCom apoio bipartid\u00e1rio, financiamento adequado e solu\u00e7\u00f5es pol\u00edticas inteligentes, podemos replicar este sucesso e reduzir o n\u00famero de sem-abrigo em todo o pa\u00eds. Os investimentos federais s\u00e3o essenciais para enfrentar a crise de acessibilidade habitacional do pa\u00eds e garantir que todos os americanos tenham acesso a uma habita\u00e7\u00e3o segura e est\u00e1vel.\u201d<\/p>\n<p>V\u00e1rias grandes cidades tiveram sucesso na redu\u00e7\u00e3o do n\u00famero de desabrigados. Dallas, que trabalhou para reformular seu sistema de moradores de rua, viu uma queda de 16% em seus n\u00fameros entre 2022 e 2024. Los Angeles, que aumentou o n\u00famero de moradias para os sem-teto, viu uma queda de 5% no n\u00famero de moradores de rua sem abrigo desde 2023. Calif\u00f3rnia, a mais populosa estado nos EUA, continuou a ter a maior popula\u00e7\u00e3o de sem-abrigo do pa\u00eds, seguido por Nova Iorque, Washington, Florida e Massachusetts.<\/p>\n<p>O aumento acentuado da popula\u00e7\u00e3o sem-abrigo nos \u00faltimos dois anos contrasta com o sucesso que os EUA t\u00eam tido h\u00e1 mais de uma d\u00e9cada.<\/p>\n<p>Voltando ao primeiro inqu\u00e9rito de 2007, os EUA registaram progressos constantes durante cerca de uma d\u00e9cada na redu\u00e7\u00e3o da popula\u00e7\u00e3o sem-abrigo, \u00e0 medida que o governo se concentrava particularmente no aumento dos investimentos para conseguir alojamento para os veteranos. O n\u00famero de pessoas sem-abrigo caiu de cerca de 637 mil em 2010 para cerca de 554 mil em 2017.<\/p>\n<p>Os n\u00fameros subiram para cerca de 580.000 na contagem de 2020 e mantiveram-se relativamente est\u00e1veis \u200b\u200bao longo dos dois anos seguintes, \u00e0 medida que o Congresso respondia \u00e0 pandemia da COVID-19 com assist\u00eancia emergencial ao aluguer, pagamentos de est\u00edmulo, ajuda aos governos estaduais e locais e uma morat\u00f3ria tempor\u00e1ria de despejo.<\/p>\n<div class=\"m-block m-generic-cta\t m-generic-cta--post-content\t m-generic-cta--dark\t m-generic-cta--homepage\t m-generic-cta--email-signup\t\t m-generic-cta-block-style--default \tt-amp__generic-cta\"><\/p>\n<div class=\"m-generic-cta__wrap\">\n<div class=\"m-generic-cta__content\">\n<h3 class=\"m-generic-cta__title\">Alertas extras de not\u00edcias<\/h3>\n<p class=\"m-generic-cta__subtitle\">Receba as \u00faltimas atualiza\u00e7\u00f5es conforme elas acontecem.<\/p>\n<\/p><\/div>\n<\/p><\/div>\n<\/div><\/div>\n<p><script>\n\t\tvar consent=\"grant\";\n\t\t\/* The above code is parsing the JSON data from the local storage and storing it in a variable. *\/\n\t\t\t\t\tconst onetrustStorageConsent = JSON.parse(localStorage.getItem( 'consent_one_trust_bdc' ) );\n\t\t\tif ( ( onetrustStorageConsent !== null ) ) {\n\t\t\t\t\/* Checking to see if the user has consented to the use of cookies.\n\t\t\t\t* If they have not, it is deleting the cookie.\n\t\t\t\t* This will comment for now, until further notice.\n\t\t\t\t*\/\n\t\t\t\t\/\/if ( onetrustStorageConsent.C0002 === false ) {\n\t\t\t\t\/\/\tdocument.cookie=\"_fbp=;expires=Thu, 01 Jan 2010 00:00:00 UTC; path=\/; domain=.boston.com\";\n\t\t\t\t\/\/}\n\t\t\t\t\/* Checking if the user has given consent for the cookie C0002.\n\t\t\t\t* If the user has given consent, the variable consent will be set to 'grant'.\n\t\t\t\t* If the user has not given consent,the variable consent will be set to 'revoke'.\n\t\t\t\t* Documentation https:\/\/developers.facebook.com\/docs\/meta-pixel\/implementation\/gdpr\n\t\t\t\t*\/\n\t\t\t\tif ( onetrustStorageConsent.C0002 !== true ) {\n\t\t\t\t\tconsent=\"revoke\";\n\t\t\t\t}\n\t\t\t}\n\t\t\t\t!function(f,b,e,v,n,t,s)\n\t\t{if(f.fbq)return;n=f.fbq=function(){n.callMethod?\n\t\tn.callMethod.apply(n,arguments):n.queue.push(arguments)};\n\t\tif(!f._fbq)f._fbq=n;n.push=n;n.loaded=!0;n.version='2.0';\n\t\tn.queue=[];t=b.createElement(e);t.async=!0;\n\t\tt.src=v;s=b.getElementsByTagName(e)[0];\n\t\ts.parentNode.insertBefore(t,s)}(window, document,'script',\n\t\t'https:\/\/connect.facebook.net\/en_US\/fbevents.js');\n\t\tfbq('consent', consent);\n\t\tfbq('init', '989222871864976');\n\t\tfbq('track', 'PageView');\n\t<\/script><script type=\"module\">\n\t\tvar consent=\"grant\";\n\t\t\/* The above code is parsing the JSON data from the local storage and storing it in a variable. *\/\n\t\t\tconst onetrustStorageConsent = JSON.parse(localStorage.getItem( 'consent_one_trust_bdc' ) );\n\t\t\t\/* Checking to see if the user has consented to the use of cookies.\n\t\t\t* If they have not, it is deleting the cookie.\n\t\t\t* This will comment for now, until further notice.\n\t\t\t*\/\n\t\t\t\/\/if ( onetrustStorageConsent.C0002 === false ) {\n\t\t\t\/\/\tdocument.cookie=\"_fbp=;expires=Thu, 01 Jan 2010 00:00:00 UTC; path=\/; domain=.boston.com\";\n\t\t\t\/\/}\n\t\t\t\/* Checking if the user has given consent for the cookie C0002.\n\t\t\t* If the user has given consent, the variable consent will be set to 'grant'.\n\t\t\t* If the user has not given consent,the variable consent will be set to 'revoke'.\n\t\t\t* Documentation https:\/\/developers.facebook.com\/docs\/meta-pixel\/implementation\/gdpr\n\t\t\t*\/\n\t\t\tif ( ( onetrustStorageConsent !== null ) && (onetrustStorageConsent.C0002 !== true ) ) {\n\t\t\t\tconsent=\"revoke\";\n\t\t\t}\n\t\t\t\t!function(f,b,e,v,n,t,s){if(f.fbq)return;n=f.fbq=function()\n\t\t{n.callMethod? n.callMethod.apply(n,arguments):n.queue.push(arguments)}\n\t\t;if(!f._fbq)f._fbq=n;\n\t\tn.push=n;n.loaded=!0;n.version='2.0';n.queue=[];t=b.createElement(e);t.async=!0;\n\t\tt.src=v;s=b.getElementsByTagName(e)[0];s.parentNode.insertBefore(t,s)}(window,\n\t\tdocument,'script','https:\/\/connect.facebook.net\/en_US\/fbevents.js');\n\t\tfbq('consent', consent);\n\t\tfbq('init', '813236348753005');\n\t\tfbq('track', \"PageView\");\n\t<\/script><br \/>\n<br \/><br \/>\n<br \/><a href=\"https:\/\/www.boston.com\/news\/national-news\/2024\/12\/27\/u-s-homelessness-affordable-housing-out-of-reach-california-massachusetts\/\">Source link <\/a><\/p>","protected":false},"excerpt":{"rendered":"<p>Not\u00edcias Nacionais A Calif\u00f3rnia continuou a ter a maior popula\u00e7\u00e3o de sem-abrigo do pa\u00eds, seguida por Nova Iorque, Washington, Florida e Massachusetts. Um homem passa por um acampamento de moradores&hellip;<\/p>","protected":false},"author":1,"featured_media":83500,"comment_status":"closed","ping_status":"open","sticky":false,"template":"","format":"standard","meta":{"content-type":"","footnotes":""},"categories":[1],"tags":[],"class_list":["post-83499","post","type-post","status-publish","format-standard","has-post-thumbnail","hentry","category-uncategorized"],"_links":{"self":[{"href":"https:\/\/tvbrazilusa.com\/pt\/wp-json\/wp\/v2\/posts\/83499","targetHints":{"allow":["GET"]}}],"collection":[{"href":"https:\/\/tvbrazilusa.com\/pt\/wp-json\/wp\/v2\/posts"}],"about":[{"href":"https:\/\/tvbrazilusa.com\/pt\/wp-json\/wp\/v2\/types\/post"}],"author":[{"embeddable":true,"href":"https:\/\/tvbrazilusa.com\/pt\/wp-json\/wp\/v2\/users\/1"}],"replies":[{"embeddable":true,"href":"https:\/\/tvbrazilusa.com\/pt\/wp-json\/wp\/v2\/comments?post=83499"}],"version-history":[{"count":1,"href":"https:\/\/tvbrazilusa.com\/pt\/wp-json\/wp\/v2\/posts\/83499\/revisions"}],"predecessor-version":[{"id":83501,"href":"https:\/\/tvbrazilusa.com\/pt\/wp-json\/wp\/v2\/posts\/83499\/revisions\/83501"}],"wp:featuredmedia":[{"embeddable":true,"href":"https:\/\/tvbrazilusa.com\/pt\/wp-json\/wp\/v2\/media\/83500"}],"wp:attachment":[{"href":"https:\/\/tvbrazilusa.com\/pt\/wp-json\/wp\/v2\/media?parent=83499"}],"wp:term":[{"taxonomy":"category","embeddable":true,"href":"https:\/\/tvbrazilusa.com\/pt\/wp-json\/wp\/v2\/categories?post=83499"},{"taxonomy":"post_tag","embeddable":true,"href":"https:\/\/tvbrazilusa.com\/pt\/wp-json\/wp\/v2\/tags?post=83499"}],"curies":[{"name":"wp","href":"https:\/\/api.w.org\/{rel}","templated":true}]}}