{"id":8351,"date":"2024-07-15T18:00:00","date_gmt":"2024-07-15T18:00:00","guid":{"rendered":"https:\/\/tvbrazilusa.com\/2024\/07\/15\/warnock-apresenta-projeto-de-lei-provisorio-de-expansao-do-medicaid\/"},"modified":"2024-07-25T07:25:41","modified_gmt":"2024-07-25T07:25:41","slug":"warnock-apresenta-projeto-de-lei-provisorio-de-expansao-do-medicaid","status":"publish","type":"post","link":"https:\/\/tvbrazilusa.com\/pt\/2024\/07\/15\/warnock-apresenta-projeto-de-lei-provisorio-de-expansao-do-medicaid\/","title":{"rendered":"Warnock apresenta projeto de lei provis\u00f3rio de expans\u00e3o do Medicaid"},"content":{"rendered":"<p> <script async src=\"https:\/\/pagead2.googlesyndication.com\/pagead\/js\/adsbygoogle.js?client=ca-pub-8864793242727901\"\r\n     crossorigin=\"anonymous\"><\/script><br \/>\n<br \/>ATLANTA \u2013 Os georgianos com rendas altas demais para se qualificarem para o Medicaid, mas n\u00e3o o suficiente para pagar um seguro de sa\u00fade privado, receberiam subs\u00eddios federais tempor\u00e1rios sob a legisla\u00e7\u00e3o apresentada pelo senador dos EUA Raphael Warnock, D-Ga.<br \/>\n<br \/><br \/>\n<br \/><a href=\"https:\/\/www.henryherald.com\/news\/warnock-introduces-stopgap-medicaid-expansion-bill\/article_931b373f-4af7-5828-8a4d-73f1fbb653ed.html\">Source link <\/a><\/p>","protected":false},"excerpt":{"rendered":"<p>ATLANTA \u2013 Os georgianos com rendas altas demais para se qualificarem para o Medicaid, mas n\u00e3o o suficiente para pagar um seguro de sa\u00fade privado, receberiam subs\u00eddios federais tempor\u00e1rios sob&hellip;<\/p>","protected":false},"author":1,"featured_media":7776,"comment_status":"closed","ping_status":"open","sticky":false,"template":"","format":"standard","meta":{"content-type":"","footnotes":""},"categories":[1],"tags":[1267],"class_list":["post-8351","post","type-post","status-publish","format-standard","has-post-thumbnail","hentry","category-uncategorized","tag-noticias"],"_links":{"self":[{"href":"https:\/\/tvbrazilusa.com\/pt\/wp-json\/wp\/v2\/posts\/8351","targetHints":{"allow":["GET"]}}],"collection":[{"href":"https:\/\/tvbrazilusa.com\/pt\/wp-json\/wp\/v2\/posts"}],"about":[{"href":"https:\/\/tvbrazilusa.com\/pt\/wp-json\/wp\/v2\/types\/post"}],"author":[{"embeddable":true,"href":"https:\/\/tvbrazilusa.com\/pt\/wp-json\/wp\/v2\/users\/1"}],"replies":[{"embeddable":true,"href":"https:\/\/tvbrazilusa.com\/pt\/wp-json\/wp\/v2\/comments?post=8351"}],"version-history":[{"count":1,"href":"https:\/\/tvbrazilusa.com\/pt\/wp-json\/wp\/v2\/posts\/8351\/revisions"}],"predecessor-version":[{"id":8352,"href":"https:\/\/tvbrazilusa.com\/pt\/wp-json\/wp\/v2\/posts\/8351\/revisions\/8352"}],"wp:featuredmedia":[{"embeddable":true,"href":"https:\/\/tvbrazilusa.com\/pt\/wp-json\/wp\/v2\/media\/7776"}],"wp:attachment":[{"href":"https:\/\/tvbrazilusa.com\/pt\/wp-json\/wp\/v2\/media?parent=8351"}],"wp:term":[{"taxonomy":"category","embeddable":true,"href":"https:\/\/tvbrazilusa.com\/pt\/wp-json\/wp\/v2\/categories?post=8351"},{"taxonomy":"post_tag","embeddable":true,"href":"https:\/\/tvbrazilusa.com\/pt\/wp-json\/wp\/v2\/tags?post=8351"}],"curies":[{"name":"wp","href":"https:\/\/api.w.org\/{rel}","templated":true}]}}